{"id":29123,"date":"2021-04-17T13:58:31","date_gmt":"2021-04-17T13:58:31","guid":{"rendered":"https:\/\/blogsaverroes.juntadeandalucia.es\/eielreal\/?p=29123"},"modified":"2021-04-21T19:21:31","modified_gmt":"2021-04-21T19:21:31","slug":"leonardo-da-vinci","status":"publish","type":"post","link":"https:\/\/blogsaverroes.juntadeandalucia.es\/eielreal\/leonardo-da-vinci\/","title":{"rendered":"\u00a1\u00a1\u00a1LEONARDO DA VINCI!!!"},"content":{"rendered":"<p>Hola, muy buenas&#8230;.<\/p>\n<p>Estamos trabajando el proyecto de Leonardo&#8230;<\/p>\n<p>Comparto con vosotros\/as las actividades que estamos haciendo&#8230;<\/p>\n<p style=\"text-align: center\"><span style=\"text-decoration: underline\"><strong>PROYECTO LEONARDO DA VINCI<\/strong><\/span><\/p>\n<p>________________________________________________________________________<\/p>\n<p><span style=\"text-decoration: underline\"><strong>MOTIVACI\u00d3N<\/strong><\/span><\/p>\n<p style=\"text-align: center\"><strong>\u00a1ME HE PERDIDO!<\/strong><\/p>\n<p>El d\u00eda 6 de abril vino a clase la se\u00f1o Sara y nos trajo una carta que le hab\u00eda dejado el cartero para la clase de \u201cLOS PECES\u201d.<\/p>\n<p><a href=\"https:\/\/blogsaverroes.juntadeandalucia.es\/eielreal\/files\/2021\/04\/20210405_120051-scaled.jpg\"><img loading=\"lazy\" decoding=\"async\" class=\"aligncenter size-medium wp-image-29125\" src=\"https:\/\/blogsaverroes.juntadeandalucia.es\/eielreal\/files\/2021\/04\/20210405_120051-225x300.jpg\" alt=\"\" width=\"225\" height=\"300\" srcset=\"https:\/\/blogsaverroes.juntadeandalucia.es\/eielreal\/files\/2021\/04\/20210405_120051-225x300.jpg 225w, https:\/\/blogsaverroes.juntadeandalucia.es\/eielreal\/files\/2021\/04\/20210405_120051-768x1024.jpg 768w, https:\/\/blogsaverroes.juntadeandalucia.es\/eielreal\/files\/2021\/04\/20210405_120051-1152x1536.jpg 1152w, https:\/\/blogsaverroes.juntadeandalucia.es\/eielreal\/files\/2021\/04\/20210405_120051-1536x2048.jpg 1536w, https:\/\/blogsaverroes.juntadeandalucia.es\/eielreal\/files\/2021\/04\/20210405_120051-700x933.jpg 700w, https:\/\/blogsaverroes.juntadeandalucia.es\/eielreal\/files\/2021\/04\/20210405_120051-scaled.jpg 1200w\" sizes=\"(max-width: 225px) 100vw, 225px\" \/><\/a><\/p>\n<p>\u00a1Qu\u00e9 raro! Una carta para nosotros por qu\u00e9. Todos y todas est\u00e1bamos asombrados.<\/p>\n<p>Trabajamos y analizamos la carta.<\/p>\n<p>La abrimos y&#8230;<\/p>\n<p><a href=\"https:\/\/blogsaverroes.juntadeandalucia.es\/eielreal\/files\/2021\/04\/IMG-20210406-WA0010-1.jpg\"><img loading=\"lazy\" decoding=\"async\" class=\"aligncenter size-medium wp-image-29177\" src=\"https:\/\/blogsaverroes.juntadeandalucia.es\/eielreal\/files\/2021\/04\/IMG-20210406-WA0010-1-300x225.jpg\" alt=\"\" width=\"300\" height=\"225\" srcset=\"https:\/\/blogsaverroes.juntadeandalucia.es\/eielreal\/files\/2021\/04\/IMG-20210406-WA0010-1-300x225.jpg 300w, https:\/\/blogsaverroes.juntadeandalucia.es\/eielreal\/files\/2021\/04\/IMG-20210406-WA0010-1-1024x768.jpg 1024w, https:\/\/blogsaverroes.juntadeandalucia.es\/eielreal\/files\/2021\/04\/IMG-20210406-WA0010-1-768x576.jpg 768w, https:\/\/blogsaverroes.juntadeandalucia.es\/eielreal\/files\/2021\/04\/IMG-20210406-WA0010-1-1536x1152.jpg 1536w, https:\/\/blogsaverroes.juntadeandalucia.es\/eielreal\/files\/2021\/04\/IMG-20210406-WA0010-1-700x525.jpg 700w, https:\/\/blogsaverroes.juntadeandalucia.es\/eielreal\/files\/2021\/04\/IMG-20210406-WA0010-1.jpg 1600w\" sizes=\"(max-width: 300px) 100vw, 300px\" \/><\/a><\/p>\n<p>Surgieron muchas preguntas. Anotamos las <strong>ideas previas&#8230;<\/strong><\/p>\n<p>_________________________________________________________________________<\/p>\n<p><span style=\"text-decoration: underline\"><strong>IDEAS PREVIAS<\/strong><\/span><\/p>\n<ul>\n<li><em><strong>qu\u00e9 es un museo<\/strong><\/em><\/li>\n<\/ul>\n<p><em>\u00bb los huesos, f\u00f3siles est\u00e1n en un museo&#8230;\u00bb<\/em><\/p>\n<p><em>\u00bb parece una mujer&#8230;\u00bb<\/em><\/p>\n<p><em>\u00bb parece una estatua&#8230;\u00bb<\/em><\/p>\n<ul>\n<li><strong>qu\u00e9 es un cuadro<\/strong><\/li>\n<\/ul>\n<p><em>\u00bb los pintores los pintan&#8230;\u00bb\u00a0 \u00a0 (<\/em><strong>\u00bfpintores o pintoras?)<\/strong><\/p>\n<p>_________________________________________________________________________________<\/p>\n<p><span style=\"text-decoration: underline\"><strong>INVESTIGAMOS<\/strong><\/span><\/p>\n<p><strong>\u00bfD\u00f3nde podemos investigar?:<\/strong><\/p>\n<p><em>\u00bb en los chinos de la feria, en el ordenador, en los libros, en la biblioteca p\u00fablica&#8230;\u00bb<\/em><\/p>\n<p><strong>Investigamos en casa y, al d\u00eda siguiente, todos los ni\u00f1os y ni\u00f1as de la clase trajeron la informaci\u00f3n que les ped\u00edan.<\/strong><\/p>\n<p><a href=\"https:\/\/blogsaverroes.juntadeandalucia.es\/eielreal\/files\/2021\/04\/20210406_093124-1-scaled.jpg\"><img loading=\"lazy\" decoding=\"async\" class=\"aligncenter size-medium wp-image-29168\" src=\"https:\/\/blogsaverroes.juntadeandalucia.es\/eielreal\/files\/2021\/04\/20210406_093124-1-300x225.jpg\" alt=\"\" width=\"300\" height=\"225\" srcset=\"https:\/\/blogsaverroes.juntadeandalucia.es\/eielreal\/files\/2021\/04\/20210406_093124-1-300x225.jpg 300w, https:\/\/blogsaverroes.juntadeandalucia.es\/eielreal\/files\/2021\/04\/20210406_093124-1-1024x768.jpg 1024w, https:\/\/blogsaverroes.juntadeandalucia.es\/eielreal\/files\/2021\/04\/20210406_093124-1-768x576.jpg 768w, https:\/\/blogsaverroes.juntadeandalucia.es\/eielreal\/files\/2021\/04\/20210406_093124-1-1536x1152.jpg 1536w, https:\/\/blogsaverroes.juntadeandalucia.es\/eielreal\/files\/2021\/04\/20210406_093124-1-2048x1536.jpg 2048w, https:\/\/blogsaverroes.juntadeandalucia.es\/eielreal\/files\/2021\/04\/20210406_093124-1-700x525.jpg 700w, https:\/\/blogsaverroes.juntadeandalucia.es\/eielreal\/files\/2021\/04\/20210406_093124-1-scaled.jpg 1600w\" sizes=\"(max-width: 300px) 100vw, 300px\" \/><\/a><a href=\"https:\/\/blogsaverroes.juntadeandalucia.es\/eielreal\/files\/2021\/04\/20210406_093115-1-scaled.jpg\"><img loading=\"lazy\" decoding=\"async\" class=\"aligncenter size-medium wp-image-29169\" src=\"https:\/\/blogsaverroes.juntadeandalucia.es\/eielreal\/files\/2021\/04\/20210406_093115-1-300x225.jpg\" alt=\"\" width=\"300\" height=\"225\" srcset=\"https:\/\/blogsaverroes.juntadeandalucia.es\/eielreal\/files\/2021\/04\/20210406_093115-1-300x225.jpg 300w, https:\/\/blogsaverroes.juntadeandalucia.es\/eielreal\/files\/2021\/04\/20210406_093115-1-1024x768.jpg 1024w, https:\/\/blogsaverroes.juntadeandalucia.es\/eielreal\/files\/2021\/04\/20210406_093115-1-768x576.jpg 768w, https:\/\/blogsaverroes.juntadeandalucia.es\/eielreal\/files\/2021\/04\/20210406_093115-1-1536x1152.jpg 1536w, https:\/\/blogsaverroes.juntadeandalucia.es\/eielreal\/files\/2021\/04\/20210406_093115-1-2048x1536.jpg 2048w, https:\/\/blogsaverroes.juntadeandalucia.es\/eielreal\/files\/2021\/04\/20210406_093115-1-700x525.jpg 700w, https:\/\/blogsaverroes.juntadeandalucia.es\/eielreal\/files\/2021\/04\/20210406_093115-1-scaled.jpg 1600w\" sizes=\"(max-width: 300px) 100vw, 300px\" \/><\/a><\/p>\n<p style=\"text-align: center\"><span style=\"color: #0000ff\"><strong>\u00ab<\/strong><em>\u00a0 \u00a1\u00a1\u00a1 es la Gioconda !!! <\/em><strong>\u00a0\u00ab<\/strong><\/span><\/p>\n<p>Pero&#8230; \u00bfc\u00f3mo se lo podemos decir?<\/p>\n<p>Decidimos escribirle una carta.<\/p>\n<p style=\"text-align: justify\"><a href=\"https:\/\/blogsaverroes.juntadeandalucia.es\/eielreal\/files\/2021\/04\/IMG-20210406-WA0008-1.jpg\"><img loading=\"lazy\" decoding=\"async\" class=\"aligncenter size-medium wp-image-29176\" src=\"https:\/\/blogsaverroes.juntadeandalucia.es\/eielreal\/files\/2021\/04\/IMG-20210406-WA0008-1-300x225.jpg\" alt=\"\" width=\"300\" height=\"225\" srcset=\"https:\/\/blogsaverroes.juntadeandalucia.es\/eielreal\/files\/2021\/04\/IMG-20210406-WA0008-1-300x225.jpg 300w, https:\/\/blogsaverroes.juntadeandalucia.es\/eielreal\/files\/2021\/04\/IMG-20210406-WA0008-1-1024x768.jpg 1024w, https:\/\/blogsaverroes.juntadeandalucia.es\/eielreal\/files\/2021\/04\/IMG-20210406-WA0008-1-768x576.jpg 768w, https:\/\/blogsaverroes.juntadeandalucia.es\/eielreal\/files\/2021\/04\/IMG-20210406-WA0008-1-1536x1152.jpg 1536w, https:\/\/blogsaverroes.juntadeandalucia.es\/eielreal\/files\/2021\/04\/IMG-20210406-WA0008-1-700x525.jpg 700w, https:\/\/blogsaverroes.juntadeandalucia.es\/eielreal\/files\/2021\/04\/IMG-20210406-WA0008-1.jpg 1600w\" sizes=\"(max-width: 300px) 100vw, 300px\" \/><\/a><\/p>\n<p><strong>\u00a0<\/strong><strong>Pero&#8230;\u00bfQui\u00e9n es Leonardo da Vinci?. \u00bfAlgunos o algunas lo conoc\u00e9is?<\/strong><\/p>\n<p>Escribimos en nuestro mural los conocimientos previos sobre Leonardo da Vinci.<\/p>\n<p><strong>\u00bfQu\u00e9 sabemos sobre Leonardo da Vinci?\u00a0<\/strong><\/p>\n<p><strong>\u00bfQu\u00e9 queremos saber?<\/strong><strong>\u00a0<\/strong><\/p>\n<p>Tenemos que investigar, ser superdetectives, as\u00ed que&#8230; vamos a pedir ayuda a los pap\u00e1s y mam\u00e1s. Realizamos la carta a las familias para la b\u00fasqueda de informaci\u00f3n.<\/p>\n<p><a href=\"https:\/\/blogsaverroes.juntadeandalucia.es\/eielreal\/files\/2021\/04\/20210415_114852-scaled-e1618606005341.jpg\"><br \/>\n<img loading=\"lazy\" decoding=\"async\" class=\"aligncenter size-medium wp-image-29170\" src=\"https:\/\/blogsaverroes.juntadeandalucia.es\/eielreal\/files\/2021\/04\/20210415_114852-scaled-e1618606005341-300x225.jpg\" alt=\"\" width=\"300\" height=\"225\" srcset=\"https:\/\/blogsaverroes.juntadeandalucia.es\/eielreal\/files\/2021\/04\/20210415_114852-scaled-e1618606005341-300x225.jpg 300w, https:\/\/blogsaverroes.juntadeandalucia.es\/eielreal\/files\/2021\/04\/20210415_114852-scaled-e1618606005341-1024x768.jpg 1024w, https:\/\/blogsaverroes.juntadeandalucia.es\/eielreal\/files\/2021\/04\/20210415_114852-scaled-e1618606005341-768x576.jpg 768w, https:\/\/blogsaverroes.juntadeandalucia.es\/eielreal\/files\/2021\/04\/20210415_114852-scaled-e1618606005341-1536x1152.jpg 1536w, https:\/\/blogsaverroes.juntadeandalucia.es\/eielreal\/files\/2021\/04\/20210415_114852-scaled-e1618606005341-700x525.jpg 700w, https:\/\/blogsaverroes.juntadeandalucia.es\/eielreal\/files\/2021\/04\/20210415_114852-scaled-e1618606005341.jpg 1600w\" sizes=\"(max-width: 300px) 100vw, 300px\" \/><\/a><\/p>\n<p>__________________________________________________________________________<\/p>\n<p><a href=\"https:\/\/blogsaverroes.juntadeandalucia.es\/eielreal\/files\/2021\/04\/20210415_114852-scaled-e1618606005341.jpg\"><span style=\"text-decoration: underline\"><strong>EXPONEMOS<\/strong><\/span><\/a><\/p>\n<p>Empezamos a exponer en clase lo investigado.<\/p>\n<p><a href=\"https:\/\/blogsaverroes.juntadeandalucia.es\/eielreal\/files\/2021\/04\/IMG-20210415-WA0026.jpg\"><img loading=\"lazy\" decoding=\"async\" class=\"aligncenter size-medium wp-image-29171\" src=\"https:\/\/blogsaverroes.juntadeandalucia.es\/eielreal\/files\/2021\/04\/IMG-20210415-WA0026-225x300.jpg\" alt=\"\" width=\"225\" height=\"300\" srcset=\"https:\/\/blogsaverroes.juntadeandalucia.es\/eielreal\/files\/2021\/04\/IMG-20210415-WA0026-225x300.jpg 225w, https:\/\/blogsaverroes.juntadeandalucia.es\/eielreal\/files\/2021\/04\/IMG-20210415-WA0026-768x1024.jpg 768w, https:\/\/blogsaverroes.juntadeandalucia.es\/eielreal\/files\/2021\/04\/IMG-20210415-WA0026-1152x1536.jpg 1152w, https:\/\/blogsaverroes.juntadeandalucia.es\/eielreal\/files\/2021\/04\/IMG-20210415-WA0026-700x933.jpg 700w, https:\/\/blogsaverroes.juntadeandalucia.es\/eielreal\/files\/2021\/04\/IMG-20210415-WA0026.jpg 1200w\" sizes=\"(max-width: 225px) 100vw, 225px\" \/><\/a><a href=\"https:\/\/blogsaverroes.juntadeandalucia.es\/eielreal\/files\/2021\/04\/IMG-20210415-WA0025.jpg\"><img loading=\"lazy\" decoding=\"async\" class=\"aligncenter size-medium wp-image-29174\" src=\"https:\/\/blogsaverroes.juntadeandalucia.es\/eielreal\/files\/2021\/04\/IMG-20210415-WA0025-300x225.jpg\" alt=\"\" width=\"300\" height=\"225\" srcset=\"https:\/\/blogsaverroes.juntadeandalucia.es\/eielreal\/files\/2021\/04\/IMG-20210415-WA0025-300x225.jpg 300w, https:\/\/blogsaverroes.juntadeandalucia.es\/eielreal\/files\/2021\/04\/IMG-20210415-WA0025-1024x768.jpg 1024w, https:\/\/blogsaverroes.juntadeandalucia.es\/eielreal\/files\/2021\/04\/IMG-20210415-WA0025-768x576.jpg 768w, https:\/\/blogsaverroes.juntadeandalucia.es\/eielreal\/files\/2021\/04\/IMG-20210415-WA0025-1536x1152.jpg 1536w, https:\/\/blogsaverroes.juntadeandalucia.es\/eielreal\/files\/2021\/04\/IMG-20210415-WA0025-700x525.jpg 700w, https:\/\/blogsaverroes.juntadeandalucia.es\/eielreal\/files\/2021\/04\/IMG-20210415-WA0025.jpg 1600w\" sizes=\"(max-width: 300px) 100vw, 300px\" \/><\/a><a href=\"https:\/\/blogsaverroes.juntadeandalucia.es\/eielreal\/files\/2021\/04\/20210414_101355-1-scaled.jpg\"><img loading=\"lazy\" decoding=\"async\" class=\"aligncenter size-medium wp-image-29175\" src=\"https:\/\/blogsaverroes.juntadeandalucia.es\/eielreal\/files\/2021\/04\/20210414_101355-1-225x300.jpg\" alt=\"\" width=\"225\" height=\"300\" srcset=\"https:\/\/blogsaverroes.juntadeandalucia.es\/eielreal\/files\/2021\/04\/20210414_101355-1-225x300.jpg 225w, https:\/\/blogsaverroes.juntadeandalucia.es\/eielreal\/files\/2021\/04\/20210414_101355-1-768x1024.jpg 768w, https:\/\/blogsaverroes.juntadeandalucia.es\/eielreal\/files\/2021\/04\/20210414_101355-1-1152x1536.jpg 1152w, https:\/\/blogsaverroes.juntadeandalucia.es\/eielreal\/files\/2021\/04\/20210414_101355-1-1536x2048.jpg 1536w, https:\/\/blogsaverroes.juntadeandalucia.es\/eielreal\/files\/2021\/04\/20210414_101355-1-700x933.jpg 700w, https:\/\/blogsaverroes.juntadeandalucia.es\/eielreal\/files\/2021\/04\/20210414_101355-1-scaled.jpg 1200w\" sizes=\"(max-width: 225px) 100vw, 225px\" \/><\/a><\/p>\n<p style=\"text-align: center\"><strong>Gracias familias por vuestra colaboraci\u00f3n.<\/strong><\/p>\n<p style=\"text-align: center\"><strong>\u00a1HASTA PRONTO!<\/strong><\/p>\n<p style=\"text-align: center\">Isabel Fern\u00e1ndez Ram\u00edrez<\/p>\n","protected":false},"excerpt":{"rendered":"<p>Hola, muy buenas&#8230;. Estamos trabajando el proyecto de Leonardo&#8230; Comparto con vosotros\/as las actividades que estamos haciendo&#8230; PROYECTO LEONARDO DA VINCI ________________________________________________________________________ MOTIVACI\u00d3N \u00a1ME HE PERDIDO! El d\u00eda 6 de abril vino a clase&#46;&#46;&#46;<\/p>\n","protected":false},"author":3183,"featured_media":29127,"comment_status":"open","ping_status":"open","sticky":false,"template":"","format":"standard","meta":{"ngg_post_thumbnail":0,"footnotes":""},"categories":[1740551,11909],"tags":[],"aioseo_notices":[],"_links":{"self":[{"href":"https:\/\/blogsaverroes.juntadeandalucia.es\/eielreal\/wp-json\/wp\/v2\/posts\/29123"}],"collection":[{"href":"https:\/\/blogsaverroes.juntadeandalucia.es\/eielreal\/wp-json\/wp\/v2\/posts"}],"about":[{"href":"https:\/\/blogsaverroes.juntadeandalucia.es\/eielreal\/wp-json\/wp\/v2\/types\/post"}],"author":[{"embeddable":true,"href":"https:\/\/blogsaverroes.juntadeandalucia.es\/eielreal\/wp-json\/wp\/v2\/users\/3183"}],"replies":[{"embeddable":true,"href":"https:\/\/blogsaverroes.juntadeandalucia.es\/eielreal\/wp-json\/wp\/v2\/comments?post=29123"}],"version-history":[{"count":11,"href":"https:\/\/blogsaverroes.juntadeandalucia.es\/eielreal\/wp-json\/wp\/v2\/posts\/29123\/revisions"}],"predecessor-version":[{"id":29249,"href":"https:\/\/blogsaverroes.juntadeandalucia.es\/eielreal\/wp-json\/wp\/v2\/posts\/29123\/revisions\/29249"}],"wp:featuredmedia":[{"embeddable":true,"href":"https:\/\/blogsaverroes.juntadeandalucia.es\/eielreal\/wp-json\/wp\/v2\/media\/29127"}],"wp:attachment":[{"href":"https:\/\/blogsaverroes.juntadeandalucia.es\/eielreal\/wp-json\/wp\/v2\/media?parent=29123"}],"wp:term":[{"taxonomy":"category","embeddable":true,"href":"https:\/\/blogsaverroes.juntadeandalucia.es\/eielreal\/wp-json\/wp\/v2\/categories?post=29123"},{"taxonomy":"post_tag","embeddable":true,"href":"https:\/\/blogsaverroes.juntadeandalucia.es\/eielreal\/wp-json\/wp\/v2\/tags?post=29123"}],"curies":[{"name":"wp","href":"https:\/\/api.w.org\/{rel}","templated":true}]}}