{"id":29247,"date":"2021-04-24T15:49:29","date_gmt":"2021-04-24T15:49:29","guid":{"rendered":"https:\/\/blogsaverroes.juntadeandalucia.es\/eielreal\/?p=29247"},"modified":"2021-04-24T16:18:05","modified_gmt":"2021-04-24T16:18:05","slug":"las-hormigas-visitan-al-alumnado-de-3-anos-2a-parte-3a-aula-1","status":"publish","type":"post","link":"https:\/\/blogsaverroes.juntadeandalucia.es\/eielreal\/las-hormigas-visitan-al-alumnado-de-3-anos-2a-parte-3a-aula-1\/","title":{"rendered":"LAS HORMIGAS VISITAN AL ALUMNADO DE 3 A\u00d1OS 2\u00aa PARTE. 3A. AULA 1"},"content":{"rendered":"<p>Como os cont\u00f3 nuestra se\u00f1o Inma, durante el tercer trimestre los ni\u00f1os\/as de 3 a\u00f1itos van a investigar, observar, aprender y conocer el mundo de los insectos concretamente el de las \u00abLAS HORMIGAS\u00bb, un mundo apasionante para tod@s.<\/p>\n<p>Todo comenz\u00f3 con la carta que recibimos en modo de presentaci\u00f3n, luego lleg\u00f3 a nuestra clase una amiguita de nuestra mascota, una hormiga, a la cual entre todos\/as le pusimos Milika y con la llegada de nuestros amigos los gusanos. Posteriormente creamos\u00a0 nuestro rinc\u00f3n de la naturaleza , en el cual cuidamos a nuestros amigos que vienen a visitarnos a clase y a nuestras plantas.<\/p>\n<p>Son muchas las actividades que estamos realizando con el centro de inter\u00e9s de LAS HORMIGAS, aunque no podemos olvidar que en Educaci\u00f3n Infantil de forma globalizada, de ah\u00ed que aunque nuestro proyecto aparezca claramente ubicado en el \u00e1rea del medio f\u00edsico y social , se aborden as\u00ed mismo objetivos de las otras dos \u00e1reas de esta etapa,\u00a0 que nos permitir\u00e1n conseguir los objetivos\u00a0 que nos planteamos, ofreci\u00e9ndoles a los ni\u00f1os\/as unos aprendizajes que les motivar\u00e1n durante todo el trimestre y le ayudar\u00e1n a desarrollar el pensamiento cient\u00edfico.<\/p>\n<p>Estas son algunas de las im\u00e1genes que reflejan las actividades trabajadas hasta ahora:<\/p>\n<p><span style=\"color: #008000\"><em><strong><span style=\"color: #008000\">1.- RINC\u00d3N DE LA NATURALEZA<\/span>.<\/strong><\/em>\u00a0<\/span><\/p>\n<p>El cual tiene no s\u00f3lo a nuestra mascota y a su amiga Milika, tambi\u00e9n los gusanos y algunas plantas que tenemos que cuidar y limpiar. (Gracias a la se\u00f1o Inma y Maribel por su dedicaci\u00f3n).<\/p>\n<p><a href=\"https:\/\/blogsaverroes.juntadeandalucia.es\/eielreal\/files\/2021\/04\/1619274156323-scaled.jpg\"><img loading=\"lazy\" decoding=\"async\" class=\"size-medium wp-image-29271 alignnone\" src=\"https:\/\/blogsaverroes.juntadeandalucia.es\/eielreal\/files\/2021\/04\/1619274156323-300x225.jpg\" alt=\"\" width=\"300\" height=\"225\" srcset=\"https:\/\/blogsaverroes.juntadeandalucia.es\/eielreal\/files\/2021\/04\/1619274156323-300x225.jpg 300w, https:\/\/blogsaverroes.juntadeandalucia.es\/eielreal\/files\/2021\/04\/1619274156323-1024x769.jpg 1024w, https:\/\/blogsaverroes.juntadeandalucia.es\/eielreal\/files\/2021\/04\/1619274156323-768x577.jpg 768w, https:\/\/blogsaverroes.juntadeandalucia.es\/eielreal\/files\/2021\/04\/1619274156323-1536x1153.jpg 1536w, https:\/\/blogsaverroes.juntadeandalucia.es\/eielreal\/files\/2021\/04\/1619274156323-2048x1538.jpg 2048w, https:\/\/blogsaverroes.juntadeandalucia.es\/eielreal\/files\/2021\/04\/1619274156323-700x526.jpg 700w, https:\/\/blogsaverroes.juntadeandalucia.es\/eielreal\/files\/2021\/04\/1619274156323-scaled.jpg 1600w\" sizes=\"(max-width: 300px) 100vw, 300px\" \/><\/a> <a href=\"https:\/\/blogsaverroes.juntadeandalucia.es\/eielreal\/files\/2021\/04\/1619274156326-scaled.jpg\"><img loading=\"lazy\" decoding=\"async\" class=\"size-medium wp-image-29272 alignnone\" src=\"https:\/\/blogsaverroes.juntadeandalucia.es\/eielreal\/files\/2021\/04\/1619274156326-300x225.jpg\" alt=\"\" width=\"300\" height=\"225\" srcset=\"https:\/\/blogsaverroes.juntadeandalucia.es\/eielreal\/files\/2021\/04\/1619274156326-300x225.jpg 300w, https:\/\/blogsaverroes.juntadeandalucia.es\/eielreal\/files\/2021\/04\/1619274156326-1024x769.jpg 1024w, https:\/\/blogsaverroes.juntadeandalucia.es\/eielreal\/files\/2021\/04\/1619274156326-768x577.jpg 768w, https:\/\/blogsaverroes.juntadeandalucia.es\/eielreal\/files\/2021\/04\/1619274156326-1536x1153.jpg 1536w, https:\/\/blogsaverroes.juntadeandalucia.es\/eielreal\/files\/2021\/04\/1619274156326-2048x1538.jpg 2048w, https:\/\/blogsaverroes.juntadeandalucia.es\/eielreal\/files\/2021\/04\/1619274156326-700x526.jpg 700w, https:\/\/blogsaverroes.juntadeandalucia.es\/eielreal\/files\/2021\/04\/1619274156326-scaled.jpg 1600w\" sizes=\"(max-width: 300px) 100vw, 300px\" \/><\/a> <a href=\"https:\/\/blogsaverroes.juntadeandalucia.es\/eielreal\/files\/2021\/04\/1619274931546-scaled.jpg\"><img loading=\"lazy\" decoding=\"async\" class=\"size-medium wp-image-29273 alignnone\" src=\"https:\/\/blogsaverroes.juntadeandalucia.es\/eielreal\/files\/2021\/04\/1619274931546-300x225.jpg\" alt=\"\" width=\"300\" height=\"225\" srcset=\"https:\/\/blogsaverroes.juntadeandalucia.es\/eielreal\/files\/2021\/04\/1619274931546-300x225.jpg 300w, https:\/\/blogsaverroes.juntadeandalucia.es\/eielreal\/files\/2021\/04\/1619274931546-1024x769.jpg 1024w, https:\/\/blogsaverroes.juntadeandalucia.es\/eielreal\/files\/2021\/04\/1619274931546-768x577.jpg 768w, https:\/\/blogsaverroes.juntadeandalucia.es\/eielreal\/files\/2021\/04\/1619274931546-1536x1153.jpg 1536w, https:\/\/blogsaverroes.juntadeandalucia.es\/eielreal\/files\/2021\/04\/1619274931546-2048x1538.jpg 2048w, https:\/\/blogsaverroes.juntadeandalucia.es\/eielreal\/files\/2021\/04\/1619274931546-700x526.jpg 700w, https:\/\/blogsaverroes.juntadeandalucia.es\/eielreal\/files\/2021\/04\/1619274931546-scaled.jpg 1600w\" sizes=\"(max-width: 300px) 100vw, 300px\" \/><\/a> <a href=\"https:\/\/blogsaverroes.juntadeandalucia.es\/eielreal\/files\/2021\/04\/1619274931555-scaled.jpg\"><img loading=\"lazy\" decoding=\"async\" class=\"size-medium wp-image-29274 alignnone\" src=\"https:\/\/blogsaverroes.juntadeandalucia.es\/eielreal\/files\/2021\/04\/1619274931555-300x225.jpg\" alt=\"\" width=\"300\" height=\"225\" srcset=\"https:\/\/blogsaverroes.juntadeandalucia.es\/eielreal\/files\/2021\/04\/1619274931555-300x225.jpg 300w, https:\/\/blogsaverroes.juntadeandalucia.es\/eielreal\/files\/2021\/04\/1619274931555-1024x769.jpg 1024w, https:\/\/blogsaverroes.juntadeandalucia.es\/eielreal\/files\/2021\/04\/1619274931555-768x577.jpg 768w, https:\/\/blogsaverroes.juntadeandalucia.es\/eielreal\/files\/2021\/04\/1619274931555-1536x1153.jpg 1536w, https:\/\/blogsaverroes.juntadeandalucia.es\/eielreal\/files\/2021\/04\/1619274931555-2048x1538.jpg 2048w, https:\/\/blogsaverroes.juntadeandalucia.es\/eielreal\/files\/2021\/04\/1619274931555-700x526.jpg 700w, https:\/\/blogsaverroes.juntadeandalucia.es\/eielreal\/files\/2021\/04\/1619274931555-scaled.jpg 1600w\" sizes=\"(max-width: 300px) 100vw, 300px\" \/><\/a><\/p>\n<p>Nuestro rinc\u00f3n de la naturaleza recibi\u00f3 una visita muy especial, Fres\u00edn, el h\u00e1mster de nuestras compa\u00f1eras Vega y Lola.<\/p>\n<p><a href=\"https:\/\/blogsaverroes.juntadeandalucia.es\/eielreal\/files\/2021\/04\/1618601210391-scaled.jpg\"><img loading=\"lazy\" decoding=\"async\" class=\"size-medium wp-image-29275 alignnone\" src=\"https:\/\/blogsaverroes.juntadeandalucia.es\/eielreal\/files\/2021\/04\/1618601210391-300x225.jpg\" alt=\"\" width=\"300\" height=\"225\" srcset=\"https:\/\/blogsaverroes.juntadeandalucia.es\/eielreal\/files\/2021\/04\/1618601210391-300x225.jpg 300w, https:\/\/blogsaverroes.juntadeandalucia.es\/eielreal\/files\/2021\/04\/1618601210391-1024x769.jpg 1024w, https:\/\/blogsaverroes.juntadeandalucia.es\/eielreal\/files\/2021\/04\/1618601210391-768x577.jpg 768w, https:\/\/blogsaverroes.juntadeandalucia.es\/eielreal\/files\/2021\/04\/1618601210391-1536x1153.jpg 1536w, https:\/\/blogsaverroes.juntadeandalucia.es\/eielreal\/files\/2021\/04\/1618601210391-2048x1538.jpg 2048w, https:\/\/blogsaverroes.juntadeandalucia.es\/eielreal\/files\/2021\/04\/1618601210391-700x526.jpg 700w, https:\/\/blogsaverroes.juntadeandalucia.es\/eielreal\/files\/2021\/04\/1618601210391-scaled.jpg 1600w\" sizes=\"(max-width: 300px) 100vw, 300px\" \/><\/a> <a href=\"https:\/\/blogsaverroes.juntadeandalucia.es\/eielreal\/files\/2021\/04\/1618601210397-scaled.jpg\"><img loading=\"lazy\" decoding=\"async\" class=\"size-medium wp-image-29276 alignnone\" src=\"https:\/\/blogsaverroes.juntadeandalucia.es\/eielreal\/files\/2021\/04\/1618601210397-300x225.jpg\" alt=\"\" width=\"300\" height=\"225\" srcset=\"https:\/\/blogsaverroes.juntadeandalucia.es\/eielreal\/files\/2021\/04\/1618601210397-300x225.jpg 300w, https:\/\/blogsaverroes.juntadeandalucia.es\/eielreal\/files\/2021\/04\/1618601210397-1024x769.jpg 1024w, https:\/\/blogsaverroes.juntadeandalucia.es\/eielreal\/files\/2021\/04\/1618601210397-768x577.jpg 768w, https:\/\/blogsaverroes.juntadeandalucia.es\/eielreal\/files\/2021\/04\/1618601210397-1536x1153.jpg 1536w, https:\/\/blogsaverroes.juntadeandalucia.es\/eielreal\/files\/2021\/04\/1618601210397-2048x1538.jpg 2048w, https:\/\/blogsaverroes.juntadeandalucia.es\/eielreal\/files\/2021\/04\/1618601210397-700x526.jpg 700w, https:\/\/blogsaverroes.juntadeandalucia.es\/eielreal\/files\/2021\/04\/1618601210397-scaled.jpg 1600w\" sizes=\"(max-width: 300px) 100vw, 300px\" \/><\/a> <a href=\"https:\/\/blogsaverroes.juntadeandalucia.es\/eielreal\/files\/2021\/04\/1618601210403-scaled.jpg\"><img loading=\"lazy\" decoding=\"async\" class=\"size-medium wp-image-29277 alignnone\" src=\"https:\/\/blogsaverroes.juntadeandalucia.es\/eielreal\/files\/2021\/04\/1618601210403-300x225.jpg\" alt=\"\" width=\"300\" height=\"225\" srcset=\"https:\/\/blogsaverroes.juntadeandalucia.es\/eielreal\/files\/2021\/04\/1618601210403-300x225.jpg 300w, https:\/\/blogsaverroes.juntadeandalucia.es\/eielreal\/files\/2021\/04\/1618601210403-1024x769.jpg 1024w, https:\/\/blogsaverroes.juntadeandalucia.es\/eielreal\/files\/2021\/04\/1618601210403-768x577.jpg 768w, https:\/\/blogsaverroes.juntadeandalucia.es\/eielreal\/files\/2021\/04\/1618601210403-1536x1153.jpg 1536w, https:\/\/blogsaverroes.juntadeandalucia.es\/eielreal\/files\/2021\/04\/1618601210403-2048x1538.jpg 2048w, https:\/\/blogsaverroes.juntadeandalucia.es\/eielreal\/files\/2021\/04\/1618601210403-700x526.jpg 700w, https:\/\/blogsaverroes.juntadeandalucia.es\/eielreal\/files\/2021\/04\/1618601210403-scaled.jpg 1600w\" sizes=\"(max-width: 300px) 100vw, 300px\" \/><\/a> <a href=\"https:\/\/blogsaverroes.juntadeandalucia.es\/eielreal\/files\/2021\/04\/1618601233664-scaled.jpg\"><img loading=\"lazy\" decoding=\"async\" class=\"size-medium wp-image-29278 alignnone\" src=\"https:\/\/blogsaverroes.juntadeandalucia.es\/eielreal\/files\/2021\/04\/1618601233664-300x225.jpg\" alt=\"\" width=\"300\" height=\"225\" srcset=\"https:\/\/blogsaverroes.juntadeandalucia.es\/eielreal\/files\/2021\/04\/1618601233664-300x225.jpg 300w, https:\/\/blogsaverroes.juntadeandalucia.es\/eielreal\/files\/2021\/04\/1618601233664-1024x769.jpg 1024w, https:\/\/blogsaverroes.juntadeandalucia.es\/eielreal\/files\/2021\/04\/1618601233664-768x577.jpg 768w, https:\/\/blogsaverroes.juntadeandalucia.es\/eielreal\/files\/2021\/04\/1618601233664-1536x1153.jpg 1536w, https:\/\/blogsaverroes.juntadeandalucia.es\/eielreal\/files\/2021\/04\/1618601233664-2048x1538.jpg 2048w, https:\/\/blogsaverroes.juntadeandalucia.es\/eielreal\/files\/2021\/04\/1618601233664-700x526.jpg 700w, https:\/\/blogsaverroes.juntadeandalucia.es\/eielreal\/files\/2021\/04\/1618601233664-scaled.jpg 1600w\" sizes=\"(max-width: 300px) 100vw, 300px\" \/><\/a> <a href=\"https:\/\/blogsaverroes.juntadeandalucia.es\/eielreal\/files\/2021\/04\/1618601233669-scaled.jpg\"><img loading=\"lazy\" decoding=\"async\" class=\"size-medium wp-image-29279 alignnone\" src=\"https:\/\/blogsaverroes.juntadeandalucia.es\/eielreal\/files\/2021\/04\/1618601233669-300x225.jpg\" alt=\"\" width=\"300\" height=\"225\" srcset=\"https:\/\/blogsaverroes.juntadeandalucia.es\/eielreal\/files\/2021\/04\/1618601233669-300x225.jpg 300w, https:\/\/blogsaverroes.juntadeandalucia.es\/eielreal\/files\/2021\/04\/1618601233669-1024x769.jpg 1024w, https:\/\/blogsaverroes.juntadeandalucia.es\/eielreal\/files\/2021\/04\/1618601233669-768x577.jpg 768w, https:\/\/blogsaverroes.juntadeandalucia.es\/eielreal\/files\/2021\/04\/1618601233669-1536x1153.jpg 1536w, https:\/\/blogsaverroes.juntadeandalucia.es\/eielreal\/files\/2021\/04\/1618601233669-2048x1538.jpg 2048w, https:\/\/blogsaverroes.juntadeandalucia.es\/eielreal\/files\/2021\/04\/1618601233669-700x526.jpg 700w, https:\/\/blogsaverroes.juntadeandalucia.es\/eielreal\/files\/2021\/04\/1618601233669-scaled.jpg 1600w\" sizes=\"(max-width: 300px) 100vw, 300px\" \/><\/a><\/p>\n<p>Las mascotas nos pueden visitar los viernes, siempre que no sean muy rebeldes.<\/p>\n<p><span style=\"color: #993366\"><em><strong><span style=\"color: #993366\">2.- CUENTO RELAJACI\u00d3N EL \u00c1RBOL Y LAS HORMIGAS<\/span>.<\/strong><\/em><\/span><\/p>\n<p><a href=\"https:\/\/blogsaverroes.juntadeandalucia.es\/eielreal\/files\/2021\/04\/1619010861656-scaled.jpg\"><img loading=\"lazy\" decoding=\"async\" class=\"size-medium wp-image-29280 alignnone\" src=\"https:\/\/blogsaverroes.juntadeandalucia.es\/eielreal\/files\/2021\/04\/1619010861656-300x225.jpg\" alt=\"\" width=\"300\" height=\"225\" srcset=\"https:\/\/blogsaverroes.juntadeandalucia.es\/eielreal\/files\/2021\/04\/1619010861656-300x225.jpg 300w, https:\/\/blogsaverroes.juntadeandalucia.es\/eielreal\/files\/2021\/04\/1619010861656-1024x769.jpg 1024w, https:\/\/blogsaverroes.juntadeandalucia.es\/eielreal\/files\/2021\/04\/1619010861656-768x577.jpg 768w, https:\/\/blogsaverroes.juntadeandalucia.es\/eielreal\/files\/2021\/04\/1619010861656-1536x1153.jpg 1536w, https:\/\/blogsaverroes.juntadeandalucia.es\/eielreal\/files\/2021\/04\/1619010861656-2048x1538.jpg 2048w, https:\/\/blogsaverroes.juntadeandalucia.es\/eielreal\/files\/2021\/04\/1619010861656-700x526.jpg 700w, https:\/\/blogsaverroes.juntadeandalucia.es\/eielreal\/files\/2021\/04\/1619010861656-scaled.jpg 1600w\" sizes=\"(max-width: 300px) 100vw, 300px\" \/><\/a><\/p>\n<p><em><strong><span style=\"color: #ff0000\">3.- ACTIVIDADES VARIADAS PARA CONOCER LAS HORMIGAS.<\/span><\/strong><\/em><\/p>\n<p><a href=\"https:\/\/blogsaverroes.juntadeandalucia.es\/eielreal\/files\/2021\/04\/1619274092091-scaled.jpg\"><img loading=\"lazy\" decoding=\"async\" class=\"size-medium wp-image-29282 alignnone\" src=\"https:\/\/blogsaverroes.juntadeandalucia.es\/eielreal\/files\/2021\/04\/1619274092091-300x225.jpg\" alt=\"\" width=\"300\" height=\"225\" srcset=\"https:\/\/blogsaverroes.juntadeandalucia.es\/eielreal\/files\/2021\/04\/1619274092091-300x225.jpg 300w, https:\/\/blogsaverroes.juntadeandalucia.es\/eielreal\/files\/2021\/04\/1619274092091-1024x769.jpg 1024w, https:\/\/blogsaverroes.juntadeandalucia.es\/eielreal\/files\/2021\/04\/1619274092091-768x577.jpg 768w, https:\/\/blogsaverroes.juntadeandalucia.es\/eielreal\/files\/2021\/04\/1619274092091-1536x1153.jpg 1536w, https:\/\/blogsaverroes.juntadeandalucia.es\/eielreal\/files\/2021\/04\/1619274092091-2048x1538.jpg 2048w, https:\/\/blogsaverroes.juntadeandalucia.es\/eielreal\/files\/2021\/04\/1619274092091-700x526.jpg 700w, https:\/\/blogsaverroes.juntadeandalucia.es\/eielreal\/files\/2021\/04\/1619274092091-scaled.jpg 1600w\" sizes=\"(max-width: 300px) 100vw, 300px\" \/><\/a> <a href=\"https:\/\/blogsaverroes.juntadeandalucia.es\/eielreal\/files\/2021\/04\/WhatsApp-Image-2021-04-24-at-17.35.48-1.jpeg\"><img loading=\"lazy\" decoding=\"async\" class=\"size-medium wp-image-29283 alignnone\" src=\"https:\/\/blogsaverroes.juntadeandalucia.es\/eielreal\/files\/2021\/04\/WhatsApp-Image-2021-04-24-at-17.35.48-1-300x225.jpeg\" alt=\"\" width=\"300\" height=\"225\" srcset=\"https:\/\/blogsaverroes.juntadeandalucia.es\/eielreal\/files\/2021\/04\/WhatsApp-Image-2021-04-24-at-17.35.48-1-300x225.jpeg 300w, https:\/\/blogsaverroes.juntadeandalucia.es\/eielreal\/files\/2021\/04\/WhatsApp-Image-2021-04-24-at-17.35.48-1-1024x769.jpeg 1024w, https:\/\/blogsaverroes.juntadeandalucia.es\/eielreal\/files\/2021\/04\/WhatsApp-Image-2021-04-24-at-17.35.48-1-768x576.jpeg 768w, https:\/\/blogsaverroes.juntadeandalucia.es\/eielreal\/files\/2021\/04\/WhatsApp-Image-2021-04-24-at-17.35.48-1-1536x1153.jpeg 1536w, https:\/\/blogsaverroes.juntadeandalucia.es\/eielreal\/files\/2021\/04\/WhatsApp-Image-2021-04-24-at-17.35.48-1-700x525.jpeg 700w, https:\/\/blogsaverroes.juntadeandalucia.es\/eielreal\/files\/2021\/04\/WhatsApp-Image-2021-04-24-at-17.35.48-1.jpeg 1600w\" sizes=\"(max-width: 300px) 100vw, 300px\" \/><\/a><\/p>\n<p>&nbsp;<\/p>\n<p><iframe loading=\"lazy\" title=\"video 2\" width=\"500\" height=\"281\" src=\"https:\/\/www.youtube.com\/embed\/htFi9CZjhqY?feature=oembed&#038;wmode=opaque\" frameborder=\"0\" allow=\"accelerometer; autoplay; clipboard-write; encrypted-media; gyroscope; picture-in-picture; web-share\" referrerpolicy=\"strict-origin-when-cross-origin\" allowfullscreen><\/iframe><\/p>\n<p><iframe loading=\"lazy\" title=\"24 de abril de 2021\" width=\"500\" height=\"281\" src=\"https:\/\/www.youtube.com\/embed\/PFsU1bZzvbo?feature=oembed&#038;wmode=opaque\" frameborder=\"0\" allow=\"accelerometer; autoplay; clipboard-write; encrypted-media; gyroscope; picture-in-picture; web-share\" referrerpolicy=\"strict-origin-when-cross-origin\" allowfullscreen><\/iframe><\/p>\n<p>Espero que os haya gustado esta peque\u00f1a entrada de lo que vamos haciendo d\u00eda a d\u00eda en clase para conocer m\u00e1s a nuestras amigas las hormigas.<\/p>\n<p><a href=\"https:\/\/blogsaverroes.juntadeandalucia.es\/eielreal\/files\/2021\/04\/1619274156320-scaled.jpg\"><img loading=\"lazy\" decoding=\"async\" class=\"size-medium wp-image-29284 alignnone\" src=\"https:\/\/blogsaverroes.juntadeandalucia.es\/eielreal\/files\/2021\/04\/1619274156320-300x225.jpg\" alt=\"\" width=\"300\" height=\"225\" srcset=\"https:\/\/blogsaverroes.juntadeandalucia.es\/eielreal\/files\/2021\/04\/1619274156320-300x225.jpg 300w, https:\/\/blogsaverroes.juntadeandalucia.es\/eielreal\/files\/2021\/04\/1619274156320-1024x768.jpg 1024w, https:\/\/blogsaverroes.juntadeandalucia.es\/eielreal\/files\/2021\/04\/1619274156320-768x576.jpg 768w, https:\/\/blogsaverroes.juntadeandalucia.es\/eielreal\/files\/2021\/04\/1619274156320-1536x1152.jpg 1536w, https:\/\/blogsaverroes.juntadeandalucia.es\/eielreal\/files\/2021\/04\/1619274156320-2048x1536.jpg 2048w, https:\/\/blogsaverroes.juntadeandalucia.es\/eielreal\/files\/2021\/04\/1619274156320-700x525.jpg 700w, https:\/\/blogsaverroes.juntadeandalucia.es\/eielreal\/files\/2021\/04\/1619274156320-scaled.jpg 1600w\" sizes=\"(max-width: 300px) 100vw, 300px\" \/><\/a><\/p>\n<p>Manuela Oliva Cruz.<\/p>\n<p>Tutora <span style=\"color: #ff0000\">LOS POLLITOS<\/span>.3A.<\/p>\n","protected":false},"excerpt":{"rendered":"<p>Como os cont\u00f3 nuestra se\u00f1o Inma, durante el tercer trimestre los ni\u00f1os\/as de 3 a\u00f1itos van a investigar, observar, aprender y conocer el mundo de los insectos concretamente el de las \u00abLAS HORMIGAS\u00bb, un&#46;&#46;&#46;<\/p>\n","protected":false},"author":3183,"featured_media":29045,"comment_status":"open","ping_status":"open","sticky":false,"template":"","format":"standard","meta":{"ngg_post_thumbnail":0,"footnotes":""},"categories":[1740549,1740550],"tags":[],"aioseo_notices":[],"_links":{"self":[{"href":"https:\/\/blogsaverroes.juntadeandalucia.es\/eielreal\/wp-json\/wp\/v2\/posts\/29247"}],"collection":[{"href":"https:\/\/blogsaverroes.juntadeandalucia.es\/eielreal\/wp-json\/wp\/v2\/posts"}],"about":[{"href":"https:\/\/blogsaverroes.juntadeandalucia.es\/eielreal\/wp-json\/wp\/v2\/types\/post"}],"author":[{"embeddable":true,"href":"https:\/\/blogsaverroes.juntadeandalucia.es\/eielreal\/wp-json\/wp\/v2\/users\/3183"}],"replies":[{"embeddable":true,"href":"https:\/\/blogsaverroes.juntadeandalucia.es\/eielreal\/wp-json\/wp\/v2\/comments?post=29247"}],"version-history":[{"count":4,"href":"https:\/\/blogsaverroes.juntadeandalucia.es\/eielreal\/wp-json\/wp\/v2\/posts\/29247\/revisions"}],"predecessor-version":[{"id":29287,"href":"https:\/\/blogsaverroes.juntadeandalucia.es\/eielreal\/wp-json\/wp\/v2\/posts\/29247\/revisions\/29287"}],"wp:featuredmedia":[{"embeddable":true,"href":"https:\/\/blogsaverroes.juntadeandalucia.es\/eielreal\/wp-json\/wp\/v2\/media\/29045"}],"wp:attachment":[{"href":"https:\/\/blogsaverroes.juntadeandalucia.es\/eielreal\/wp-json\/wp\/v2\/media?parent=29247"}],"wp:term":[{"taxonomy":"category","embeddable":true,"href":"https:\/\/blogsaverroes.juntadeandalucia.es\/eielreal\/wp-json\/wp\/v2\/categories?post=29247"},{"taxonomy":"post_tag","embeddable":true,"href":"https:\/\/blogsaverroes.juntadeandalucia.es\/eielreal\/wp-json\/wp\/v2\/tags?post=29247"}],"curies":[{"name":"wp","href":"https:\/\/api.w.org\/{rel}","templated":true}]}}