{"id":30617,"date":"2021-07-01T17:11:30","date_gmt":"2021-07-01T17:11:30","guid":{"rendered":"https:\/\/blogsaverroes.juntadeandalucia.es\/eielreal\/?p=30617"},"modified":"2021-07-01T17:11:30","modified_gmt":"2021-07-01T17:11:30","slug":"listado-definitivo-de-usuarios-de-servicios-complementarios","status":"publish","type":"post","link":"https:\/\/blogsaverroes.juntadeandalucia.es\/eielreal\/listado-definitivo-de-usuarios-de-servicios-complementarios\/","title":{"rendered":"LISTADO DEFINITIVO DE USUARIOS DE SERVICIOS COMPLEMENTARIOS"},"content":{"rendered":"<p>Estimadas familias solicitantes de Servicios Complementarios:<\/p>\n<p>Nuestro centro ha publicado el listado definitivo de admitidos y suplentes de comedor, aula matinal y actividades extraescolares. Pueden pasar a verlo o c\u00f3modamente consultarlo introduciendo la clave iAnde en la Secretar\u00e1 Virtual de la Junta de Andaluc\u00eda <a title=\"SECRETAR\u00cdA VIRTUAL DE LA JUNTA DE ANDALUC\u00cdA\" href=\"https:\/\/www.juntadeandalucia.es\/educacion\/secretariavirtual\/accesoConsultas\/1166\/\">https:\/\/www.juntadeandalucia.es\/educacion\/secretariavirtual\/accesoConsultas\/1166\/<\/a><\/p>\n<p>Saludos. La Direcci\u00f3n del Centro<\/p>\n","protected":false},"excerpt":{"rendered":"<p>Estimadas familias solicitantes de Servicios Complementarios: Nuestro centro ha publicado el listado definitivo de admitidos y suplentes de comedor, aula matinal y actividades extraescolares. Pueden pasar a verlo o c\u00f3modamente consultarlo introduciendo la clave&#46;&#46;&#46;<\/p>\n","protected":false},"author":1886,"featured_media":30619,"comment_status":"open","ping_status":"open","sticky":false,"template":"","format":"standard","meta":{"ngg_post_thumbnail":0,"footnotes":""},"categories":[11909],"tags":[],"aioseo_notices":[],"_links":{"self":[{"href":"https:\/\/blogsaverroes.juntadeandalucia.es\/eielreal\/wp-json\/wp\/v2\/posts\/30617"}],"collection":[{"href":"https:\/\/blogsaverroes.juntadeandalucia.es\/eielreal\/wp-json\/wp\/v2\/posts"}],"about":[{"href":"https:\/\/blogsaverroes.juntadeandalucia.es\/eielreal\/wp-json\/wp\/v2\/types\/post"}],"author":[{"embeddable":true,"href":"https:\/\/blogsaverroes.juntadeandalucia.es\/eielreal\/wp-json\/wp\/v2\/users\/1886"}],"replies":[{"embeddable":true,"href":"https:\/\/blogsaverroes.juntadeandalucia.es\/eielreal\/wp-json\/wp\/v2\/comments?post=30617"}],"version-history":[{"count":1,"href":"https:\/\/blogsaverroes.juntadeandalucia.es\/eielreal\/wp-json\/wp\/v2\/posts\/30617\/revisions"}],"predecessor-version":[{"id":30618,"href":"https:\/\/blogsaverroes.juntadeandalucia.es\/eielreal\/wp-json\/wp\/v2\/posts\/30617\/revisions\/30618"}],"wp:featuredmedia":[{"embeddable":true,"href":"https:\/\/blogsaverroes.juntadeandalucia.es\/eielreal\/wp-json\/wp\/v2\/media\/30619"}],"wp:attachment":[{"href":"https:\/\/blogsaverroes.juntadeandalucia.es\/eielreal\/wp-json\/wp\/v2\/media?parent=30617"}],"wp:term":[{"taxonomy":"category","embeddable":true,"href":"https:\/\/blogsaverroes.juntadeandalucia.es\/eielreal\/wp-json\/wp\/v2\/categories?post=30617"},{"taxonomy":"post_tag","embeddable":true,"href":"https:\/\/blogsaverroes.juntadeandalucia.es\/eielreal\/wp-json\/wp\/v2\/tags?post=30617"}],"curies":[{"name":"wp","href":"https:\/\/api.w.org\/{rel}","templated":true}]}}