{"id":30622,"date":"2021-09-01T20:01:50","date_gmt":"2021-09-01T20:01:50","guid":{"rendered":"https:\/\/blogsaverroes.juntadeandalucia.es\/eielreal\/?p=30622"},"modified":"2021-09-01T20:01:50","modified_gmt":"2021-09-01T20:01:50","slug":"inicio-de-curso-2021-22-y-solicitudes-de-bonificaciones","status":"publish","type":"post","link":"https:\/\/blogsaverroes.juntadeandalucia.es\/eielreal\/inicio-de-curso-2021-22-y-solicitudes-de-bonificaciones\/","title":{"rendered":"INICIO DE CURSO 2021\/22 Y SOLICITUDES DE BONIFICACIONES"},"content":{"rendered":"<dl class=\"article-info\">\n<dd class=\"hits\">\n<h4><strong>Estimadas familias:<\/strong><\/h4>\n<\/dd>\n<\/dl>\n<h4><strong>Iniciamos un nuevo curso con un claustro lleno de esperanzas,&nbsp; ilusi\u00f3n y \u00e1nimos.<\/strong><a href=\"https:\/\/blogsaverroes.juntadeandalucia.es\/eielreal\/files\/2021\/09\/1630525299312-scaled.jpg\"><img loading=\"lazy\" decoding=\"async\" class=\"size-medium wp-image-30626 aligncenter\" src=\"https:\/\/blogsaverroes.juntadeandalucia.es\/eielreal\/files\/2021\/09\/1630525299312-300x161.jpg\" alt=\"\" width=\"300\" height=\"161\" srcset=\"https:\/\/blogsaverroes.juntadeandalucia.es\/eielreal\/files\/2021\/09\/1630525299312-300x161.jpg 300w, https:\/\/blogsaverroes.juntadeandalucia.es\/eielreal\/files\/2021\/09\/1630525299312-1024x548.jpg 1024w, https:\/\/blogsaverroes.juntadeandalucia.es\/eielreal\/files\/2021\/09\/1630525299312-768x411.jpg 768w, https:\/\/blogsaverroes.juntadeandalucia.es\/eielreal\/files\/2021\/09\/1630525299312-1536x822.jpg 1536w, https:\/\/blogsaverroes.juntadeandalucia.es\/eielreal\/files\/2021\/09\/1630525299312-2048x1096.jpg 2048w, https:\/\/blogsaverroes.juntadeandalucia.es\/eielreal\/files\/2021\/09\/1630525299312-700x375.jpg 700w, https:\/\/blogsaverroes.juntadeandalucia.es\/eielreal\/files\/2021\/09\/1630525299312-scaled.jpg 1600w\" sizes=\"(max-width: 300px) 100vw, 300px\" \/><\/a><\/h4>\n<h4><strong> Esperanza de que la pandemia termine; Ilusi\u00f3n porque con ella o sin ella trabajaremos con alegr\u00eda y nuevos proyectos. Y animadas porque la experiencia adquirida en el dif\u00edcil curso que termina nos servir\u00e1 de base para afrontar cada d\u00eda del que comienza.<\/strong><\/h4>\n<h4>Ante todo desearos que os encontr\u00e9is bien y el descanso del&nbsp; verano haya servido para cargar&nbsp; pilas.<\/h4>\n<h4>Poco a poco iremos dando m\u00e1s informaci\u00f3n, que seguro que est\u00e1is deseando conocer. Por eso os aconsejamos visit\u00e9is la web frecuentemente. Tambi\u00e9n os enviaremos informaci\u00f3n a trav\u00e9s del Tabl\u00f3n de Anuncios&nbsp; IPasen.<\/h4>\n<h4><strong><span style=\"font-family: 'Open Sans', sans-serif;font-size: 15px;font-style: normal\">En breve publicaremos&nbsp; en las puertas del Centro los listados de clase y el horario de la reuni\u00f3n con la tutora.<\/span><\/strong><\/h4>\n<h4 style=\"text-align: justify\"><strong>Os pedimos que se\u00e1is pacientes, y poco a poco os llegar\u00e1 toda la informaci\u00f3n<\/strong>.<\/h4>\n<h4><strong>Hoy os quiero informar de la SOLICITUDES DE BONIFICACI\u00d3N:<\/strong><\/h4>\n<h4 style=\"text-align: justify\"><a href=\"https:\/\/blogsaverroes.juntadeandalucia.es\/eielreal\/files\/2021\/09\/BONIFICACI\u00d3N.jpg\"><img loading=\"lazy\" decoding=\"async\" class=\"size-medium wp-image-30627 aligncenter\" src=\"https:\/\/blogsaverroes.juntadeandalucia.es\/eielreal\/files\/2021\/09\/BONIFICACI\u00d3N-300x194.jpg\" alt=\"\" width=\"300\" height=\"194\" srcset=\"https:\/\/blogsaverroes.juntadeandalucia.es\/eielreal\/files\/2021\/09\/BONIFICACI\u00d3N-300x194.jpg 300w, https:\/\/blogsaverroes.juntadeandalucia.es\/eielreal\/files\/2021\/09\/BONIFICACI\u00d3N.jpg 525w\" sizes=\"(max-width: 300px) 100vw, 300px\" \/><\/a><strong>Desde el 1 al 7 de septiembre est\u00e1 abierto el plazo de solicitud de bonificaci\u00f3n de los servicios complementarios (Aula Matinal, comedor y actividades extraescolares).<\/strong> La bonificaci\u00f3n que se os conceda&nbsp; podr\u00e1 ser total o parcial , dependiendo de la renta familiar y se aplicar\u00e1 a comedor, aula matinal y extraescolares.<\/h4>\n<h4><strong>\u00bfQui\u00e9n puede solicitarla?<\/strong><\/h4>\n<h4>Aquellas familias cuyos hijos\/as&nbsp; fueron admitidos en junio 2021 en alg\u00fan servicio (comedor, aula matinal o actividades extraescolares)<\/h4>\n<h4><strong>\u00bfC\u00f3mo puede solicitarla?<\/strong><\/h4>\n<h4 style=\"text-align: justify\">Preferentemente acceder\u00e1s a la presentaci\u00f3n telem\u00e1tica en la Secretar\u00eda Virtual pinchando en el siguiente enlace: &nbsp;&nbsp; <a href=\"https:\/\/www.juntadeandalucia.es\/educacion\/secretariavirtual\/accesoTramite\/381\/\">Solicitud telem\u00e1tica<\/a><\/h4>\n<h4 style=\"text-align: justify\">Si no pudieses acceder, podr\u00e1s entregarla presencialmente en el centro <strong>en horario de 12&nbsp; a 13.30 h.<\/strong> manteniendo las medidas de higiene y seguridad recomendadas por Sanidad y por el Centro. No olvides traerla perfectamente rellena ,&nbsp; firmada la solicitud y por duplicado (una para el Centro y otra para el usuario).<\/h4>\n<h4 style=\"text-align: justify\"><span style=\"font-family: 'Open Sans', sans-serif;font-size: 15px;font-style: normal;font-weight: 400\"><strong>Modelo para presentar en secretar\u00eda del Centro<\/strong> :<\/span><a style=\"font-family: 'Open Sans', sans-serif;font-size: 15px;font-style: normal;font-weight: 400\" href=\"https:\/\/blogsaverroes.juntadeandalucia.es\/eielreal\/files\/2020\/09\/SOLICITUD-DE-BONIFICACI\u00d3N.pdf\">SOLICITUD DE BONIFICACI\u00d3N<\/a><\/h4>\n<blockquote>\n<h4><em><span style=\"color: #008000\"><strong>PREGUNTAS FRECUENTES<\/strong><\/span><\/em><\/h4>\n<\/blockquote>\n<h4><strong>\u00bfC\u00f3mo darme de baja<\/strong>&nbsp;<strong><span style=\"font-family: Oswald, sans-serif;font-size: 18px;font-style: normal\">de alg\u00fan servicio que ya no voy a usar?&nbsp;<\/span><\/strong><\/h4>\n<h4><strong>Si deseas darte de baja<\/strong><strong style=\"font-family: Oswald, sans-serif;font-size: 18px;font-style: normal\"><span style=\"font-family: Oswald, sans-serif;font-size: 18px;font-style: normal\">(comedor, extraescolares o aula matinal<\/span><\/strong><strong style=\"font-family: Oswald, sans-serif;font-size: 18px;font-style: normal\">?<\/strong>)&nbsp; lo har\u00e1s rellenando la solicitud &nbsp; <a style=\"font-family: 'Open Sans', sans-serif;font-size: 15px;font-style: normal;font-weight: 400;color: #d54e21\" href=\"https:\/\/blogsaverroes.juntadeandalucia.es\/eielreal\/files\/2020\/09\/solicitud_baja_paf.pdf\">solicitud_baja_paf<\/a><span style=\"font-family: Oswald, sans-serif;font-size: 18px;font-weight: 300\">&nbsp; &nbsp; y&nbsp; envi\u00e1ndola por correo electr\u00f3nico del centro:<\/span><span style=\"font-family: 'Open Sans', sans-serif;font-size: 15px;font-style: normal;font-weight: 400\">&nbsp;<\/span><strong style=\"font-family: 'Open Sans', sans-serif;font-size: 15px;font-style: normal\">&nbsp; &nbsp;<\/strong><strong style=\"font-family: 'Open Sans', sans-serif;font-size: 15px;font-style: normal\">41010356.edu@juntadeandalucia.es.<\/strong><\/h4>\n<h4><strong>\u00bfCu\u00e1nto me cuesta si no tengo bonificaci\u00f3n?<\/strong><\/h4>\n<p><strong>Precio p\u00fablico de LOS SERVICIOS<\/strong>: <a href=\"https:\/\/blogsaverroes.juntadeandalucia.es\/eielreal\/files\/2021\/09\/precio-plan-apertura.pdf\">precio plan apertura<\/a><\/p>\n<h4><strong>\u00bfPuedo solicitar alg\u00fan servicio ahora?<\/strong><\/h4>\n<p>S\u00ed. Aqu\u00ed te dejo el enlace, pero ser\u00e1 mejor que llames al centro para informarte de las condiciones<\/p>\n<p><strong>Solicitud de Servicios<\/strong>: <a style=\"font-family: 'Open Sans', sans-serif;font-size: 15px;font-style: normal;font-weight: 400;color: #d54e21\" href=\"https:\/\/blogsaverroes.juntadeandalucia.es\/eielreal\/files\/2020\/09\/Anexo_II_Inscripcion_en_los_Servicios_de_AM_CE_y_AAEX.pdf\">Anexo_II_Inscripcion_en_los_Servicios_de_AM_CE_y_AAEX<\/a><\/p>\n<h4><strong>\u00bfC\u00f3mo s\u00e9 la bonificaci\u00f3n que me corresponder\u00e1?<\/strong><\/h4>\n<p>Aqu\u00ed te dejo la tabla de los ingresos y porcentajes seg\u00fan el n\u00famero de componentes de la unidad familiar<\/p>\n<p><strong style=\"font-family: 'Open Sans', sans-serif;font-size: 15px;font-style: normal\">Tabla de renta para aplicar las Bonificaciones<\/strong><span style=\"font-family: 'Open Sans', sans-serif;font-size: 15px;font-style: normal;font-weight: 400\">: <a href=\"https:\/\/blogsaverroes.juntadeandalucia.es\/eielreal\/files\/2020\/09\/tabla-bonificaciones_pac_2021-6.pdf\">tabla bonificaciones_pac_2021-6<\/a><\/span><\/p>\n<p>Seguiremos informando.<\/p>\n<p>Magdalena Aguilar. Directora.<\/p>\n","protected":false},"excerpt":{"rendered":"<p>Estimadas familias: Iniciamos un nuevo curso con un claustro lleno de esperanzas,&nbsp; ilusi\u00f3n y \u00e1nimos. Esperanza de que la pandemia termine; Ilusi\u00f3n porque con ella o sin ella trabajaremos con alegr\u00eda y nuevos proyectos.&#46;&#46;&#46;<\/p>\n","protected":false},"author":1886,"featured_media":30630,"comment_status":"open","ping_status":"open","sticky":false,"template":"","format":"standard","meta":{"ngg_post_thumbnail":0,"footnotes":""},"categories":[1705,33],"tags":[],"aioseo_notices":[],"_links":{"self":[{"href":"https:\/\/blogsaverroes.juntadeandalucia.es\/eielreal\/wp-json\/wp\/v2\/posts\/30622"}],"collection":[{"href":"https:\/\/blogsaverroes.juntadeandalucia.es\/eielreal\/wp-json\/wp\/v2\/posts"}],"about":[{"href":"https:\/\/blogsaverroes.juntadeandalucia.es\/eielreal\/wp-json\/wp\/v2\/types\/post"}],"author":[{"embeddable":true,"href":"https:\/\/blogsaverroes.juntadeandalucia.es\/eielreal\/wp-json\/wp\/v2\/users\/1886"}],"replies":[{"embeddable":true,"href":"https:\/\/blogsaverroes.juntadeandalucia.es\/eielreal\/wp-json\/wp\/v2\/comments?post=30622"}],"version-history":[{"count":3,"href":"https:\/\/blogsaverroes.juntadeandalucia.es\/eielreal\/wp-json\/wp\/v2\/posts\/30622\/revisions"}],"predecessor-version":[{"id":30628,"href":"https:\/\/blogsaverroes.juntadeandalucia.es\/eielreal\/wp-json\/wp\/v2\/posts\/30622\/revisions\/30628"}],"wp:featuredmedia":[{"embeddable":true,"href":"https:\/\/blogsaverroes.juntadeandalucia.es\/eielreal\/wp-json\/wp\/v2\/media\/30630"}],"wp:attachment":[{"href":"https:\/\/blogsaverroes.juntadeandalucia.es\/eielreal\/wp-json\/wp\/v2\/media?parent=30622"}],"wp:term":[{"taxonomy":"category","embeddable":true,"href":"https:\/\/blogsaverroes.juntadeandalucia.es\/eielreal\/wp-json\/wp\/v2\/categories?post=30622"},{"taxonomy":"post_tag","embeddable":true,"href":"https:\/\/blogsaverroes.juntadeandalucia.es\/eielreal\/wp-json\/wp\/v2\/tags?post=30622"}],"curies":[{"name":"wp","href":"https:\/\/api.w.org\/{rel}","templated":true}]}}