{"id":33101,"date":"2022-02-20T10:28:47","date_gmt":"2022-02-20T10:28:47","guid":{"rendered":"https:\/\/blogsaverroes.juntadeandalucia.es\/eielreal\/?p=33101"},"modified":"2022-02-20T10:37:27","modified_gmt":"2022-02-20T10:37:27","slug":"el-polo-norte-parte-i","status":"publish","type":"post","link":"https:\/\/blogsaverroes.juntadeandalucia.es\/eielreal\/el-polo-norte-parte-i\/","title":{"rendered":"EL POLO NORTE. PARTE I"},"content":{"rendered":"<h1>EL POLO NORTE<\/h1>\n<h3>PRIMEROS DE ENERO Y&#8230;QU\u00c9 FRIO<\/h3>\n<p>As\u00ed empieza nuestra aventura sobre el Polo Norte. Las primeras semanas de enero se han presentado bastante g\u00e9lidas y parece que va a nevar&#8230;<\/p>\n<p>\u00bfHay alg\u00fan lugar en el mundo donde hace mucho, mucho fr\u00edo y mucha nieve?\u00bfD\u00f3nde est\u00e1?\u00bfC\u00f3mo se llama?, Preguntaremos a nuestras familias, a ver si ellos no pueden ayudar. Escribimos una carta, en asamblea, de forma conjunta, las firmamos y la llevamos a casa.<\/p>\n<p><a href=\"https:\/\/blogsaverroes.juntadeandalucia.es\/eielreal\/files\/2022\/02\/1A.jpeg\"><img loading=\"lazy\" decoding=\"async\" class=\"alignnone size-medium wp-image-33103\" src=\"https:\/\/blogsaverroes.juntadeandalucia.es\/eielreal\/files\/2022\/02\/1A-138x300.jpeg\" alt=\"\" width=\"138\" height=\"300\" srcset=\"https:\/\/blogsaverroes.juntadeandalucia.es\/eielreal\/files\/2022\/02\/1A-138x300.jpeg 138w, https:\/\/blogsaverroes.juntadeandalucia.es\/eielreal\/files\/2022\/02\/1A-471x1024.jpeg 471w, https:\/\/blogsaverroes.juntadeandalucia.es\/eielreal\/files\/2022\/02\/1A-707x1536.jpeg 707w, https:\/\/blogsaverroes.juntadeandalucia.es\/eielreal\/files\/2022\/02\/1A-700x1522.jpeg 700w, https:\/\/blogsaverroes.juntadeandalucia.es\/eielreal\/files\/2022\/02\/1A.jpeg 736w\" sizes=\"(max-width: 138px) 100vw, 138px\" \/><\/a><\/p>\n<p>Nuestra investigaci\u00f3n comienza. Ese lugar es el Polo Norte, y tambi\u00e9n, el polo Sur ( y en Sierra Nevada, que nos cae m\u00e1s cerca). Buscamos en un globo terr\u00e1queo d\u00f3nde est\u00e1n esos lugares, d\u00f3nde estamos nosotros y&#8230;por qu\u00e9 hace tanto frio&#8230;Colocamos el sol y explicamos la incidencia de los rayos solares en estos lugares.<\/p>\n<p><a href=\"https:\/\/blogsaverroes.juntadeandalucia.es\/eielreal\/files\/2022\/02\/2.jpeg\"><img loading=\"lazy\" decoding=\"async\" class=\"alignnone size-medium wp-image-33104\" src=\"https:\/\/blogsaverroes.juntadeandalucia.es\/eielreal\/files\/2022\/02\/2-300x138.jpeg\" alt=\"\" width=\"300\" height=\"138\" srcset=\"https:\/\/blogsaverroes.juntadeandalucia.es\/eielreal\/files\/2022\/02\/2-300x138.jpeg 300w, https:\/\/blogsaverroes.juntadeandalucia.es\/eielreal\/files\/2022\/02\/2-1024x471.jpeg 1024w, https:\/\/blogsaverroes.juntadeandalucia.es\/eielreal\/files\/2022\/02\/2-768x353.jpeg 768w, https:\/\/blogsaverroes.juntadeandalucia.es\/eielreal\/files\/2022\/02\/2-1536x707.jpeg 1536w, https:\/\/blogsaverroes.juntadeandalucia.es\/eielreal\/files\/2022\/02\/2-700x322.jpeg 700w, https:\/\/blogsaverroes.juntadeandalucia.es\/eielreal\/files\/2022\/02\/2.jpeg 1600w\" sizes=\"(max-width: 300px) 100vw, 300px\" \/><\/a><\/p>\n<p>Y comenzamos a querer conocer estos inh\u00f3spitos lugares y a hacernos muchas preguntas que podemos responder y otras que no. Tenemos que hacer una lista de cosas que queremos saber&#8230; Adem\u00e1s tendremos que saber d\u00f3nde podemos encontrar esa informaci\u00f3n:<\/p>\n<p><a href=\"https:\/\/blogsaverroes.juntadeandalucia.es\/eielreal\/files\/2022\/02\/0.jpg\"><img loading=\"lazy\" decoding=\"async\" class=\"alignnone size-medium wp-image-33115\" src=\"https:\/\/blogsaverroes.juntadeandalucia.es\/eielreal\/files\/2022\/02\/0-300x279.jpg\" alt=\"\" width=\"300\" height=\"279\" srcset=\"https:\/\/blogsaverroes.juntadeandalucia.es\/eielreal\/files\/2022\/02\/0-300x279.jpg 300w, https:\/\/blogsaverroes.juntadeandalucia.es\/eielreal\/files\/2022\/02\/0-768x716.jpg 768w, https:\/\/blogsaverroes.juntadeandalucia.es\/eielreal\/files\/2022\/02\/0-700x652.jpg 700w, https:\/\/blogsaverroes.juntadeandalucia.es\/eielreal\/files\/2022\/02\/0.jpg 790w\" sizes=\"(max-width: 300px) 100vw, 300px\" \/><\/a><\/p>\n<p>Por ultimo, tendremos que crear un mapa para no perdernos&#8230;<\/p>\n<p><a href=\"https:\/\/blogsaverroes.juntadeandalucia.es\/eielreal\/files\/2022\/02\/9A.jpg\"><img loading=\"lazy\" decoding=\"async\" class=\"alignnone size-medium wp-image-33114\" src=\"https:\/\/blogsaverroes.juntadeandalucia.es\/eielreal\/files\/2022\/02\/9A-300x285.jpg\" alt=\"\" width=\"300\" height=\"285\" srcset=\"https:\/\/blogsaverroes.juntadeandalucia.es\/eielreal\/files\/2022\/02\/9A-300x285.jpg 300w, https:\/\/blogsaverroes.juntadeandalucia.es\/eielreal\/files\/2022\/02\/9A-700x665.jpg 700w, https:\/\/blogsaverroes.juntadeandalucia.es\/eielreal\/files\/2022\/02\/9A.jpg 762w\" sizes=\"(max-width: 300px) 100vw, 300px\" \/><\/a><\/p>\n<p>Y con el paso de los d\u00edas vamos aprendiendo muchas cosas. Sobre todo nuestro objetivo es que piensen y hagan deducciones. Es por eso por lo que un d\u00eda pregunto&#8230;y\u00bb <em>\u00bfpor qu\u00e9 hay nieve?\u00bf Por qu\u00e9 el agua est\u00e1 congelada?\u00bf El hielo es agua? \u00bfy por que se ha convertido en hielo?\u00bfes magia?\u00bb<\/em>\u00a0 Hemos llenado un recipiente de agua, le hemos hecho un conjuro m\u00e1gico y no hemos conseguido hielo&#8230;Hemos vuelto a pensar y han deducido que en la nevera s\u00ed. Asi que eso hemos hecho, meter agua en la nevera del cole y esperar<em> \u00bb 3 horas\u00bb<\/em> dijeron&#8230;a la hora de irnos sacamos el recipiente&#8230;<\/p>\n<p><a href=\"https:\/\/blogsaverroes.juntadeandalucia.es\/eielreal\/files\/2022\/02\/4-2.jpeg\"><img loading=\"lazy\" decoding=\"async\" class=\"alignnone size-medium wp-image-33106\" src=\"https:\/\/blogsaverroes.juntadeandalucia.es\/eielreal\/files\/2022\/02\/4-2-300x138.jpeg\" alt=\"\" width=\"300\" height=\"138\" srcset=\"https:\/\/blogsaverroes.juntadeandalucia.es\/eielreal\/files\/2022\/02\/4-2-300x138.jpeg 300w, https:\/\/blogsaverroes.juntadeandalucia.es\/eielreal\/files\/2022\/02\/4-2-1024x471.jpeg 1024w, https:\/\/blogsaverroes.juntadeandalucia.es\/eielreal\/files\/2022\/02\/4-2-768x353.jpeg 768w, https:\/\/blogsaverroes.juntadeandalucia.es\/eielreal\/files\/2022\/02\/4-2-1536x707.jpeg 1536w, https:\/\/blogsaverroes.juntadeandalucia.es\/eielreal\/files\/2022\/02\/4-2-700x322.jpeg 700w, https:\/\/blogsaverroes.juntadeandalucia.es\/eielreal\/files\/2022\/02\/4-2.jpeg 1600w\" sizes=\"(max-width: 300px) 100vw, 300px\" \/><\/a><\/p>\n<p>Y ah\u00ed estaba el hielo&#8230;todos lo tocaron y comprobaron sus hip\u00f3tesis.<\/p>\n<p><a href=\"https:\/\/blogsaverroes.juntadeandalucia.es\/eielreal\/files\/2022\/02\/8.jpeg\"><img loading=\"lazy\" decoding=\"async\" class=\"alignnone size-medium wp-image-33110\" src=\"https:\/\/blogsaverroes.juntadeandalucia.es\/eielreal\/files\/2022\/02\/8-300x169.jpeg\" alt=\"\" width=\"300\" height=\"169\" srcset=\"https:\/\/blogsaverroes.juntadeandalucia.es\/eielreal\/files\/2022\/02\/8-300x169.jpeg 300w, https:\/\/blogsaverroes.juntadeandalucia.es\/eielreal\/files\/2022\/02\/8-1024x576.jpeg 1024w, https:\/\/blogsaverroes.juntadeandalucia.es\/eielreal\/files\/2022\/02\/8-768x432.jpeg 768w, https:\/\/blogsaverroes.juntadeandalucia.es\/eielreal\/files\/2022\/02\/8-1536x864.jpeg 1536w, https:\/\/blogsaverroes.juntadeandalucia.es\/eielreal\/files\/2022\/02\/8-700x393.jpeg 700w, https:\/\/blogsaverroes.juntadeandalucia.es\/eielreal\/files\/2022\/02\/8.jpeg 1600w\" sizes=\"(max-width: 300px) 100vw, 300px\" \/><\/a> <a href=\"https:\/\/blogsaverroes.juntadeandalucia.es\/eielreal\/files\/2022\/02\/5.jpeg\"><img loading=\"lazy\" decoding=\"async\" class=\"alignnone size-medium wp-image-33107\" src=\"https:\/\/blogsaverroes.juntadeandalucia.es\/eielreal\/files\/2022\/02\/5-300x169.jpeg\" alt=\"\" width=\"300\" height=\"169\" srcset=\"https:\/\/blogsaverroes.juntadeandalucia.es\/eielreal\/files\/2022\/02\/5-300x169.jpeg 300w, https:\/\/blogsaverroes.juntadeandalucia.es\/eielreal\/files\/2022\/02\/5-1024x576.jpeg 1024w, https:\/\/blogsaverroes.juntadeandalucia.es\/eielreal\/files\/2022\/02\/5-768x432.jpeg 768w, https:\/\/blogsaverroes.juntadeandalucia.es\/eielreal\/files\/2022\/02\/5-1536x864.jpeg 1536w, https:\/\/blogsaverroes.juntadeandalucia.es\/eielreal\/files\/2022\/02\/5-700x393.jpeg 700w, https:\/\/blogsaverroes.juntadeandalucia.es\/eielreal\/files\/2022\/02\/5.jpeg 1600w\" sizes=\"(max-width: 300px) 100vw, 300px\" \/><\/a> <a href=\"https:\/\/blogsaverroes.juntadeandalucia.es\/eielreal\/files\/2022\/02\/7.jpeg\"><img loading=\"lazy\" decoding=\"async\" class=\"alignnone size-medium wp-image-33109\" src=\"https:\/\/blogsaverroes.juntadeandalucia.es\/eielreal\/files\/2022\/02\/7-300x169.jpeg\" alt=\"\" width=\"300\" height=\"169\" srcset=\"https:\/\/blogsaverroes.juntadeandalucia.es\/eielreal\/files\/2022\/02\/7-300x169.jpeg 300w, https:\/\/blogsaverroes.juntadeandalucia.es\/eielreal\/files\/2022\/02\/7-1024x576.jpeg 1024w, https:\/\/blogsaverroes.juntadeandalucia.es\/eielreal\/files\/2022\/02\/7-768x432.jpeg 768w, https:\/\/blogsaverroes.juntadeandalucia.es\/eielreal\/files\/2022\/02\/7-1536x864.jpeg 1536w, https:\/\/blogsaverroes.juntadeandalucia.es\/eielreal\/files\/2022\/02\/7-700x393.jpeg 700w, https:\/\/blogsaverroes.juntadeandalucia.es\/eielreal\/files\/2022\/02\/7.jpeg 1600w\" sizes=\"(max-width: 300px) 100vw, 300px\" \/><\/a><\/p>\n<p>Siguieron pensando&#8230;ya no pararon: \u00ab<em> \u00bfma\u00f1ana sigue siendo hielo?\u00bb<\/em>&#8230; y volvieron a comprobarlo&#8230;no, si no est\u00e1 en el fr\u00edo vuelve a estar l\u00edquida. El fr\u00edo es la causa del hielo de los Polos.<\/p>\n<p>Ya lo que nos quedaba era seguir nuestro mapa. Vamos a conocer a<strong> los esquimales<\/strong>. presentamos los dibujitos de<strong><em> \u00abDougie se disfraza de esquimal\u00bb.<\/em><\/strong><\/p>\n<p><iframe loading=\"lazy\" title=\"Dougie se disfraza de esquimal \u2744\u2744\u2744 -EP03\" width=\"500\" height=\"281\" src=\"https:\/\/www.youtube.com\/embed\/_Ext1N4N898?feature=oembed&#038;wmode=opaque\" frameborder=\"0\" allow=\"accelerometer; autoplay; clipboard-write; encrypted-media; gyroscope; picture-in-picture; web-share\" referrerpolicy=\"strict-origin-when-cross-origin\" allowfullscreen><\/iframe><\/p>\n<p>En dias posteriores hemos hablado de las personas que viven en El Polo Norte, hemos visto v\u00eddeos sobre ellos. Hemos conocido c\u00f3mo son, c\u00f3mo viven, en qu\u00e9 trabajan, sus costumbres&#8230;Los hemos dibujado, hemos hecho un mural con esquimales y nuestras fotos para ponerlo en la clase<\/p>\n<p><a href=\"https:\/\/blogsaverroes.juntadeandalucia.es\/eielreal\/files\/2022\/02\/10-2.jpeg\"><img loading=\"lazy\" decoding=\"async\" class=\"alignnone size-medium wp-image-33112\" src=\"https:\/\/blogsaverroes.juntadeandalucia.es\/eielreal\/files\/2022\/02\/10-2-300x138.jpeg\" alt=\"\" width=\"300\" height=\"138\" srcset=\"https:\/\/blogsaverroes.juntadeandalucia.es\/eielreal\/files\/2022\/02\/10-2-300x138.jpeg 300w, https:\/\/blogsaverroes.juntadeandalucia.es\/eielreal\/files\/2022\/02\/10-2-1024x471.jpeg 1024w, https:\/\/blogsaverroes.juntadeandalucia.es\/eielreal\/files\/2022\/02\/10-2-768x353.jpeg 768w, https:\/\/blogsaverroes.juntadeandalucia.es\/eielreal\/files\/2022\/02\/10-2-1536x707.jpeg 1536w, https:\/\/blogsaverroes.juntadeandalucia.es\/eielreal\/files\/2022\/02\/10-2-700x322.jpeg 700w, https:\/\/blogsaverroes.juntadeandalucia.es\/eielreal\/files\/2022\/02\/10-2.jpeg 1600w\" sizes=\"(max-width: 300px) 100vw, 300px\" \/><\/a> <a href=\"https:\/\/blogsaverroes.juntadeandalucia.es\/eielreal\/files\/2022\/02\/11.jpeg\"><img loading=\"lazy\" decoding=\"async\" class=\"alignnone size-medium wp-image-33113\" src=\"https:\/\/blogsaverroes.juntadeandalucia.es\/eielreal\/files\/2022\/02\/11-300x138.jpeg\" alt=\"\" width=\"300\" height=\"138\" srcset=\"https:\/\/blogsaverroes.juntadeandalucia.es\/eielreal\/files\/2022\/02\/11-300x138.jpeg 300w, https:\/\/blogsaverroes.juntadeandalucia.es\/eielreal\/files\/2022\/02\/11-1024x471.jpeg 1024w, https:\/\/blogsaverroes.juntadeandalucia.es\/eielreal\/files\/2022\/02\/11-768x353.jpeg 768w, https:\/\/blogsaverroes.juntadeandalucia.es\/eielreal\/files\/2022\/02\/11-1536x707.jpeg 1536w, https:\/\/blogsaverroes.juntadeandalucia.es\/eielreal\/files\/2022\/02\/11-700x322.jpeg 700w, https:\/\/blogsaverroes.juntadeandalucia.es\/eielreal\/files\/2022\/02\/11.jpeg 1600w\" sizes=\"(max-width: 300px) 100vw, 300px\" \/><\/a><\/p>\n<h5>Y hemos aprovechado para trabajar la lectoescritura con la palabra ESQUIMAL<\/h5>\n<p><a href=\"https:\/\/blogsaverroes.juntadeandalucia.es\/eielreal\/files\/2022\/02\/13.jpeg\"><img loading=\"lazy\" decoding=\"async\" class=\"alignnone size-medium wp-image-33116\" src=\"https:\/\/blogsaverroes.juntadeandalucia.es\/eielreal\/files\/2022\/02\/13-300x138.jpeg\" alt=\"\" width=\"300\" height=\"138\" srcset=\"https:\/\/blogsaverroes.juntadeandalucia.es\/eielreal\/files\/2022\/02\/13-300x138.jpeg 300w, https:\/\/blogsaverroes.juntadeandalucia.es\/eielreal\/files\/2022\/02\/13-1024x471.jpeg 1024w, https:\/\/blogsaverroes.juntadeandalucia.es\/eielreal\/files\/2022\/02\/13-768x353.jpeg 768w, https:\/\/blogsaverroes.juntadeandalucia.es\/eielreal\/files\/2022\/02\/13-1536x707.jpeg 1536w, https:\/\/blogsaverroes.juntadeandalucia.es\/eielreal\/files\/2022\/02\/13-700x322.jpeg 700w, https:\/\/blogsaverroes.juntadeandalucia.es\/eielreal\/files\/2022\/02\/13.jpeg 1600w\" sizes=\"(max-width: 300px) 100vw, 300px\" \/><\/a> <a href=\"https:\/\/blogsaverroes.juntadeandalucia.es\/eielreal\/files\/2022\/02\/15.jpeg\"><img loading=\"lazy\" decoding=\"async\" class=\"alignnone size-medium wp-image-33117\" src=\"https:\/\/blogsaverroes.juntadeandalucia.es\/eielreal\/files\/2022\/02\/15-138x300.jpeg\" alt=\"\" width=\"138\" height=\"300\" srcset=\"https:\/\/blogsaverroes.juntadeandalucia.es\/eielreal\/files\/2022\/02\/15-138x300.jpeg 138w, https:\/\/blogsaverroes.juntadeandalucia.es\/eielreal\/files\/2022\/02\/15-471x1024.jpeg 471w, https:\/\/blogsaverroes.juntadeandalucia.es\/eielreal\/files\/2022\/02\/15-707x1536.jpeg 707w, https:\/\/blogsaverroes.juntadeandalucia.es\/eielreal\/files\/2022\/02\/15-700x1522.jpeg 700w, https:\/\/blogsaverroes.juntadeandalucia.es\/eielreal\/files\/2022\/02\/15.jpeg 736w\" sizes=\"(max-width: 138px) 100vw, 138px\" \/><\/a><\/p>\n<p>La psicomotricidad fina, las destrezas manuales y las formas geom\u00e9tricas se han trabajado con esta graciosa ficha de trabajo:<\/p>\n<p><a href=\"https:\/\/blogsaverroes.juntadeandalucia.es\/eielreal\/files\/2022\/02\/16.jpeg\"><img loading=\"lazy\" decoding=\"async\" class=\"alignnone size-medium wp-image-33118\" src=\"https:\/\/blogsaverroes.juntadeandalucia.es\/eielreal\/files\/2022\/02\/16-300x138.jpeg\" alt=\"\" width=\"300\" height=\"138\" srcset=\"https:\/\/blogsaverroes.juntadeandalucia.es\/eielreal\/files\/2022\/02\/16-300x138.jpeg 300w, https:\/\/blogsaverroes.juntadeandalucia.es\/eielreal\/files\/2022\/02\/16-1024x471.jpeg 1024w, https:\/\/blogsaverroes.juntadeandalucia.es\/eielreal\/files\/2022\/02\/16-768x353.jpeg 768w, https:\/\/blogsaverroes.juntadeandalucia.es\/eielreal\/files\/2022\/02\/16-1536x707.jpeg 1536w, https:\/\/blogsaverroes.juntadeandalucia.es\/eielreal\/files\/2022\/02\/16-700x322.jpeg 700w, https:\/\/blogsaverroes.juntadeandalucia.es\/eielreal\/files\/2022\/02\/16.jpeg 1600w\" sizes=\"(max-width: 300px) 100vw, 300px\" \/><\/a> <a href=\"https:\/\/blogsaverroes.juntadeandalucia.es\/eielreal\/files\/2022\/02\/17.jpeg\"><img loading=\"lazy\" decoding=\"async\" class=\"alignnone size-medium wp-image-33119\" src=\"https:\/\/blogsaverroes.juntadeandalucia.es\/eielreal\/files\/2022\/02\/17-300x138.jpeg\" alt=\"\" width=\"300\" height=\"138\" srcset=\"https:\/\/blogsaverroes.juntadeandalucia.es\/eielreal\/files\/2022\/02\/17-300x138.jpeg 300w, https:\/\/blogsaverroes.juntadeandalucia.es\/eielreal\/files\/2022\/02\/17-1024x471.jpeg 1024w, https:\/\/blogsaverroes.juntadeandalucia.es\/eielreal\/files\/2022\/02\/17-768x353.jpeg 768w, https:\/\/blogsaverroes.juntadeandalucia.es\/eielreal\/files\/2022\/02\/17-1536x707.jpeg 1536w, https:\/\/blogsaverroes.juntadeandalucia.es\/eielreal\/files\/2022\/02\/17-700x322.jpeg 700w, https:\/\/blogsaverroes.juntadeandalucia.es\/eielreal\/files\/2022\/02\/17.jpeg 1600w\" sizes=\"(max-width: 300px) 100vw, 300px\" \/><\/a> <a href=\"https:\/\/blogsaverroes.juntadeandalucia.es\/eielreal\/files\/2022\/02\/18-copia.jpeg\"><img loading=\"lazy\" decoding=\"async\" class=\"alignnone size-medium wp-image-33120\" src=\"https:\/\/blogsaverroes.juntadeandalucia.es\/eielreal\/files\/2022\/02\/18-copia-300x138.jpeg\" alt=\"\" width=\"300\" height=\"138\" srcset=\"https:\/\/blogsaverroes.juntadeandalucia.es\/eielreal\/files\/2022\/02\/18-copia-300x138.jpeg 300w, https:\/\/blogsaverroes.juntadeandalucia.es\/eielreal\/files\/2022\/02\/18-copia-1024x471.jpeg 1024w, https:\/\/blogsaverroes.juntadeandalucia.es\/eielreal\/files\/2022\/02\/18-copia-768x353.jpeg 768w, https:\/\/blogsaverroes.juntadeandalucia.es\/eielreal\/files\/2022\/02\/18-copia-1536x707.jpeg 1536w, https:\/\/blogsaverroes.juntadeandalucia.es\/eielreal\/files\/2022\/02\/18-copia-700x322.jpeg 700w, https:\/\/blogsaverroes.juntadeandalucia.es\/eielreal\/files\/2022\/02\/18-copia.jpeg 1600w\" sizes=\"(max-width: 300px) 100vw, 300px\" \/><\/a> <a href=\"https:\/\/blogsaverroes.juntadeandalucia.es\/eielreal\/files\/2022\/02\/19.jpeg\"><img loading=\"lazy\" decoding=\"async\" class=\"alignnone size-medium wp-image-33121\" src=\"https:\/\/blogsaverroes.juntadeandalucia.es\/eielreal\/files\/2022\/02\/19-300x138.jpeg\" alt=\"\" width=\"300\" height=\"138\" srcset=\"https:\/\/blogsaverroes.juntadeandalucia.es\/eielreal\/files\/2022\/02\/19-300x138.jpeg 300w, https:\/\/blogsaverroes.juntadeandalucia.es\/eielreal\/files\/2022\/02\/19-1024x471.jpeg 1024w, https:\/\/blogsaverroes.juntadeandalucia.es\/eielreal\/files\/2022\/02\/19-768x353.jpeg 768w, https:\/\/blogsaverroes.juntadeandalucia.es\/eielreal\/files\/2022\/02\/19-1536x707.jpeg 1536w, https:\/\/blogsaverroes.juntadeandalucia.es\/eielreal\/files\/2022\/02\/19-700x322.jpeg 700w, https:\/\/blogsaverroes.juntadeandalucia.es\/eielreal\/files\/2022\/02\/19.jpeg 1600w\" sizes=\"(max-width: 300px) 100vw, 300px\" \/><\/a> <a href=\"https:\/\/blogsaverroes.juntadeandalucia.es\/eielreal\/files\/2022\/02\/20.jpeg\"><img loading=\"lazy\" decoding=\"async\" class=\"alignnone size-medium wp-image-33122\" src=\"https:\/\/blogsaverroes.juntadeandalucia.es\/eielreal\/files\/2022\/02\/20-300x138.jpeg\" alt=\"\" width=\"300\" height=\"138\" srcset=\"https:\/\/blogsaverroes.juntadeandalucia.es\/eielreal\/files\/2022\/02\/20-300x138.jpeg 300w, https:\/\/blogsaverroes.juntadeandalucia.es\/eielreal\/files\/2022\/02\/20-1024x471.jpeg 1024w, https:\/\/blogsaverroes.juntadeandalucia.es\/eielreal\/files\/2022\/02\/20-768x353.jpeg 768w, https:\/\/blogsaverroes.juntadeandalucia.es\/eielreal\/files\/2022\/02\/20-1536x707.jpeg 1536w, https:\/\/blogsaverroes.juntadeandalucia.es\/eielreal\/files\/2022\/02\/20-700x322.jpeg 700w, https:\/\/blogsaverroes.juntadeandalucia.es\/eielreal\/files\/2022\/02\/20.jpeg 1600w\" sizes=\"(max-width: 300px) 100vw, 300px\" \/><\/a> <a href=\"https:\/\/blogsaverroes.juntadeandalucia.es\/eielreal\/files\/2022\/02\/21.jpeg\"><img loading=\"lazy\" decoding=\"async\" class=\"alignnone size-medium wp-image-33123\" src=\"https:\/\/blogsaverroes.juntadeandalucia.es\/eielreal\/files\/2022\/02\/21-300x138.jpeg\" alt=\"\" width=\"300\" height=\"138\" srcset=\"https:\/\/blogsaverroes.juntadeandalucia.es\/eielreal\/files\/2022\/02\/21-300x138.jpeg 300w, https:\/\/blogsaverroes.juntadeandalucia.es\/eielreal\/files\/2022\/02\/21-1024x471.jpeg 1024w, https:\/\/blogsaverroes.juntadeandalucia.es\/eielreal\/files\/2022\/02\/21-768x353.jpeg 768w, https:\/\/blogsaverroes.juntadeandalucia.es\/eielreal\/files\/2022\/02\/21-1536x707.jpeg 1536w, https:\/\/blogsaverroes.juntadeandalucia.es\/eielreal\/files\/2022\/02\/21-700x322.jpeg 700w, https:\/\/blogsaverroes.juntadeandalucia.es\/eielreal\/files\/2022\/02\/21.jpeg 1600w\" sizes=\"(max-width: 300px) 100vw, 300px\" \/><\/a> <a href=\"https:\/\/blogsaverroes.juntadeandalucia.es\/eielreal\/files\/2022\/02\/22.jpeg\"><img loading=\"lazy\" decoding=\"async\" class=\"alignnone size-medium wp-image-33124\" src=\"https:\/\/blogsaverroes.juntadeandalucia.es\/eielreal\/files\/2022\/02\/22-300x138.jpeg\" alt=\"\" width=\"300\" height=\"138\" srcset=\"https:\/\/blogsaverroes.juntadeandalucia.es\/eielreal\/files\/2022\/02\/22-300x138.jpeg 300w, https:\/\/blogsaverroes.juntadeandalucia.es\/eielreal\/files\/2022\/02\/22-1024x471.jpeg 1024w, https:\/\/blogsaverroes.juntadeandalucia.es\/eielreal\/files\/2022\/02\/22-768x353.jpeg 768w, https:\/\/blogsaverroes.juntadeandalucia.es\/eielreal\/files\/2022\/02\/22-1536x707.jpeg 1536w, https:\/\/blogsaverroes.juntadeandalucia.es\/eielreal\/files\/2022\/02\/22-700x322.jpeg 700w, https:\/\/blogsaverroes.juntadeandalucia.es\/eielreal\/files\/2022\/02\/22.jpeg 1600w\" sizes=\"(max-width: 300px) 100vw, 300px\" \/><\/a><\/p>\n<p>Hemos hablado de los igl\u00fas, del por qu\u00e9 dentro no hace fr\u00edo y hemos vuelto a investigar sobre el calor de los cuerpos.\u00a0 Con esta ficha, ademas de la lectoescritura, hemos tratado la expresion pl\u00e1stica:<\/p>\n<p><a href=\"https:\/\/blogsaverroes.juntadeandalucia.es\/eielreal\/files\/2022\/02\/23.jpeg\"><img loading=\"lazy\" decoding=\"async\" class=\"alignnone size-medium wp-image-33125\" src=\"https:\/\/blogsaverroes.juntadeandalucia.es\/eielreal\/files\/2022\/02\/23-300x138.jpeg\" alt=\"\" width=\"300\" height=\"138\" srcset=\"https:\/\/blogsaverroes.juntadeandalucia.es\/eielreal\/files\/2022\/02\/23-300x138.jpeg 300w, https:\/\/blogsaverroes.juntadeandalucia.es\/eielreal\/files\/2022\/02\/23-1024x471.jpeg 1024w, https:\/\/blogsaverroes.juntadeandalucia.es\/eielreal\/files\/2022\/02\/23-768x353.jpeg 768w, https:\/\/blogsaverroes.juntadeandalucia.es\/eielreal\/files\/2022\/02\/23-1536x707.jpeg 1536w, https:\/\/blogsaverroes.juntadeandalucia.es\/eielreal\/files\/2022\/02\/23-700x322.jpeg 700w, https:\/\/blogsaverroes.juntadeandalucia.es\/eielreal\/files\/2022\/02\/23.jpeg 1600w\" sizes=\"(max-width: 300px) 100vw, 300px\" \/><\/a> <a href=\"https:\/\/blogsaverroes.juntadeandalucia.es\/eielreal\/files\/2022\/02\/25.jpeg\"><img loading=\"lazy\" decoding=\"async\" class=\"alignnone size-medium wp-image-33126\" src=\"https:\/\/blogsaverroes.juntadeandalucia.es\/eielreal\/files\/2022\/02\/25-300x138.jpeg\" alt=\"\" width=\"300\" height=\"138\" srcset=\"https:\/\/blogsaverroes.juntadeandalucia.es\/eielreal\/files\/2022\/02\/25-300x138.jpeg 300w, https:\/\/blogsaverroes.juntadeandalucia.es\/eielreal\/files\/2022\/02\/25-1024x471.jpeg 1024w, https:\/\/blogsaverroes.juntadeandalucia.es\/eielreal\/files\/2022\/02\/25-768x353.jpeg 768w, https:\/\/blogsaverroes.juntadeandalucia.es\/eielreal\/files\/2022\/02\/25-1536x707.jpeg 1536w, https:\/\/blogsaverroes.juntadeandalucia.es\/eielreal\/files\/2022\/02\/25-700x322.jpeg 700w, https:\/\/blogsaverroes.juntadeandalucia.es\/eielreal\/files\/2022\/02\/25.jpeg 1600w\" sizes=\"(max-width: 300px) 100vw, 300px\" \/><\/a> <a href=\"https:\/\/blogsaverroes.juntadeandalucia.es\/eielreal\/files\/2022\/02\/26.jpeg\"><img loading=\"lazy\" decoding=\"async\" class=\"alignnone size-medium wp-image-33127\" src=\"https:\/\/blogsaverroes.juntadeandalucia.es\/eielreal\/files\/2022\/02\/26-300x138.jpeg\" alt=\"\" width=\"300\" height=\"138\" srcset=\"https:\/\/blogsaverroes.juntadeandalucia.es\/eielreal\/files\/2022\/02\/26-300x138.jpeg 300w, https:\/\/blogsaverroes.juntadeandalucia.es\/eielreal\/files\/2022\/02\/26-1024x471.jpeg 1024w, https:\/\/blogsaverroes.juntadeandalucia.es\/eielreal\/files\/2022\/02\/26-768x353.jpeg 768w, https:\/\/blogsaverroes.juntadeandalucia.es\/eielreal\/files\/2022\/02\/26-1536x707.jpeg 1536w, https:\/\/blogsaverroes.juntadeandalucia.es\/eielreal\/files\/2022\/02\/26-700x322.jpeg 700w, https:\/\/blogsaverroes.juntadeandalucia.es\/eielreal\/files\/2022\/02\/26.jpeg 1600w\" sizes=\"(max-width: 300px) 100vw, 300px\" \/><\/a> <a href=\"https:\/\/blogsaverroes.juntadeandalucia.es\/eielreal\/files\/2022\/02\/27.jpeg\"><img loading=\"lazy\" decoding=\"async\" class=\"alignnone size-medium wp-image-33128\" src=\"https:\/\/blogsaverroes.juntadeandalucia.es\/eielreal\/files\/2022\/02\/27-138x300.jpeg\" alt=\"\" width=\"138\" height=\"300\" srcset=\"https:\/\/blogsaverroes.juntadeandalucia.es\/eielreal\/files\/2022\/02\/27-138x300.jpeg 138w, https:\/\/blogsaverroes.juntadeandalucia.es\/eielreal\/files\/2022\/02\/27-471x1024.jpeg 471w, https:\/\/blogsaverroes.juntadeandalucia.es\/eielreal\/files\/2022\/02\/27-707x1536.jpeg 707w, https:\/\/blogsaverroes.juntadeandalucia.es\/eielreal\/files\/2022\/02\/27-700x1522.jpeg 700w, https:\/\/blogsaverroes.juntadeandalucia.es\/eielreal\/files\/2022\/02\/27.jpeg 736w\" sizes=\"(max-width: 138px) 100vw, 138px\" \/><\/a><\/p>\n<p>Esto que veis en esta publicaci\u00f3n es solo una parte de lo que llevamos trabajado en las clases de 3 a\u00f1os. Como sabeis seguimos con esta tem\u00e1tica porque ellos siguen muy motivados. Ahora m\u00e1s que viene el Carnaval y estamos hablando de los animales que viven en los Polos&#8230;<\/p>\n<p>Un saludo<\/p>\n<p>Sara M.<\/p>\n<p>&nbsp;<\/p>\n<p>&nbsp;<\/p>\n","protected":false},"excerpt":{"rendered":"<p>EL POLO NORTE PRIMEROS DE ENERO Y&#8230;QU\u00c9 FRIO As\u00ed empieza nuestra aventura sobre el Polo Norte. Las primeras semanas de enero se han presentado bastante g\u00e9lidas y parece que va a nevar&#8230; \u00bfHay alg\u00fan&#46;&#46;&#46;<\/p>\n","protected":false},"author":3183,"featured_media":33130,"comment_status":"open","ping_status":"open","sticky":false,"template":"","format":"standard","meta":{"ngg_post_thumbnail":0,"footnotes":""},"categories":[1740585,1740586,11909],"tags":[205244,1740596,1740597],"aioseo_notices":[],"_links":{"self":[{"href":"https:\/\/blogsaverroes.juntadeandalucia.es\/eielreal\/wp-json\/wp\/v2\/posts\/33101"}],"collection":[{"href":"https:\/\/blogsaverroes.juntadeandalucia.es\/eielreal\/wp-json\/wp\/v2\/posts"}],"about":[{"href":"https:\/\/blogsaverroes.juntadeandalucia.es\/eielreal\/wp-json\/wp\/v2\/types\/post"}],"author":[{"embeddable":true,"href":"https:\/\/blogsaverroes.juntadeandalucia.es\/eielreal\/wp-json\/wp\/v2\/users\/3183"}],"replies":[{"embeddable":true,"href":"https:\/\/blogsaverroes.juntadeandalucia.es\/eielreal\/wp-json\/wp\/v2\/comments?post=33101"}],"version-history":[{"count":4,"href":"https:\/\/blogsaverroes.juntadeandalucia.es\/eielreal\/wp-json\/wp\/v2\/posts\/33101\/revisions"}],"predecessor-version":[{"id":33134,"href":"https:\/\/blogsaverroes.juntadeandalucia.es\/eielreal\/wp-json\/wp\/v2\/posts\/33101\/revisions\/33134"}],"wp:featuredmedia":[{"embeddable":true,"href":"https:\/\/blogsaverroes.juntadeandalucia.es\/eielreal\/wp-json\/wp\/v2\/media\/33130"}],"wp:attachment":[{"href":"https:\/\/blogsaverroes.juntadeandalucia.es\/eielreal\/wp-json\/wp\/v2\/media?parent=33101"}],"wp:term":[{"taxonomy":"category","embeddable":true,"href":"https:\/\/blogsaverroes.juntadeandalucia.es\/eielreal\/wp-json\/wp\/v2\/categories?post=33101"},{"taxonomy":"post_tag","embeddable":true,"href":"https:\/\/blogsaverroes.juntadeandalucia.es\/eielreal\/wp-json\/wp\/v2\/tags?post=33101"}],"curies":[{"name":"wp","href":"https:\/\/api.w.org\/{rel}","templated":true}]}}