{"id":3460,"date":"2016-03-12T20:49:22","date_gmt":"2016-03-12T20:49:22","guid":{"rendered":"http:\/\/blogsaverroes.juntadeandalucia.es\/eielreal\/?p=3460"},"modified":"2016-03-12T20:49:22","modified_gmt":"2016-03-12T20:49:22","slug":"el-real-sale-en-procesion","status":"publish","type":"post","link":"https:\/\/blogsaverroes.juntadeandalucia.es\/eielreal\/el-real-sale-en-procesion\/","title":{"rendered":"\u00abEl Real\u00bb sale en procesi\u00f3n"},"content":{"rendered":"<p><a href=\"http:\/\/blogsaverroes.juntadeandalucia.es\/eielreal\/files\/2016\/03\/IMG_20150414_133604.jpg\"><img loading=\"lazy\" decoding=\"async\" class=\"alignnone size-medium wp-image-3461\" src=\"http:\/\/blogsaverroes.juntadeandalucia.es\/eielreal\/files\/2016\/03\/IMG_20150414_133604-225x300.jpg\" alt=\"IMG_20150414_133604\" width=\"225\" height=\"300\" srcset=\"https:\/\/blogsaverroes.juntadeandalucia.es\/eielreal\/files\/2016\/03\/IMG_20150414_133604-225x300.jpg 225w, https:\/\/blogsaverroes.juntadeandalucia.es\/eielreal\/files\/2016\/03\/IMG_20150414_133604-768x1024.jpg 768w, https:\/\/blogsaverroes.juntadeandalucia.es\/eielreal\/files\/2016\/03\/IMG_20150414_133604-700x933.jpg 700w, https:\/\/blogsaverroes.juntadeandalucia.es\/eielreal\/files\/2016\/03\/IMG_20150414_133604.jpg 1200w\" sizes=\"(max-width: 225px) 100vw, 225px\" \/><\/a> <a href=\"http:\/\/blogsaverroes.juntadeandalucia.es\/eielreal\/files\/2016\/03\/IMG_20150327_124511.jpg\"><img loading=\"lazy\" decoding=\"async\" class=\"alignnone size-medium wp-image-3462\" src=\"http:\/\/blogsaverroes.juntadeandalucia.es\/eielreal\/files\/2016\/03\/IMG_20150327_124511-300x225.jpg\" alt=\"IMG_20150327_124511\" width=\"300\" height=\"225\" srcset=\"https:\/\/blogsaverroes.juntadeandalucia.es\/eielreal\/files\/2016\/03\/IMG_20150327_124511-300x225.jpg 300w, https:\/\/blogsaverroes.juntadeandalucia.es\/eielreal\/files\/2016\/03\/IMG_20150327_124511-1024x768.jpg 1024w, https:\/\/blogsaverroes.juntadeandalucia.es\/eielreal\/files\/2016\/03\/IMG_20150327_124511-700x525.jpg 700w, https:\/\/blogsaverroes.juntadeandalucia.es\/eielreal\/files\/2016\/03\/IMG_20150327_124511.jpg 1600w\" sizes=\"(max-width: 300px) 100vw, 300px\" \/><\/a><\/p>\n<p>&nbsp;<\/p>\n<p>D\u00eda: viernes 18 de marzo de 2016<\/p>\n<p>Hora: 10 de la ma\u00f1ana<\/p>\n<p>Recorrido: Salida \u00a0del Centro por c\/ Alfonso X; c\/ Santa Luc\u00eda; Iglesia de San Ant\u00f3n; Plaza de San Ant\u00f3n; c\/ Andaluc\u00eda; Entrada en el Colegio.<\/p>\n","protected":false},"excerpt":{"rendered":"<p>&nbsp; D\u00eda: viernes 18 de marzo de 2016 Hora: 10 de la ma\u00f1ana Recorrido: Salida \u00a0del Centro por c\/ Alfonso X; c\/ Santa Luc\u00eda; Iglesia de San Ant\u00f3n; Plaza de San Ant\u00f3n; c\/ Andaluc\u00eda;&#46;&#46;&#46;<\/p>\n","protected":false},"author":1886,"featured_media":3461,"comment_status":"open","ping_status":"open","sticky":false,"template":"","format":"standard","meta":{"ngg_post_thumbnail":0,"footnotes":""},"categories":[1705],"tags":[],"aioseo_notices":[],"_links":{"self":[{"href":"https:\/\/blogsaverroes.juntadeandalucia.es\/eielreal\/wp-json\/wp\/v2\/posts\/3460"}],"collection":[{"href":"https:\/\/blogsaverroes.juntadeandalucia.es\/eielreal\/wp-json\/wp\/v2\/posts"}],"about":[{"href":"https:\/\/blogsaverroes.juntadeandalucia.es\/eielreal\/wp-json\/wp\/v2\/types\/post"}],"author":[{"embeddable":true,"href":"https:\/\/blogsaverroes.juntadeandalucia.es\/eielreal\/wp-json\/wp\/v2\/users\/1886"}],"replies":[{"embeddable":true,"href":"https:\/\/blogsaverroes.juntadeandalucia.es\/eielreal\/wp-json\/wp\/v2\/comments?post=3460"}],"version-history":[{"count":3,"href":"https:\/\/blogsaverroes.juntadeandalucia.es\/eielreal\/wp-json\/wp\/v2\/posts\/3460\/revisions"}],"predecessor-version":[{"id":3465,"href":"https:\/\/blogsaverroes.juntadeandalucia.es\/eielreal\/wp-json\/wp\/v2\/posts\/3460\/revisions\/3465"}],"wp:featuredmedia":[{"embeddable":true,"href":"https:\/\/blogsaverroes.juntadeandalucia.es\/eielreal\/wp-json\/wp\/v2\/media\/3461"}],"wp:attachment":[{"href":"https:\/\/blogsaverroes.juntadeandalucia.es\/eielreal\/wp-json\/wp\/v2\/media?parent=3460"}],"wp:term":[{"taxonomy":"category","embeddable":true,"href":"https:\/\/blogsaverroes.juntadeandalucia.es\/eielreal\/wp-json\/wp\/v2\/categories?post=3460"},{"taxonomy":"post_tag","embeddable":true,"href":"https:\/\/blogsaverroes.juntadeandalucia.es\/eielreal\/wp-json\/wp\/v2\/tags?post=3460"}],"curies":[{"name":"wp","href":"https:\/\/api.w.org\/{rel}","templated":true}]}}