{"id":34819,"date":"2022-05-01T21:18:19","date_gmt":"2022-05-01T21:18:19","guid":{"rendered":"https:\/\/blogsaverroes.juntadeandalucia.es\/eielreal\/?p=34819"},"modified":"2022-05-01T21:18:19","modified_gmt":"2022-05-01T21:18:19","slug":"nuestros-amigos-los-vencejos","status":"publish","type":"post","link":"https:\/\/blogsaverroes.juntadeandalucia.es\/eielreal\/nuestros-amigos-los-vencejos\/","title":{"rendered":"NUESTROS AMIGOS LOS VENCEJOS"},"content":{"rendered":"<p>El pasado 29 de marzo, tuvimos una visita muy especial en nuestro centro. Un pap\u00e1 de una alumna de 4 a\u00f1os B (Enrique) junto con sus compa\u00f1eros (\u00c1ngel, Esperanza y Olga) nos brindaron la oportunidad de conocer a nuestros amigos LOS VENCEJOS. Estas aves durante la primavera revolotean por nuestro patio contando con numerosos nidos en nuestros tejados.<\/p>\n<p>ECOURBE Un grupo de bi\u00f3logos de Sevilla forman el n\u00facleo de esta entidad socioambiental constituida para tratar de mejorar el ecosistema urbano. los objetivos fundamentales de esta asociaci\u00f3n son:<\/p>\n<address>\u2013 Fomentar la educaci\u00f3n ambiental.<\/address>\n<address>\u2013 Asesoramiento para la gesti\u00f3n de los ecosistemas urbanos.<\/address>\n<address>\u2013 Dar a conocer la biodiversidad urbana.<\/address>\n<address>\u2013 Solucionar los conflictos sociaoambientales<\/address>\n<address>.<\/address>\n<p>Tanto peque\u00f1os como mayores pasamos un d\u00eda maravilloso concienci\u00e1ndonos de la importancia de cuidar a nuestros amigos.<\/p>\n<p>Dividieron la jornada en varios talleres te\u00f3ricos pr\u00e1cticos muy divertidos, los cu\u00e1les pod\u00e9is ver a continuaci\u00f3n en el siguiente v\u00eddeo:<\/p>\n<p><iframe loading=\"lazy\" title=\"VENCEJOS\" width=\"500\" height=\"281\" src=\"https:\/\/www.youtube.com\/embed\/rkyZ3ewRZ1o?feature=oembed&#038;wmode=opaque\" frameborder=\"0\" allow=\"accelerometer; autoplay; clipboard-write; encrypted-media; gyroscope; picture-in-picture; web-share\" referrerpolicy=\"strict-origin-when-cross-origin\" allowfullscreen><\/iframe><\/p>\n<p>&nbsp;<\/p>\n<p>Queremos dar las gracias a este equipo tan entregado y comprometido con su labor y que tanto nos ha motivado en seguir conociendo y ayudando a nuestros amigos LOS VENCEJOS.<\/p>\n<p>El pr\u00f3ximo d\u00eda 7 de junio, celebraremos el d\u00eda de Los vencejos en nuestro centro para completar las actividades que nos ofrecieron en su visita al centro que tanto nos gustaron.<\/p>\n<p>HASTA PRONTO&#8230;<\/p>\n<p>&nbsp;<\/p>\n<p>ROSARIO L\u00d3PEZ<\/p>\n<p>COORDINADORA CICLO DE LA EEI EL REAL<\/p>\n<p>&nbsp;<\/p>\n","protected":false},"excerpt":{"rendered":"<p>El pasado 29 de marzo, tuvimos una visita muy especial en nuestro centro. Un pap\u00e1 de una alumna de 4 a\u00f1os B (Enrique) junto con sus compa\u00f1eros (\u00c1ngel, Esperanza y Olga) nos brindaron la&#46;&#46;&#46;<\/p>\n","protected":false},"author":3183,"featured_media":34820,"comment_status":"open","ping_status":"open","sticky":false,"template":"","format":"standard","meta":{"ngg_post_thumbnail":0,"footnotes":""},"categories":[1740585],"tags":[],"aioseo_notices":[],"_links":{"self":[{"href":"https:\/\/blogsaverroes.juntadeandalucia.es\/eielreal\/wp-json\/wp\/v2\/posts\/34819"}],"collection":[{"href":"https:\/\/blogsaverroes.juntadeandalucia.es\/eielreal\/wp-json\/wp\/v2\/posts"}],"about":[{"href":"https:\/\/blogsaverroes.juntadeandalucia.es\/eielreal\/wp-json\/wp\/v2\/types\/post"}],"author":[{"embeddable":true,"href":"https:\/\/blogsaverroes.juntadeandalucia.es\/eielreal\/wp-json\/wp\/v2\/users\/3183"}],"replies":[{"embeddable":true,"href":"https:\/\/blogsaverroes.juntadeandalucia.es\/eielreal\/wp-json\/wp\/v2\/comments?post=34819"}],"version-history":[{"count":1,"href":"https:\/\/blogsaverroes.juntadeandalucia.es\/eielreal\/wp-json\/wp\/v2\/posts\/34819\/revisions"}],"predecessor-version":[{"id":34821,"href":"https:\/\/blogsaverroes.juntadeandalucia.es\/eielreal\/wp-json\/wp\/v2\/posts\/34819\/revisions\/34821"}],"wp:featuredmedia":[{"embeddable":true,"href":"https:\/\/blogsaverroes.juntadeandalucia.es\/eielreal\/wp-json\/wp\/v2\/media\/34820"}],"wp:attachment":[{"href":"https:\/\/blogsaverroes.juntadeandalucia.es\/eielreal\/wp-json\/wp\/v2\/media?parent=34819"}],"wp:term":[{"taxonomy":"category","embeddable":true,"href":"https:\/\/blogsaverroes.juntadeandalucia.es\/eielreal\/wp-json\/wp\/v2\/categories?post=34819"},{"taxonomy":"post_tag","embeddable":true,"href":"https:\/\/blogsaverroes.juntadeandalucia.es\/eielreal\/wp-json\/wp\/v2\/tags?post=34819"}],"curies":[{"name":"wp","href":"https:\/\/api.w.org\/{rel}","templated":true}]}}