{"id":34877,"date":"2022-05-10T09:58:37","date_gmt":"2022-05-10T09:58:37","guid":{"rendered":"https:\/\/blogsaverroes.juntadeandalucia.es\/eielreal\/?p=34877"},"modified":"2022-05-10T10:07:21","modified_gmt":"2022-05-10T10:07:21","slug":"campana-de-seguridad-para-los-ninos-en-la-feria","status":"publish","type":"post","link":"https:\/\/blogsaverroes.juntadeandalucia.es\/eielreal\/campana-de-seguridad-para-los-ninos-en-la-feria\/","title":{"rendered":"CAMPA\u00d1A DE SEGURIDAD PARA LOS NI\u00d1OS EN LA FERIA"},"content":{"rendered":"<p>Dentro del Programa <strong>\u201cCreciendo en Salud\u201d<\/strong> desde la <strong>L\u00ednea de intervenci\u00f3n de Autocuidados y Accidentalidad<\/strong> en una de las cuales est\u00e1 inscritos nuestro centro, queremos se\u00f1alar la contribuci\u00f3n de la familia, de los y las docentes y de multitud de profesionales, <strong>es fundamental a la hora de proporcionar al alumnado ambientes seguros<\/strong>, no s\u00f3lo eliminando los peligros potenciales sino educ\u00e1ndoles para desarrollar las habilidades y actitudes que les permitan hacer frente a los riesgos que les rodean en su actividad diaria en el colegio, dentro o fuera del hogar, as\u00ed como en situaciones en las que nos podemos encontrar de forma involuntaria en nuestro d\u00eda a d\u00eda.<\/p>\n<p><a href=\"https:\/\/blogsaverroes.juntadeandalucia.es\/eielreal\/files\/2022\/05\/9d2187b6-e242-4ef2-9d90-55c6ce521dba.jpg\"><img loading=\"lazy\" decoding=\"async\" class=\"size-medium wp-image-34893 alignnone\" src=\"https:\/\/blogsaverroes.juntadeandalucia.es\/eielreal\/files\/2022\/05\/9d2187b6-e242-4ef2-9d90-55c6ce521dba-300x225.jpg\" alt=\"\" width=\"300\" height=\"225\" srcset=\"https:\/\/blogsaverroes.juntadeandalucia.es\/eielreal\/files\/2022\/05\/9d2187b6-e242-4ef2-9d90-55c6ce521dba-300x225.jpg 300w, https:\/\/blogsaverroes.juntadeandalucia.es\/eielreal\/files\/2022\/05\/9d2187b6-e242-4ef2-9d90-55c6ce521dba-1024x768.jpg 1024w, https:\/\/blogsaverroes.juntadeandalucia.es\/eielreal\/files\/2022\/05\/9d2187b6-e242-4ef2-9d90-55c6ce521dba-768x576.jpg 768w, https:\/\/blogsaverroes.juntadeandalucia.es\/eielreal\/files\/2022\/05\/9d2187b6-e242-4ef2-9d90-55c6ce521dba-1536x1152.jpg 1536w, https:\/\/blogsaverroes.juntadeandalucia.es\/eielreal\/files\/2022\/05\/9d2187b6-e242-4ef2-9d90-55c6ce521dba-700x525.jpg 700w, https:\/\/blogsaverroes.juntadeandalucia.es\/eielreal\/files\/2022\/05\/9d2187b6-e242-4ef2-9d90-55c6ce521dba.jpg 1600w\" sizes=\"(max-width: 300px) 100vw, 300px\" \/>\u00a0<\/a> <a href=\"https:\/\/blogsaverroes.juntadeandalucia.es\/eielreal\/files\/2022\/05\/e1cb1fc7-60d7-4041-b27a-a955f819bd8a.jpg\"><img loading=\"lazy\" decoding=\"async\" class=\"size-medium wp-image-34896 alignnone\" src=\"https:\/\/blogsaverroes.juntadeandalucia.es\/eielreal\/files\/2022\/05\/e1cb1fc7-60d7-4041-b27a-a955f819bd8a-300x225.jpg\" alt=\"\" width=\"300\" height=\"225\" srcset=\"https:\/\/blogsaverroes.juntadeandalucia.es\/eielreal\/files\/2022\/05\/e1cb1fc7-60d7-4041-b27a-a955f819bd8a-300x225.jpg 300w, https:\/\/blogsaverroes.juntadeandalucia.es\/eielreal\/files\/2022\/05\/e1cb1fc7-60d7-4041-b27a-a955f819bd8a-1024x768.jpg 1024w, https:\/\/blogsaverroes.juntadeandalucia.es\/eielreal\/files\/2022\/05\/e1cb1fc7-60d7-4041-b27a-a955f819bd8a-768x576.jpg 768w, https:\/\/blogsaverroes.juntadeandalucia.es\/eielreal\/files\/2022\/05\/e1cb1fc7-60d7-4041-b27a-a955f819bd8a-1536x1152.jpg 1536w, https:\/\/blogsaverroes.juntadeandalucia.es\/eielreal\/files\/2022\/05\/e1cb1fc7-60d7-4041-b27a-a955f819bd8a-700x525.jpg 700w, https:\/\/blogsaverroes.juntadeandalucia.es\/eielreal\/files\/2022\/05\/e1cb1fc7-60d7-4041-b27a-a955f819bd8a.jpg 1600w\" sizes=\"(max-width: 300px) 100vw, 300px\" \/><\/a><\/p>\n<p>Para ello, en\u00a0 la ma\u00f1ana del 10 de mayo, Concepci\u00f3n S\u00e1nchez y Jes\u00fas R\u00edos, dos miembros de <strong>PROTECCI\u00d3N CIVIL CARMONA<\/strong>, nos han visitado acercando su figura a los ni\u00f1os y ni\u00f1as de nuestro colegio. Nos han contado quienes son, a qu\u00e9 se dedican y c\u00f3mo y en qu\u00e9 situaciones pueden ayudarnos.<\/p>\n<p><a href=\"https:\/\/blogsaverroes.juntadeandalucia.es\/eielreal\/files\/2022\/05\/0bcee077-a274-40d7-b8cd-22bf6d933685.jpg\"><img loading=\"lazy\" decoding=\"async\" class=\"size-medium wp-image-34890 alignnone\" src=\"https:\/\/blogsaverroes.juntadeandalucia.es\/eielreal\/files\/2022\/05\/0bcee077-a274-40d7-b8cd-22bf6d933685-300x225.jpg\" alt=\"\" width=\"300\" height=\"225\" srcset=\"https:\/\/blogsaverroes.juntadeandalucia.es\/eielreal\/files\/2022\/05\/0bcee077-a274-40d7-b8cd-22bf6d933685-300x225.jpg 300w, https:\/\/blogsaverroes.juntadeandalucia.es\/eielreal\/files\/2022\/05\/0bcee077-a274-40d7-b8cd-22bf6d933685-1024x768.jpg 1024w, https:\/\/blogsaverroes.juntadeandalucia.es\/eielreal\/files\/2022\/05\/0bcee077-a274-40d7-b8cd-22bf6d933685-768x576.jpg 768w, https:\/\/blogsaverroes.juntadeandalucia.es\/eielreal\/files\/2022\/05\/0bcee077-a274-40d7-b8cd-22bf6d933685-1536x1152.jpg 1536w, https:\/\/blogsaverroes.juntadeandalucia.es\/eielreal\/files\/2022\/05\/0bcee077-a274-40d7-b8cd-22bf6d933685-700x525.jpg 700w, https:\/\/blogsaverroes.juntadeandalucia.es\/eielreal\/files\/2022\/05\/0bcee077-a274-40d7-b8cd-22bf6d933685.jpg 1600w\" sizes=\"(max-width: 300px) 100vw, 300px\" \/>\u00a0<\/a> <a href=\"https:\/\/blogsaverroes.juntadeandalucia.es\/eielreal\/files\/2022\/05\/e3fce779-a1df-4671-bec8-0ab46e362883.jpg\"><img loading=\"lazy\" decoding=\"async\" class=\" wp-image-34897 alignnone\" src=\"https:\/\/blogsaverroes.juntadeandalucia.es\/eielreal\/files\/2022\/05\/e3fce779-a1df-4671-bec8-0ab46e362883-300x225.jpg\" alt=\"\" width=\"300\" height=\"225\" srcset=\"https:\/\/blogsaverroes.juntadeandalucia.es\/eielreal\/files\/2022\/05\/e3fce779-a1df-4671-bec8-0ab46e362883-300x225.jpg 300w, https:\/\/blogsaverroes.juntadeandalucia.es\/eielreal\/files\/2022\/05\/e3fce779-a1df-4671-bec8-0ab46e362883-1024x768.jpg 1024w, https:\/\/blogsaverroes.juntadeandalucia.es\/eielreal\/files\/2022\/05\/e3fce779-a1df-4671-bec8-0ab46e362883-768x576.jpg 768w, https:\/\/blogsaverroes.juntadeandalucia.es\/eielreal\/files\/2022\/05\/e3fce779-a1df-4671-bec8-0ab46e362883-1536x1152.jpg 1536w, https:\/\/blogsaverroes.juntadeandalucia.es\/eielreal\/files\/2022\/05\/e3fce779-a1df-4671-bec8-0ab46e362883-700x525.jpg 700w, https:\/\/blogsaverroes.juntadeandalucia.es\/eielreal\/files\/2022\/05\/e3fce779-a1df-4671-bec8-0ab46e362883.jpg 1600w\" sizes=\"(max-width: 300px) 100vw, 300px\" \/><\/a><\/p>\n<p>Todo esto forma parte de la campa\u00f1a de seguridad para los ni\u00f1os en feria. Nos han ofrecido algunos consejos,\u00a0 qu\u00e9 hacer en caso de que se despisten de los papis aconsej\u00e1ndoles sobre c\u00f3mo deben actuar y a quien se deben dirigir.<a href=\"https:\/\/blogsaverroes.juntadeandalucia.es\/eielreal\/files\/2022\/05\/db258915-db1e-4bc3-bc4c-e86356d5f3e4.jpg\"><img loading=\"lazy\" decoding=\"async\" class=\"size-medium wp-image-34879 aligncenter\" src=\"https:\/\/blogsaverroes.juntadeandalucia.es\/eielreal\/files\/2022\/05\/db258915-db1e-4bc3-bc4c-e86356d5f3e4-300x300.jpg\" alt=\"\" width=\"300\" height=\"300\" srcset=\"https:\/\/blogsaverroes.juntadeandalucia.es\/eielreal\/files\/2022\/05\/db258915-db1e-4bc3-bc4c-e86356d5f3e4-300x300.jpg 300w, https:\/\/blogsaverroes.juntadeandalucia.es\/eielreal\/files\/2022\/05\/db258915-db1e-4bc3-bc4c-e86356d5f3e4-1024x1021.jpg 1024w, https:\/\/blogsaverroes.juntadeandalucia.es\/eielreal\/files\/2022\/05\/db258915-db1e-4bc3-bc4c-e86356d5f3e4-150x150.jpg 150w, https:\/\/blogsaverroes.juntadeandalucia.es\/eielreal\/files\/2022\/05\/db258915-db1e-4bc3-bc4c-e86356d5f3e4-768x766.jpg 768w, https:\/\/blogsaverroes.juntadeandalucia.es\/eielreal\/files\/2022\/05\/db258915-db1e-4bc3-bc4c-e86356d5f3e4-432x432.jpg 432w, https:\/\/blogsaverroes.juntadeandalucia.es\/eielreal\/files\/2022\/05\/db258915-db1e-4bc3-bc4c-e86356d5f3e4-268x268.jpg 268w, https:\/\/blogsaverroes.juntadeandalucia.es\/eielreal\/files\/2022\/05\/db258915-db1e-4bc3-bc4c-e86356d5f3e4-700x698.jpg 700w, https:\/\/blogsaverroes.juntadeandalucia.es\/eielreal\/files\/2022\/05\/db258915-db1e-4bc3-bc4c-e86356d5f3e4.jpg 1027w\" sizes=\"(max-width: 300px) 100vw, 300px\" \/><\/a><\/p>\n<p>Su intervenci\u00f3n ha estado enfocada a orientarnos ante determinadas situaciones cotidianas, principalmente:<\/p>\n<ul>\n<li>Qu\u00e9 hacer si nos perdemos y c\u00f3mo evitarlo<\/li>\n<li>Seguridad en los desplazamientos<\/li>\n<li>Actitud en pasos de peatones.<\/li>\n<li>Seguridad y consejos en las atracciones de feria<\/li>\n<\/ul>\n<p><a href=\"https:\/\/blogsaverroes.juntadeandalucia.es\/eielreal\/files\/2022\/05\/7da0a0a7-afda-4860-992a-4f7da4533667.jpg\"><img loading=\"lazy\" decoding=\"async\" class=\"size-medium wp-image-34892 aligncenter\" src=\"https:\/\/blogsaverroes.juntadeandalucia.es\/eielreal\/files\/2022\/05\/7da0a0a7-afda-4860-992a-4f7da4533667-300x225.jpg\" alt=\"\" width=\"300\" height=\"225\" srcset=\"https:\/\/blogsaverroes.juntadeandalucia.es\/eielreal\/files\/2022\/05\/7da0a0a7-afda-4860-992a-4f7da4533667-300x225.jpg 300w, https:\/\/blogsaverroes.juntadeandalucia.es\/eielreal\/files\/2022\/05\/7da0a0a7-afda-4860-992a-4f7da4533667-1024x768.jpg 1024w, https:\/\/blogsaverroes.juntadeandalucia.es\/eielreal\/files\/2022\/05\/7da0a0a7-afda-4860-992a-4f7da4533667-768x576.jpg 768w, https:\/\/blogsaverroes.juntadeandalucia.es\/eielreal\/files\/2022\/05\/7da0a0a7-afda-4860-992a-4f7da4533667-1536x1152.jpg 1536w, https:\/\/blogsaverroes.juntadeandalucia.es\/eielreal\/files\/2022\/05\/7da0a0a7-afda-4860-992a-4f7da4533667-700x525.jpg 700w, https:\/\/blogsaverroes.juntadeandalucia.es\/eielreal\/files\/2022\/05\/7da0a0a7-afda-4860-992a-4f7da4533667.jpg 1600w\" sizes=\"(max-width: 300px) 100vw, 300px\" \/><\/a><\/p>\n<p>Para que en caso de p\u00e9rdida sea m\u00e1s f\u00e1cil localizar la los peque\u00f1os, nos han repartido unas pulseras localizadoras que se cumplimentar\u00e1 con el nombre del menor y el tel\u00e9fono de sus padres.<a href=\"https:\/\/blogsaverroes.juntadeandalucia.es\/eielreal\/files\/2022\/05\/c36c8ceb-e232-4da3-a367-ae694a8f10f3.jpg\"><img loading=\"lazy\" decoding=\"async\" class=\"size-medium wp-image-34895 aligncenter\" src=\"https:\/\/blogsaverroes.juntadeandalucia.es\/eielreal\/files\/2022\/05\/c36c8ceb-e232-4da3-a367-ae694a8f10f3-300x225.jpg\" alt=\"\" width=\"300\" height=\"225\" srcset=\"https:\/\/blogsaverroes.juntadeandalucia.es\/eielreal\/files\/2022\/05\/c36c8ceb-e232-4da3-a367-ae694a8f10f3-300x225.jpg 300w, https:\/\/blogsaverroes.juntadeandalucia.es\/eielreal\/files\/2022\/05\/c36c8ceb-e232-4da3-a367-ae694a8f10f3-1024x768.jpg 1024w, https:\/\/blogsaverroes.juntadeandalucia.es\/eielreal\/files\/2022\/05\/c36c8ceb-e232-4da3-a367-ae694a8f10f3-768x576.jpg 768w, https:\/\/blogsaverroes.juntadeandalucia.es\/eielreal\/files\/2022\/05\/c36c8ceb-e232-4da3-a367-ae694a8f10f3-1536x1152.jpg 1536w, https:\/\/blogsaverroes.juntadeandalucia.es\/eielreal\/files\/2022\/05\/c36c8ceb-e232-4da3-a367-ae694a8f10f3-700x525.jpg 700w, https:\/\/blogsaverroes.juntadeandalucia.es\/eielreal\/files\/2022\/05\/c36c8ceb-e232-4da3-a367-ae694a8f10f3.jpg 1600w\" sizes=\"(max-width: 300px) 100vw, 300px\" \/><\/a><\/p>\n<p>Protecci\u00f3n Civil nos informa tambi\u00e9n donde podremos encontrar mas pulseras para todo aquel que lo necesiten. Estar\u00e1n en la ERMITA DE SAN ANT\u00d3N en el siguiente horario:<\/p>\n<ul>\n<li>Mi\u00e9rcoles y Jueves a partir de las 20:00 horas<\/li>\n<li>Viernes, S\u00e1bado y Domingo a partir de las 13:00 horas<\/li>\n<\/ul>\n<p>A su vez el resto de compa\u00f1eros y voluntarios que estar\u00e1n por la feria tambi\u00e9n llevar\u00e1n pulseras por lo que podemos dirigirnos a ellos y solicit\u00e1rselas.<a href=\"https:\/\/blogsaverroes.juntadeandalucia.es\/eielreal\/files\/2022\/05\/3725321a-b3b2-4a89-9f1b-ee0b1f263d57.jpg\"><img loading=\"lazy\" decoding=\"async\" class=\"size-medium wp-image-34902 aligncenter\" src=\"https:\/\/blogsaverroes.juntadeandalucia.es\/eielreal\/files\/2022\/05\/3725321a-b3b2-4a89-9f1b-ee0b1f263d57-300x225.jpg\" alt=\"\" width=\"300\" height=\"225\" srcset=\"https:\/\/blogsaverroes.juntadeandalucia.es\/eielreal\/files\/2022\/05\/3725321a-b3b2-4a89-9f1b-ee0b1f263d57-300x225.jpg 300w, https:\/\/blogsaverroes.juntadeandalucia.es\/eielreal\/files\/2022\/05\/3725321a-b3b2-4a89-9f1b-ee0b1f263d57-768x576.jpg 768w, https:\/\/blogsaverroes.juntadeandalucia.es\/eielreal\/files\/2022\/05\/3725321a-b3b2-4a89-9f1b-ee0b1f263d57-700x525.jpg 700w, https:\/\/blogsaverroes.juntadeandalucia.es\/eielreal\/files\/2022\/05\/3725321a-b3b2-4a89-9f1b-ee0b1f263d57.jpg 1024w\" sizes=\"(max-width: 300px) 100vw, 300px\" \/><\/a><\/p>\n<p>Por \u00faltimo dar las gracias a los voluntarios por su colaboraci\u00f3n y sus conocimientos.<a href=\"https:\/\/blogsaverroes.juntadeandalucia.es\/eielreal\/files\/2022\/05\/e8883c04-c510-4cbf-a3a9-fbec9f8810cb.jpg\"><img loading=\"lazy\" decoding=\"async\" class=\"size-medium wp-image-34898 aligncenter\" src=\"https:\/\/blogsaverroes.juntadeandalucia.es\/eielreal\/files\/2022\/05\/e8883c04-c510-4cbf-a3a9-fbec9f8810cb-300x225.jpg\" alt=\"\" width=\"300\" height=\"225\" srcset=\"https:\/\/blogsaverroes.juntadeandalucia.es\/eielreal\/files\/2022\/05\/e8883c04-c510-4cbf-a3a9-fbec9f8810cb-300x225.jpg 300w, https:\/\/blogsaverroes.juntadeandalucia.es\/eielreal\/files\/2022\/05\/e8883c04-c510-4cbf-a3a9-fbec9f8810cb-1024x768.jpg 1024w, https:\/\/blogsaverroes.juntadeandalucia.es\/eielreal\/files\/2022\/05\/e8883c04-c510-4cbf-a3a9-fbec9f8810cb-768x576.jpg 768w, https:\/\/blogsaverroes.juntadeandalucia.es\/eielreal\/files\/2022\/05\/e8883c04-c510-4cbf-a3a9-fbec9f8810cb-1536x1152.jpg 1536w, https:\/\/blogsaverroes.juntadeandalucia.es\/eielreal\/files\/2022\/05\/e8883c04-c510-4cbf-a3a9-fbec9f8810cb-700x525.jpg 700w, https:\/\/blogsaverroes.juntadeandalucia.es\/eielreal\/files\/2022\/05\/e8883c04-c510-4cbf-a3a9-fbec9f8810cb.jpg 1600w\" sizes=\"(max-width: 300px) 100vw, 300px\" \/><\/a><\/p>\n<p>Coord. Creciendo en Salud. Sonia Lora<\/p>\n","protected":false},"excerpt":{"rendered":"<p>Dentro del Programa \u201cCreciendo en Salud\u201d desde la L\u00ednea de intervenci\u00f3n de Autocuidados y Accidentalidad en una de las cuales est\u00e1 inscritos nuestro centro, queremos se\u00f1alar la contribuci\u00f3n de la familia, de los y&#46;&#46;&#46;<\/p>\n","protected":false},"author":3183,"featured_media":34879,"comment_status":"open","ping_status":"open","sticky":false,"template":"","format":"standard","meta":{"ngg_post_thumbnail":0,"footnotes":""},"categories":[1740585,1740709],"tags":[],"aioseo_notices":[],"_links":{"self":[{"href":"https:\/\/blogsaverroes.juntadeandalucia.es\/eielreal\/wp-json\/wp\/v2\/posts\/34877"}],"collection":[{"href":"https:\/\/blogsaverroes.juntadeandalucia.es\/eielreal\/wp-json\/wp\/v2\/posts"}],"about":[{"href":"https:\/\/blogsaverroes.juntadeandalucia.es\/eielreal\/wp-json\/wp\/v2\/types\/post"}],"author":[{"embeddable":true,"href":"https:\/\/blogsaverroes.juntadeandalucia.es\/eielreal\/wp-json\/wp\/v2\/users\/3183"}],"replies":[{"embeddable":true,"href":"https:\/\/blogsaverroes.juntadeandalucia.es\/eielreal\/wp-json\/wp\/v2\/comments?post=34877"}],"version-history":[{"count":4,"href":"https:\/\/blogsaverroes.juntadeandalucia.es\/eielreal\/wp-json\/wp\/v2\/posts\/34877\/revisions"}],"predecessor-version":[{"id":34903,"href":"https:\/\/blogsaverroes.juntadeandalucia.es\/eielreal\/wp-json\/wp\/v2\/posts\/34877\/revisions\/34903"}],"wp:featuredmedia":[{"embeddable":true,"href":"https:\/\/blogsaverroes.juntadeandalucia.es\/eielreal\/wp-json\/wp\/v2\/media\/34879"}],"wp:attachment":[{"href":"https:\/\/blogsaverroes.juntadeandalucia.es\/eielreal\/wp-json\/wp\/v2\/media?parent=34877"}],"wp:term":[{"taxonomy":"category","embeddable":true,"href":"https:\/\/blogsaverroes.juntadeandalucia.es\/eielreal\/wp-json\/wp\/v2\/categories?post=34877"},{"taxonomy":"post_tag","embeddable":true,"href":"https:\/\/blogsaverroes.juntadeandalucia.es\/eielreal\/wp-json\/wp\/v2\/tags?post=34877"}],"curies":[{"name":"wp","href":"https:\/\/api.w.org\/{rel}","templated":true}]}}