{"id":34930,"date":"2022-05-18T14:40:44","date_gmt":"2022-05-18T14:40:44","guid":{"rendered":"https:\/\/blogsaverroes.juntadeandalucia.es\/eielreal\/?p=34930"},"modified":"2022-05-18T14:42:38","modified_gmt":"2022-05-18T14:42:38","slug":"feria-del-libro-de-carmona","status":"publish","type":"post","link":"https:\/\/blogsaverroes.juntadeandalucia.es\/eielreal\/feria-del-libro-de-carmona\/","title":{"rendered":"FERIA DEL LIBRO DE CARMONA"},"content":{"rendered":"<p>Querida familias, desde la Sede Universidad Pablo de Olavide y organizado por el Excmo. Ayuntamiento de Carmona, les complace invitarnos, a disfrutar de estas actividades que han preparado con cari\u00f1o para todos.<a href=\"https:\/\/blogsaverroes.juntadeandalucia.es\/eielreal\/files\/2022\/05\/d0d5cc17-2cbb-427f-8801-94e62a722515.jpg\"><img loading=\"lazy\" decoding=\"async\" class=\"size-medium wp-image-34932 aligncenter\" src=\"https:\/\/blogsaverroes.juntadeandalucia.es\/eielreal\/files\/2022\/05\/d0d5cc17-2cbb-427f-8801-94e62a722515-212x300.jpg\" alt=\"\" width=\"212\" height=\"300\" srcset=\"https:\/\/blogsaverroes.juntadeandalucia.es\/eielreal\/files\/2022\/05\/d0d5cc17-2cbb-427f-8801-94e62a722515-212x300.jpg 212w, https:\/\/blogsaverroes.juntadeandalucia.es\/eielreal\/files\/2022\/05\/d0d5cc17-2cbb-427f-8801-94e62a722515-724x1024.jpg 724w, https:\/\/blogsaverroes.juntadeandalucia.es\/eielreal\/files\/2022\/05\/d0d5cc17-2cbb-427f-8801-94e62a722515-768x1086.jpg 768w, https:\/\/blogsaverroes.juntadeandalucia.es\/eielreal\/files\/2022\/05\/d0d5cc17-2cbb-427f-8801-94e62a722515-1086x1536.jpg 1086w, https:\/\/blogsaverroes.juntadeandalucia.es\/eielreal\/files\/2022\/05\/d0d5cc17-2cbb-427f-8801-94e62a722515-700x990.jpg 700w, https:\/\/blogsaverroes.juntadeandalucia.es\/eielreal\/files\/2022\/05\/d0d5cc17-2cbb-427f-8801-94e62a722515.jpg 1131w\" sizes=\"(max-width: 212px) 100vw, 212px\" \/><\/a><\/p>\n<p>Para muchos ni\u00f1os y ni\u00f1as ser\u00e1 la primera vez que visiten una Feria del Libro por lo que queremos dejarles una motivaci\u00f3n para que sue\u00f1en todos los a\u00f1os con volver, y vosotros sois parte fundamental en este proceso de fomento a la lectura.<a href=\"https:\/\/blogsaverroes.juntadeandalucia.es\/eielreal\/files\/2022\/05\/27a6d1a4-3096-4286-a7c3-2707d63ef99e.jpg\"><img loading=\"lazy\" decoding=\"async\" class=\"size-medium wp-image-34931 aligncenter\" src=\"https:\/\/blogsaverroes.juntadeandalucia.es\/eielreal\/files\/2022\/05\/27a6d1a4-3096-4286-a7c3-2707d63ef99e-212x300.jpg\" alt=\"\" width=\"212\" height=\"300\" srcset=\"https:\/\/blogsaverroes.juntadeandalucia.es\/eielreal\/files\/2022\/05\/27a6d1a4-3096-4286-a7c3-2707d63ef99e-212x300.jpg 212w, https:\/\/blogsaverroes.juntadeandalucia.es\/eielreal\/files\/2022\/05\/27a6d1a4-3096-4286-a7c3-2707d63ef99e-724x1024.jpg 724w, https:\/\/blogsaverroes.juntadeandalucia.es\/eielreal\/files\/2022\/05\/27a6d1a4-3096-4286-a7c3-2707d63ef99e-768x1086.jpg 768w, https:\/\/blogsaverroes.juntadeandalucia.es\/eielreal\/files\/2022\/05\/27a6d1a4-3096-4286-a7c3-2707d63ef99e-1086x1536.jpg 1086w, https:\/\/blogsaverroes.juntadeandalucia.es\/eielreal\/files\/2022\/05\/27a6d1a4-3096-4286-a7c3-2707d63ef99e-700x990.jpg 700w, https:\/\/blogsaverroes.juntadeandalucia.es\/eielreal\/files\/2022\/05\/27a6d1a4-3096-4286-a7c3-2707d63ef99e.jpg 1131w\" sizes=\"(max-width: 212px) 100vw, 212px\" \/><\/a><\/p>\n<p><strong>\u00bfA\u00fan no te has apuntado?<\/strong> Pues las plazas son limitadas y no queremos que te quedes sin ella.<\/p>\n<p>Env\u00eda un correo electr\u00f3nico a<\/p>\n<p><strong>maratondecuentoscarmona22@gmail.com<\/strong><\/p>\n<p>As\u00ed que recordad:<\/p>\n<p>21 y 22 de Mayo.<\/p>\n<p>Lugar: S<strong>ede Universidad Pablo de Olavide. Carmona. <\/strong><br \/>\n<strong>Palacio de Los Briones <\/strong><\/p>\n<p>Gracias por abrirles a los m\u00e1s peque\u00f1os ventanas de sabidur\u00eda y utilizar los cuentos como herramientas para el desarrollo personal. La entrada es libre como libre es pensar y respirar.<\/p>\n<p>Os esperamos. Un abrazo fuerte.<\/p>\n","protected":false},"excerpt":{"rendered":"<p>Querida familias, desde la Sede Universidad Pablo de Olavide y organizado por el Excmo. Ayuntamiento de Carmona, les complace invitarnos, a disfrutar de estas actividades que han preparado con cari\u00f1o para todos. Para muchos&#46;&#46;&#46;<\/p>\n","protected":false},"author":3183,"featured_media":34948,"comment_status":"open","ping_status":"open","sticky":false,"template":"","format":"standard","meta":{"ngg_post_thumbnail":0,"footnotes":""},"categories":[1740585],"tags":[],"aioseo_notices":[],"_links":{"self":[{"href":"https:\/\/blogsaverroes.juntadeandalucia.es\/eielreal\/wp-json\/wp\/v2\/posts\/34930"}],"collection":[{"href":"https:\/\/blogsaverroes.juntadeandalucia.es\/eielreal\/wp-json\/wp\/v2\/posts"}],"about":[{"href":"https:\/\/blogsaverroes.juntadeandalucia.es\/eielreal\/wp-json\/wp\/v2\/types\/post"}],"author":[{"embeddable":true,"href":"https:\/\/blogsaverroes.juntadeandalucia.es\/eielreal\/wp-json\/wp\/v2\/users\/3183"}],"replies":[{"embeddable":true,"href":"https:\/\/blogsaverroes.juntadeandalucia.es\/eielreal\/wp-json\/wp\/v2\/comments?post=34930"}],"version-history":[{"count":5,"href":"https:\/\/blogsaverroes.juntadeandalucia.es\/eielreal\/wp-json\/wp\/v2\/posts\/34930\/revisions"}],"predecessor-version":[{"id":34949,"href":"https:\/\/blogsaverroes.juntadeandalucia.es\/eielreal\/wp-json\/wp\/v2\/posts\/34930\/revisions\/34949"}],"wp:featuredmedia":[{"embeddable":true,"href":"https:\/\/blogsaverroes.juntadeandalucia.es\/eielreal\/wp-json\/wp\/v2\/media\/34948"}],"wp:attachment":[{"href":"https:\/\/blogsaverroes.juntadeandalucia.es\/eielreal\/wp-json\/wp\/v2\/media?parent=34930"}],"wp:term":[{"taxonomy":"category","embeddable":true,"href":"https:\/\/blogsaverroes.juntadeandalucia.es\/eielreal\/wp-json\/wp\/v2\/categories?post=34930"},{"taxonomy":"post_tag","embeddable":true,"href":"https:\/\/blogsaverroes.juntadeandalucia.es\/eielreal\/wp-json\/wp\/v2\/tags?post=34930"}],"curies":[{"name":"wp","href":"https:\/\/api.w.org\/{rel}","templated":true}]}}