{"id":35299,"date":"2022-06-06T06:54:44","date_gmt":"2022-06-06T06:54:44","guid":{"rendered":"https:\/\/blogsaverroes.juntadeandalucia.es\/eielreal\/?p=35299"},"modified":"2022-06-06T13:51:27","modified_gmt":"2022-06-06T13:51:27","slug":"nos-vamos-al-beato-2","status":"publish","type":"post","link":"https:\/\/blogsaverroes.juntadeandalucia.es\/eielreal\/nos-vamos-al-beato-2\/","title":{"rendered":"\u00a1 NOS VAMOS AL BEATO !"},"content":{"rendered":"<p>Dentro del proceso educativo del alumnado, se hace necesario prestar especial atenci\u00f3n a aquellos momentos que supongan la incorporaci\u00f3n a nuevas situaciones dentro del sistema educativo. Dichas circunstancias implican un cambio de etapa educativa y en nuestro caso un cambio de centro. Son situaciones en las que es necesario preveer mecanismos que faciliten el tr\u00e1nsito arm\u00f3nico y coordinado de forma que las personas que intervienen en este proceso lo vivan como algo progresivo, continuado y paulatino. Dentro del&nbsp;<strong>Programa de Transito<\/strong>&nbsp;que se lleva a cabo entre nuestro colegio y el&nbsp;<strong>C.E.Pr. Beato Juan Grande<\/strong>, est\u00e1n estas peque\u00f1as actividades de acercamiento no solo a futuro centro educativo sino tambi\u00e9n a familiarizarse con el pluriling\u00fcismo.<\/p>\n<p>Como ya sabemos nuestro centro, Escuela de Educaci\u00f3n Infantil, y nuestro centro adscrito \u201cBeato Juan Grande\u201d estamos muy comprometido con las actividades de tr\u00e1nsito, para que el paso a la etapa de primaria de nuestro alumnado de 5 a\u00f1os sea lo m\u00e1s f\u00e1cil y seguro posible.<\/p>\n<p>El paso a Primaria supone un cambio importante para el alumnado: cambian los profesores, los espacios, la distribuci\u00f3n del tiempo, la metodolog\u00eda de trabajo, las rutinas de clase, los materiales y los recursos; sin embargo, las caracter\u00edsticas psicol\u00f3gicas siguen siendo las propias del alumnado de Educaci\u00f3n Infantil.<\/p>\n<p>Para el alumnado, el comienzo del primer curso de primaria es percibido como un nuevo reto que debe afrontar y superar por \u00e9l mismo. La adaptaci\u00f3n a la nueva situaci\u00f3n les llevar\u00e1 un tiempo. <strong>Nuestro objetivo es el de facilitar <\/strong><strong>y<\/strong> <strong>posibilitar una transici\u00f3n fluida entre ambas etapas. <\/strong>De ah\u00ed que planificamos de forma coordinada unas actuaciones para favorecer el tr\u00e1nsito.<\/p>\n<p>En base a todo lo anterior y teniendo como referencia <strong>la Orden de 15 de enero de 2021 (por la que se desarrolla el curr\u00edculo correspondiente a la etapa de Educaci\u00f3n Primaria en la Comunidad Aut\u00f3noma de Andaluc\u00eda, se regulan determinados aspectos de la atenci\u00f3n a la diversidad, se establece la ordenaci\u00f3n de la evaluaci\u00f3n del proceso de aprendizaje del alumnado y se determina el proceso de tr\u00e1nsito entre distintas etapas educativas)<\/strong>, hemos elaborado y llevamos a cabo este programa de tr\u00e1nsito.<\/p>\n<p>Nuestro Programa de Tr\u00e1nsito de Educaci\u00f3n Infantil a Educaci\u00f3n Primaria est\u00e1 recogido en el Plan de Centro.<\/p>\n<p>El alumnado de 5 a\u00f1os desde los 3 a\u00f1os ha participado en actividades de Tr\u00e1nsito planificadas por las Jefas de Estudios de ambos centros.<strong> Vamos a recordarlas:<\/strong><\/p>\n<p style=\"text-align: center\"><strong>3 a\u00f1os<\/strong><\/p>\n<p>&#8211;<span style=\"color: #0000ff\"> <strong>LET\u00b4S RECYCLE WITH FROGGY AND MR. BANG !!!<\/strong><\/span><\/p>\n<p><strong><a href=\"https:\/\/blogsaverroes.juntadeandalucia.es\/eielreal\/files\/2022\/06\/IMG-20200209-WA0089-300x300-1.jpg\"><img loading=\"lazy\" decoding=\"async\" class=\"aligncenter size-medium wp-image-35316\" src=\"https:\/\/blogsaverroes.juntadeandalucia.es\/eielreal\/files\/2022\/06\/IMG-20200209-WA0089-300x300-1-300x300.jpg\" alt=\"\" width=\"300\" height=\"300\" srcset=\"https:\/\/blogsaverroes.juntadeandalucia.es\/eielreal\/files\/2022\/06\/IMG-20200209-WA0089-300x300-1.jpg 300w, https:\/\/blogsaverroes.juntadeandalucia.es\/eielreal\/files\/2022\/06\/IMG-20200209-WA0089-300x300-1-150x150.jpg 150w, https:\/\/blogsaverroes.juntadeandalucia.es\/eielreal\/files\/2022\/06\/IMG-20200209-WA0089-300x300-1-268x268.jpg 268w\" sizes=\"(max-width: 300px) 100vw, 300px\" \/><\/a>T<\/strong><strong>uvimos la visita de <\/strong><strong>Ana and Rafa teachers<\/strong>&nbsp;<strong>que vinieron a contarnos un cuento en ingl\u00e9s. Su t\u00edtulo: <\/strong><strong>Let\u00b4s recycle with Froggy and Mr. Bang\u201d<\/strong><strong> (Vamos a reciclar con Froggy y Mr. Bang)<\/strong><\/p>\n<p>A trav\u00e9s de dos peque\u00f1os personajes que nos hablaron en ingl\u00e9s, los m\u00e1s peque\u00f1os aprendieron que el idioma no es un obst\u00e1culo para poder disfrutar de un cuento.<\/p>\n<p><strong>Seguiremos apostando por la importancia del aprendizaje de una segunda lengua en edades tempranas.<\/strong><\/p>\n<p>En esta ocasi\u00f3n nuestros simp\u00e1ticos personajes&nbsp;<strong>Froggy&nbsp; y Mr Bang nos invita<\/strong><strong>ron<\/strong><strong> a&nbsp;<\/strong><strong>reciclar.<\/strong><\/p>\n<p><strong>El resultado fue incre\u00edble y la experiencia maravillosa. Ni\u00f1os y ni\u00f1as de 3 a\u00f1os por primera vez t<\/strong><strong>uvieron<\/strong><strong> contacto con una lengua extranjera y <\/strong><strong>fueron <\/strong><strong>capaces de entender y comunicarse.<\/strong><\/p>\n<p style=\"text-align: center\"><strong>4 a\u00f1os<\/strong><\/p>\n<p><span style=\"color: #0000ff\">&#8211; <strong>ST. PATRICK DAY EN EL REAL<\/strong><\/span><\/p>\n<p>Conocimos la festividad , <strong>el D\u00eda de San Patricio (<em>Saint Patrick\u2019s Day<\/em>)<\/strong>, una fiesta muy tradicional especialmente en los pa\u00edses de habla inglesa, pero sobre todo en Irlanda ya que es su patr\u00f3n.<\/p>\n<p>Se organizaron junto al C.E.Pr Beato Juan Grande una serie de actividades para trabajar dicha festividad en nuestras clases.<\/p>\n<p><a href=\"https:\/\/blogsaverroes.juntadeandalucia.es\/eielreal\/files\/2021\/03\/IMG-20210308-WA0003.jpg\"><img loading=\"lazy\" decoding=\"async\" class=\"alignnone size-medium wp-image-28909\" src=\"https:\/\/blogsaverroes.juntadeandalucia.es\/eielreal\/files\/2021\/03\/IMG-20210308-WA0003-300x224.jpg\" alt=\"\" width=\"300\" height=\"224\" srcset=\"https:\/\/blogsaverroes.juntadeandalucia.es\/eielreal\/files\/2021\/03\/IMG-20210308-WA0003-300x224.jpg 300w, https:\/\/blogsaverroes.juntadeandalucia.es\/eielreal\/files\/2021\/03\/IMG-20210308-WA0003-1024x765.jpg 1024w, https:\/\/blogsaverroes.juntadeandalucia.es\/eielreal\/files\/2021\/03\/IMG-20210308-WA0003-768x574.jpg 768w, https:\/\/blogsaverroes.juntadeandalucia.es\/eielreal\/files\/2021\/03\/IMG-20210308-WA0003-1536x1148.jpg 1536w, https:\/\/blogsaverroes.juntadeandalucia.es\/eielreal\/files\/2021\/03\/IMG-20210308-WA0003-700x523.jpg 700w, https:\/\/blogsaverroes.juntadeandalucia.es\/eielreal\/files\/2021\/03\/IMG-20210308-WA0003.jpg 1600w\" sizes=\"(max-width: 300px) 100vw, 300px\" \/><\/a><a href=\"https:\/\/blogsaverroes.juntadeandalucia.es\/eielreal\/files\/2021\/03\/IMG-20210317-WA0008.jpg\"><img loading=\"lazy\" decoding=\"async\" class=\"alignnone size-medium wp-image-28915\" src=\"https:\/\/blogsaverroes.juntadeandalucia.es\/eielreal\/files\/2021\/03\/IMG-20210317-WA0008-300x182.jpg\" alt=\"\" width=\"300\" height=\"182\" srcset=\"https:\/\/blogsaverroes.juntadeandalucia.es\/eielreal\/files\/2021\/03\/IMG-20210317-WA0008-300x182.jpg 300w, https:\/\/blogsaverroes.juntadeandalucia.es\/eielreal\/files\/2021\/03\/IMG-20210317-WA0008-1024x623.jpg 1024w, https:\/\/blogsaverroes.juntadeandalucia.es\/eielreal\/files\/2021\/03\/IMG-20210317-WA0008-768x467.jpg 768w, https:\/\/blogsaverroes.juntadeandalucia.es\/eielreal\/files\/2021\/03\/IMG-20210317-WA0008-1536x934.jpg 1536w, https:\/\/blogsaverroes.juntadeandalucia.es\/eielreal\/files\/2021\/03\/IMG-20210317-WA0008-268x164.jpg 268w, https:\/\/blogsaverroes.juntadeandalucia.es\/eielreal\/files\/2021\/03\/IMG-20210317-WA0008-700x426.jpg 700w, https:\/\/blogsaverroes.juntadeandalucia.es\/eielreal\/files\/2021\/03\/IMG-20210317-WA0008.jpg 1600w\" sizes=\"(max-width: 300px) 100vw, 300px\" \/><\/a><\/p>\n<p><strong>&#8211; <\/strong><span style=\"color: #0000ff\"><strong>A VISIT TO BEATO JUAN GRANDE SCHOOL<\/strong><\/span><\/p>\n<p>Debido a la situaci\u00f3n actual de pandemia en la que nos encontramos no pudimos realizar las actividades previstas del&nbsp;<strong>Programa de Tr\u00e1nsito<\/strong>, por lo que se acord\u00f3 visitar el Aula de la Naturaleza del colegio, que est\u00e1 al aire libre, en grupos burbuja para asistir a un cuentacuentos en ingl\u00e9s por parte de una de las auxiliares de conversaci\u00f3n, Jackie de EEUU, adem\u00e1s de conocer el huerto escolar.<\/p>\n<p>Nuestros ni\u00f1os y ni\u00f1as disfrutaron del famoso cuento<strong> \u201c<\/strong><em><strong>The Very Hungry Caterpillar<\/strong><\/em><strong>\u201d <\/strong>(La oruga glotona) de Eric Carle, en el que trabajamos algunos de los contenidos que aprendimos en ingl\u00e9s durante todo el curso (los d\u00edas de la semana, los colores, los n\u00fameros y la comida).<\/p>\n<p><strong>Primero, <\/strong><strong>conocimos al director del Beato (Luis), al coordinador biling\u00fce (Rafa) y a las auxiliares de conversaci\u00f3n (Jackie y Mariam), donde nos dieron la bienvenida y nos hablaron un poco del colegio.<\/strong><\/p>\n<p><a href=\"https:\/\/blogsaverroes.juntadeandalucia.es\/eielreal\/files\/2022\/06\/IMG-20210520-WA0035-2.jpg\"><img loading=\"lazy\" decoding=\"async\" class=\"aligncenter size-medium wp-image-35310\" src=\"https:\/\/blogsaverroes.juntadeandalucia.es\/eielreal\/files\/2022\/06\/IMG-20210520-WA0035-2-300x225.jpg\" alt=\"\" width=\"300\" height=\"225\" srcset=\"https:\/\/blogsaverroes.juntadeandalucia.es\/eielreal\/files\/2022\/06\/IMG-20210520-WA0035-2-300x225.jpg 300w, https:\/\/blogsaverroes.juntadeandalucia.es\/eielreal\/files\/2022\/06\/IMG-20210520-WA0035-2-1024x768.jpg 1024w, https:\/\/blogsaverroes.juntadeandalucia.es\/eielreal\/files\/2022\/06\/IMG-20210520-WA0035-2-768x576.jpg 768w, https:\/\/blogsaverroes.juntadeandalucia.es\/eielreal\/files\/2022\/06\/IMG-20210520-WA0035-2-1536x1152.jpg 1536w, https:\/\/blogsaverroes.juntadeandalucia.es\/eielreal\/files\/2022\/06\/IMG-20210520-WA0035-2-700x525.jpg 700w, https:\/\/blogsaverroes.juntadeandalucia.es\/eielreal\/files\/2022\/06\/IMG-20210520-WA0035-2.jpg 1600w\" sizes=\"(max-width: 300px) 100vw, 300px\" \/><\/a><a href=\"https:\/\/blogsaverroes.juntadeandalucia.es\/eielreal\/files\/2022\/06\/20210520_131844-scaled.jpg\"><img loading=\"lazy\" decoding=\"async\" class=\"aligncenter size-medium wp-image-35311\" src=\"https:\/\/blogsaverroes.juntadeandalucia.es\/eielreal\/files\/2022\/06\/20210520_131844-300x225.jpg\" alt=\"\" width=\"300\" height=\"225\" srcset=\"https:\/\/blogsaverroes.juntadeandalucia.es\/eielreal\/files\/2022\/06\/20210520_131844-300x225.jpg 300w, https:\/\/blogsaverroes.juntadeandalucia.es\/eielreal\/files\/2022\/06\/20210520_131844-1024x768.jpg 1024w, https:\/\/blogsaverroes.juntadeandalucia.es\/eielreal\/files\/2022\/06\/20210520_131844-768x576.jpg 768w, https:\/\/blogsaverroes.juntadeandalucia.es\/eielreal\/files\/2022\/06\/20210520_131844-1536x1152.jpg 1536w, https:\/\/blogsaverroes.juntadeandalucia.es\/eielreal\/files\/2022\/06\/20210520_131844-2048x1536.jpg 2048w, https:\/\/blogsaverroes.juntadeandalucia.es\/eielreal\/files\/2022\/06\/20210520_131844-700x525.jpg 700w, https:\/\/blogsaverroes.juntadeandalucia.es\/eielreal\/files\/2022\/06\/20210520_131844-scaled.jpg 1600w\" sizes=\"(max-width: 300px) 100vw, 300px\" \/><\/a><\/p>\n<p style=\"text-align: center\"><strong>5 a\u00f1os<\/strong><\/p>\n<p><span style=\"color: #0000ff\"><strong>&#8211; SPIDER SANDWICHES<\/strong><\/span><\/p>\n<p>Coincidiendo con la semana en la que se celebra&nbsp;Halloween, visitamos nuestro centro adscrito para escuchar un&nbsp;cuentacuentos en ingl\u00e9s en la biblioteca escolar.<\/p>\n<p><a href=\"https:\/\/blogsaverroes.juntadeandalucia.es\/eielreal\/files\/2022\/06\/IMG-20211031-WA0027.jpg\"><img loading=\"lazy\" decoding=\"async\" class=\"aligncenter size-medium wp-image-35313\" src=\"https:\/\/blogsaverroes.juntadeandalucia.es\/eielreal\/files\/2022\/06\/IMG-20211031-WA0027-300x225.jpg\" alt=\"\" width=\"300\" height=\"225\" srcset=\"https:\/\/blogsaverroes.juntadeandalucia.es\/eielreal\/files\/2022\/06\/IMG-20211031-WA0027-300x225.jpg 300w, https:\/\/blogsaverroes.juntadeandalucia.es\/eielreal\/files\/2022\/06\/IMG-20211031-WA0027-1024x768.jpg 1024w, https:\/\/blogsaverroes.juntadeandalucia.es\/eielreal\/files\/2022\/06\/IMG-20211031-WA0027-768x576.jpg 768w, https:\/\/blogsaverroes.juntadeandalucia.es\/eielreal\/files\/2022\/06\/IMG-20211031-WA0027-1536x1152.jpg 1536w, https:\/\/blogsaverroes.juntadeandalucia.es\/eielreal\/files\/2022\/06\/IMG-20211031-WA0027-700x525.jpg 700w, https:\/\/blogsaverroes.juntadeandalucia.es\/eielreal\/files\/2022\/06\/IMG-20211031-WA0027.jpg 1600w\" sizes=\"(max-width: 300px) 100vw, 300px\" \/><\/a><\/p>\n<p><span style=\"color: #0000ff\"><strong>&#8211; <\/strong><strong>\u00a1WELCOME TO THE CLAY EXHIBITION!<\/strong><\/span><\/p>\n<p>Nuestro centro adscrito C.E.P. \u201cBeato Juan Grande\u201d realizaron<strong>&nbsp;una exposici\u00f3n de esculturas&nbsp;<\/strong>que visitamos.<\/p>\n<p>Antiguas alumnas de nuestro centro nos dieron la bienvenida&nbsp; y explicaron sus obras art\u00edsticas, tem\u00e1ticas, materiales necesarios para la realizaci\u00f3n de las mismas, t\u00e9cnicas,\u2026, en ingl\u00e9s y castellano..<\/p>\n<p>Adem\u00e1s, la Jefa de Estudios, maestra Ana, nos ense\u00f1\u00f3&nbsp;la Biblioteca que la han reformado y\u2026&nbsp;\u00a1estaba preciosa!.<\/p>\n<p><img decoding=\"async\" src=\"https:\/\/blogsaverroes.juntadeandalucia.es\/eielreal\/files\/2022\/02\/IMG-20220218-WA0016-300x225.jpg\"><\/p>\n<p><span style=\"color: #0000ff\"><strong>&#8211; WELCOME SPRING! HAPPY EASTER!<\/strong><\/span><\/p>\n<p><strong>\u00a1Vamos a celebrar EASTER juntos!<\/strong><\/p>\n<p><strong>* EASTER EGGS EXHIBITIO<\/strong><strong>N.<\/strong> Primero, los maestros del cole nos dieron una calurosa bienvenida ense\u00f1\u00e1ndonos una exposici\u00f3n de Pascua. Los alumnos del Beato han realizado sus propias creaciones, decorando y pintando unos huevos de Pascua usando diferentes materiales. Nos encantaron todos\u2026 \u00a1Qu\u00e9 coloridos y simp\u00e1ticos!<\/p>\n<ul>\n<li><strong>EASTER PRESENTATION. <\/strong>Despu\u00e9s, la auxiliar de conversaci\u00f3n del cole nos contaron muchos detalles curiosos sobre Easter.<\/li>\n<li><strong> EGG HUNT. <\/strong>Los alumnos de primer ciclo prepararon una actividad muy divertida. Tuvimos que encontrar los huevos de Pascua escondidos por el patio. \u00a1No se nos resistieron ninguno!<\/li>\n<li><strong>Para terminar, <\/strong><strong>disfrutamos<\/strong><strong> de un ratito de juegos con los alumnos <\/strong><strong>y alumnas<\/strong><strong> de primer ciclo.<\/strong><\/li>\n<\/ul>\n<p><a href=\"https:\/\/blogsaverroes.juntadeandalucia.es\/eielreal\/files\/2022\/04\/20220407_130658-scaled.jpg\"><img loading=\"lazy\" decoding=\"async\" class=\"aligncenter size-medium wp-image-34651\" src=\"https:\/\/blogsaverroes.juntadeandalucia.es\/eielreal\/files\/2022\/04\/20220407_130658-300x225.jpg\" alt=\"\" width=\"300\" height=\"225\" srcset=\"https:\/\/blogsaverroes.juntadeandalucia.es\/eielreal\/files\/2022\/04\/20220407_130658-300x225.jpg 300w, https:\/\/blogsaverroes.juntadeandalucia.es\/eielreal\/files\/2022\/04\/20220407_130658-1024x768.jpg 1024w, https:\/\/blogsaverroes.juntadeandalucia.es\/eielreal\/files\/2022\/04\/20220407_130658-768x576.jpg 768w, https:\/\/blogsaverroes.juntadeandalucia.es\/eielreal\/files\/2022\/04\/20220407_130658-1536x1152.jpg 1536w, https:\/\/blogsaverroes.juntadeandalucia.es\/eielreal\/files\/2022\/04\/20220407_130658-2048x1536.jpg 2048w, https:\/\/blogsaverroes.juntadeandalucia.es\/eielreal\/files\/2022\/04\/20220407_130658-700x525.jpg 700w, https:\/\/blogsaverroes.juntadeandalucia.es\/eielreal\/files\/2022\/04\/20220407_130658-scaled.jpg 1600w\" sizes=\"(max-width: 300px) 100vw, 300px\" \/><\/a><a href=\"https:\/\/blogsaverroes.juntadeandalucia.es\/eielreal\/files\/2022\/04\/20220407_125410-scaled.jpg\"><img loading=\"lazy\" decoding=\"async\" class=\"aligncenter size-medium wp-image-34649\" src=\"https:\/\/blogsaverroes.juntadeandalucia.es\/eielreal\/files\/2022\/04\/20220407_125410-300x225.jpg\" alt=\"\" width=\"300\" height=\"225\" srcset=\"https:\/\/blogsaverroes.juntadeandalucia.es\/eielreal\/files\/2022\/04\/20220407_125410-300x225.jpg 300w, https:\/\/blogsaverroes.juntadeandalucia.es\/eielreal\/files\/2022\/04\/20220407_125410-1024x768.jpg 1024w, https:\/\/blogsaverroes.juntadeandalucia.es\/eielreal\/files\/2022\/04\/20220407_125410-768x576.jpg 768w, https:\/\/blogsaverroes.juntadeandalucia.es\/eielreal\/files\/2022\/04\/20220407_125410-1536x1152.jpg 1536w, https:\/\/blogsaverroes.juntadeandalucia.es\/eielreal\/files\/2022\/04\/20220407_125410-2048x1536.jpg 2048w, https:\/\/blogsaverroes.juntadeandalucia.es\/eielreal\/files\/2022\/04\/20220407_125410-700x525.jpg 700w, https:\/\/blogsaverroes.juntadeandalucia.es\/eielreal\/files\/2022\/04\/20220407_125410-scaled.jpg 1600w\" sizes=\"(max-width: 300px) 100vw, 300px\" \/><\/a><\/p>\n<p><span style=\"color: #0000ff\"><strong>*<span style=\"color: #0000ff\"> D\u00cdA DEL LIBRO: APADRINAMIENTO LECTOR.<\/span><\/strong><\/span><\/p>\n<p><a href=\"https:\/\/blogsaverroes.juntadeandalucia.es\/eielreal\/files\/2022\/06\/IMG-20220603-WA0017.jpg\"><img loading=\"lazy\" decoding=\"async\" class=\"aligncenter size-medium wp-image-35292\" src=\"https:\/\/blogsaverroes.juntadeandalucia.es\/eielreal\/files\/2022\/06\/IMG-20220603-WA0017-300x225.jpg\" alt=\"\" width=\"300\" height=\"225\" srcset=\"https:\/\/blogsaverroes.juntadeandalucia.es\/eielreal\/files\/2022\/06\/IMG-20220603-WA0017-300x225.jpg 300w, https:\/\/blogsaverroes.juntadeandalucia.es\/eielreal\/files\/2022\/06\/IMG-20220603-WA0017-1024x768.jpg 1024w, https:\/\/blogsaverroes.juntadeandalucia.es\/eielreal\/files\/2022\/06\/IMG-20220603-WA0017-768x576.jpg 768w, https:\/\/blogsaverroes.juntadeandalucia.es\/eielreal\/files\/2022\/06\/IMG-20220603-WA0017-1536x1152.jpg 1536w, https:\/\/blogsaverroes.juntadeandalucia.es\/eielreal\/files\/2022\/06\/IMG-20220603-WA0017-700x525.jpg 700w, https:\/\/blogsaverroes.juntadeandalucia.es\/eielreal\/files\/2022\/06\/IMG-20220603-WA0017.jpg 1600w\" sizes=\"(max-width: 300px) 100vw, 300px\" \/><\/a> <a href=\"https:\/\/blogsaverroes.juntadeandalucia.es\/eielreal\/files\/2022\/06\/IMG-20220603-WA0038.jpg\"><img loading=\"lazy\" decoding=\"async\" class=\"aligncenter size-medium wp-image-35296\" src=\"https:\/\/blogsaverroes.juntadeandalucia.es\/eielreal\/files\/2022\/06\/IMG-20220603-WA0038-300x225.jpg\" alt=\"\" width=\"300\" height=\"225\" srcset=\"https:\/\/blogsaverroes.juntadeandalucia.es\/eielreal\/files\/2022\/06\/IMG-20220603-WA0038-300x225.jpg 300w, https:\/\/blogsaverroes.juntadeandalucia.es\/eielreal\/files\/2022\/06\/IMG-20220603-WA0038-1024x768.jpg 1024w, https:\/\/blogsaverroes.juntadeandalucia.es\/eielreal\/files\/2022\/06\/IMG-20220603-WA0038-768x576.jpg 768w, https:\/\/blogsaverroes.juntadeandalucia.es\/eielreal\/files\/2022\/06\/IMG-20220603-WA0038-1536x1152.jpg 1536w, https:\/\/blogsaverroes.juntadeandalucia.es\/eielreal\/files\/2022\/06\/IMG-20220603-WA0038-700x525.jpg 700w, https:\/\/blogsaverroes.juntadeandalucia.es\/eielreal\/files\/2022\/06\/IMG-20220603-WA0038.jpg 1600w\" sizes=\"(max-width: 300px) 100vw, 300px\" \/><\/a><\/p>\n<p><strong>* <\/strong><strong>Estamos pendiente para el pr\u00f3ximo 16 de junio que <span style=\"color: #0000ff\">los escolares de Primer curso de Primaria del Beato visitar\u00e1n al alumnado de 5 a\u00f1os de la Escuela Infantil \u00abEl Real\u00bb<\/span>. <\/strong>Varios alumnos\/as de cada una de las aulas de primero de primaria vendr\u00e1n a las clases de 5 a\u00f1os para explicarles c\u00f3mo les va, nos comentar\u00e1n algunas de sus vivencias en el nuevo centro, cu\u00e1les fueron sus miedos y temores, dudas, inquietudes, experiencias, c\u00f3mo les ha ido, c\u00f3mo se sienten,\u2026Adem\u00e1s, responder\u00e1n a las preguntas de sus amiguitos de 5 a\u00f1os.<\/p>\n<p><strong>Este tipo de actividades est\u00e1n registradas dentro de nuestro programa de tr\u00e1nsito. \u00c9ste est\u00e1 compuesto por la Escuela Infantil \u201cEl Real\u201d y C.E.P. \u201cBeato Juan Grande\u201d con el objetivo de facilitar un tr\u00e1nsito progresivo, continuado y paulatino y acercarlos al programa pluriling\u00fce de nuestro centro adscrito.<\/strong><\/p>\n<p><strong>Actividades perfectas<\/strong><strong> para ir conociendo <\/strong><strong>y familiarizarse <\/strong><strong>un poquito mejor <\/strong><strong>con su nuevo centro <\/strong><strong>y estrecha<\/strong><strong>r<\/strong><strong> lazos <\/strong><strong>de uni\u00f3n <\/strong><strong> para <\/strong><strong>el <\/strong><strong>a\u00f1o que vien<\/strong><strong>e.<\/strong><\/p>\n<p><strong>Es important\u00edsimo establecer canales fluidos de comunicaci\u00f3n y&nbsp;coordinaci\u00f3n entre el Centro de Infantil y el de Primaria como garant\u00eda de eficacia <\/strong><strong>y continuidad<\/strong> <strong>del proceso educativo.<\/strong><\/p>\n<p style=\"text-align: center\"><strong>\u00a1<\/strong><strong>MUCHA SUERTE, UN BESO Y HASTA SIEMPRE!<\/strong><\/p>\n<p style=\"text-align: center\"><strong>Con mucho cari\u00f1o para todos los ni\u00f1os y ni\u00f1as de 5 a\u00f1os de la Escuela de Infantil \u00abEl Real\u00bb.<\/strong><\/p>\n<p style=\"text-align: center\"><strong>Isabel Fern\u00e1ndez Ram\u00edrez.<\/strong><\/p>\n","protected":false},"excerpt":{"rendered":"<p>Dentro del proceso educativo del alumnado, se hace necesario prestar especial atenci\u00f3n a aquellos momentos que supongan la incorporaci\u00f3n a nuevas situaciones dentro del sistema educativo. Dichas circunstancias implican un cambio de etapa educativa&#46;&#46;&#46;<\/p>\n","protected":false},"author":3183,"featured_media":35316,"comment_status":"open","ping_status":"open","sticky":false,"template":"","format":"standard","meta":{"ngg_post_thumbnail":0,"footnotes":""},"categories":[11909],"tags":[],"aioseo_notices":[],"_links":{"self":[{"href":"https:\/\/blogsaverroes.juntadeandalucia.es\/eielreal\/wp-json\/wp\/v2\/posts\/35299"}],"collection":[{"href":"https:\/\/blogsaverroes.juntadeandalucia.es\/eielreal\/wp-json\/wp\/v2\/posts"}],"about":[{"href":"https:\/\/blogsaverroes.juntadeandalucia.es\/eielreal\/wp-json\/wp\/v2\/types\/post"}],"author":[{"embeddable":true,"href":"https:\/\/blogsaverroes.juntadeandalucia.es\/eielreal\/wp-json\/wp\/v2\/users\/3183"}],"replies":[{"embeddable":true,"href":"https:\/\/blogsaverroes.juntadeandalucia.es\/eielreal\/wp-json\/wp\/v2\/comments?post=35299"}],"version-history":[{"count":8,"href":"https:\/\/blogsaverroes.juntadeandalucia.es\/eielreal\/wp-json\/wp\/v2\/posts\/35299\/revisions"}],"predecessor-version":[{"id":35318,"href":"https:\/\/blogsaverroes.juntadeandalucia.es\/eielreal\/wp-json\/wp\/v2\/posts\/35299\/revisions\/35318"}],"wp:featuredmedia":[{"embeddable":true,"href":"https:\/\/blogsaverroes.juntadeandalucia.es\/eielreal\/wp-json\/wp\/v2\/media\/35316"}],"wp:attachment":[{"href":"https:\/\/blogsaverroes.juntadeandalucia.es\/eielreal\/wp-json\/wp\/v2\/media?parent=35299"}],"wp:term":[{"taxonomy":"category","embeddable":true,"href":"https:\/\/blogsaverroes.juntadeandalucia.es\/eielreal\/wp-json\/wp\/v2\/categories?post=35299"},{"taxonomy":"post_tag","embeddable":true,"href":"https:\/\/blogsaverroes.juntadeandalucia.es\/eielreal\/wp-json\/wp\/v2\/tags?post=35299"}],"curies":[{"name":"wp","href":"https:\/\/api.w.org\/{rel}","templated":true}]}}