{"id":35448,"date":"2022-06-27T06:53:08","date_gmt":"2022-06-27T06:53:08","guid":{"rendered":"https:\/\/blogsaverroes.juntadeandalucia.es\/eielreal\/?p=35448"},"modified":"2022-06-27T06:54:49","modified_gmt":"2022-06-27T06:54:49","slug":"baile-fin-de-curso-3b","status":"publish","type":"post","link":"https:\/\/blogsaverroes.juntadeandalucia.es\/eielreal\/baile-fin-de-curso-3b\/","title":{"rendered":"BAILE FIN DE CURSO 3B"},"content":{"rendered":"<h3>de BALLENITAS&#8230;<\/h3>\n<p>El fondo marino ha sido el\u00a0 dise\u00f1o organizado para la decoraci\u00f3n de la fiesta de fin de curso.<\/p>\n<p>Desde nuestra clase hemos querido sintonizar con un atuendo veraniego y unas camisetas con ballenas.<\/p>\n<p>Junto a la canci\u00f3n de Camilo \u00bb kesi\u00bb hemos preparado una coreograf\u00eda la mar de fresquita.<\/p>\n<p>La hemos ensayado varios d\u00edas, as\u00ed que hemos tenido la oportunidad de poder ver en acci\u00f3n a aquellos ni\u00f1os que el d\u00eda del baile no pudieron estar presentes. Espero que disfruten de este ensayo:<\/p>\n<div style=\"width: 640px;\" class=\"wp-video\"><!--[if lt IE 9]><script>document.createElement('video');<\/script><![endif]-->\n<video class=\"wp-video-shortcode\" id=\"video-35448-1\" width=\"640\" height=\"352\" preload=\"metadata\" controls=\"controls\"><source type=\"video\/mp4\" src=\"https:\/\/blogsaverroes.juntadeandalucia.es\/eielreal\/files\/2022\/06\/VID-20220627-WA0000.mp4?_=1\" \/><a href=\"https:\/\/blogsaverroes.juntadeandalucia.es\/eielreal\/files\/2022\/06\/VID-20220627-WA0000.mp4\">https:\/\/blogsaverroes.juntadeandalucia.es\/eielreal\/files\/2022\/06\/VID-20220627-WA0000.mp4<\/a><\/video><\/div>\n<p>Y lleg\u00f3 el d\u00eda del estreno, estaban as\u00ed de guapos y guapas, contentos y tranquilos:<\/p>\n<p><a href=\"https:\/\/blogsaverroes.juntadeandalucia.es\/eielreal\/files\/2022\/06\/IMG20220622101031-scaled.jpg\"><img loading=\"lazy\" decoding=\"async\" class=\"alignnone size-medium wp-image-35455\" src=\"https:\/\/blogsaverroes.juntadeandalucia.es\/eielreal\/files\/2022\/06\/IMG20220622101031-300x225.jpg\" alt=\"\" width=\"300\" height=\"225\" srcset=\"https:\/\/blogsaverroes.juntadeandalucia.es\/eielreal\/files\/2022\/06\/IMG20220622101031-300x225.jpg 300w, https:\/\/blogsaverroes.juntadeandalucia.es\/eielreal\/files\/2022\/06\/IMG20220622101031-1024x768.jpg 1024w, https:\/\/blogsaverroes.juntadeandalucia.es\/eielreal\/files\/2022\/06\/IMG20220622101031-768x576.jpg 768w, https:\/\/blogsaverroes.juntadeandalucia.es\/eielreal\/files\/2022\/06\/IMG20220622101031-1536x1152.jpg 1536w, https:\/\/blogsaverroes.juntadeandalucia.es\/eielreal\/files\/2022\/06\/IMG20220622101031-2048x1536.jpg 2048w, https:\/\/blogsaverroes.juntadeandalucia.es\/eielreal\/files\/2022\/06\/IMG20220622101031-700x525.jpg 700w, https:\/\/blogsaverroes.juntadeandalucia.es\/eielreal\/files\/2022\/06\/IMG20220622101031-scaled.jpg 1600w\" sizes=\"(max-width: 300px) 100vw, 300px\" \/><\/a> <a href=\"https:\/\/blogsaverroes.juntadeandalucia.es\/eielreal\/files\/2022\/06\/IMG20220622100959-scaled.jpg\"><img loading=\"lazy\" decoding=\"async\" class=\"alignnone size-medium wp-image-35454\" src=\"https:\/\/blogsaverroes.juntadeandalucia.es\/eielreal\/files\/2022\/06\/IMG20220622100959-300x225.jpg\" alt=\"\" width=\"300\" height=\"225\" srcset=\"https:\/\/blogsaverroes.juntadeandalucia.es\/eielreal\/files\/2022\/06\/IMG20220622100959-300x225.jpg 300w, https:\/\/blogsaverroes.juntadeandalucia.es\/eielreal\/files\/2022\/06\/IMG20220622100959-1024x768.jpg 1024w, https:\/\/blogsaverroes.juntadeandalucia.es\/eielreal\/files\/2022\/06\/IMG20220622100959-768x576.jpg 768w, https:\/\/blogsaverroes.juntadeandalucia.es\/eielreal\/files\/2022\/06\/IMG20220622100959-1536x1152.jpg 1536w, https:\/\/blogsaverroes.juntadeandalucia.es\/eielreal\/files\/2022\/06\/IMG20220622100959-2048x1536.jpg 2048w, https:\/\/blogsaverroes.juntadeandalucia.es\/eielreal\/files\/2022\/06\/IMG20220622100959-700x525.jpg 700w, https:\/\/blogsaverroes.juntadeandalucia.es\/eielreal\/files\/2022\/06\/IMG20220622100959-scaled.jpg 1600w\" sizes=\"(max-width: 300px) 100vw, 300px\" \/><\/a> <a href=\"https:\/\/blogsaverroes.juntadeandalucia.es\/eielreal\/files\/2022\/06\/IMG20220622100939-scaled.jpg\"><img loading=\"lazy\" decoding=\"async\" class=\"alignnone size-medium wp-image-35453\" src=\"https:\/\/blogsaverroes.juntadeandalucia.es\/eielreal\/files\/2022\/06\/IMG20220622100939-300x225.jpg\" alt=\"\" width=\"300\" height=\"225\" srcset=\"https:\/\/blogsaverroes.juntadeandalucia.es\/eielreal\/files\/2022\/06\/IMG20220622100939-300x225.jpg 300w, https:\/\/blogsaverroes.juntadeandalucia.es\/eielreal\/files\/2022\/06\/IMG20220622100939-1024x768.jpg 1024w, https:\/\/blogsaverroes.juntadeandalucia.es\/eielreal\/files\/2022\/06\/IMG20220622100939-768x576.jpg 768w, https:\/\/blogsaverroes.juntadeandalucia.es\/eielreal\/files\/2022\/06\/IMG20220622100939-1536x1152.jpg 1536w, https:\/\/blogsaverroes.juntadeandalucia.es\/eielreal\/files\/2022\/06\/IMG20220622100939-2048x1536.jpg 2048w, https:\/\/blogsaverroes.juntadeandalucia.es\/eielreal\/files\/2022\/06\/IMG20220622100939-700x525.jpg 700w, https:\/\/blogsaverroes.juntadeandalucia.es\/eielreal\/files\/2022\/06\/IMG20220622100939-scaled.jpg 1600w\" sizes=\"(max-width: 300px) 100vw, 300px\" \/><\/a> <a href=\"https:\/\/blogsaverroes.juntadeandalucia.es\/eielreal\/files\/2022\/06\/IMG20220622100908-scaled.jpg\"><img loading=\"lazy\" decoding=\"async\" class=\"alignnone size-medium wp-image-35452\" src=\"https:\/\/blogsaverroes.juntadeandalucia.es\/eielreal\/files\/2022\/06\/IMG20220622100908-300x225.jpg\" alt=\"\" width=\"300\" height=\"225\" srcset=\"https:\/\/blogsaverroes.juntadeandalucia.es\/eielreal\/files\/2022\/06\/IMG20220622100908-300x225.jpg 300w, https:\/\/blogsaverroes.juntadeandalucia.es\/eielreal\/files\/2022\/06\/IMG20220622100908-1024x768.jpg 1024w, https:\/\/blogsaverroes.juntadeandalucia.es\/eielreal\/files\/2022\/06\/IMG20220622100908-768x576.jpg 768w, https:\/\/blogsaverroes.juntadeandalucia.es\/eielreal\/files\/2022\/06\/IMG20220622100908-1536x1152.jpg 1536w, https:\/\/blogsaverroes.juntadeandalucia.es\/eielreal\/files\/2022\/06\/IMG20220622100908-2048x1536.jpg 2048w, https:\/\/blogsaverroes.juntadeandalucia.es\/eielreal\/files\/2022\/06\/IMG20220622100908-700x525.jpg 700w, https:\/\/blogsaverroes.juntadeandalucia.es\/eielreal\/files\/2022\/06\/IMG20220622100908-scaled.jpg 1600w\" sizes=\"(max-width: 300px) 100vw, 300px\" \/><\/a> <a href=\"https:\/\/blogsaverroes.juntadeandalucia.es\/eielreal\/files\/2022\/06\/IMG20220622100838-scaled.jpg\"><img loading=\"lazy\" decoding=\"async\" class=\"alignnone size-medium wp-image-35451\" src=\"https:\/\/blogsaverroes.juntadeandalucia.es\/eielreal\/files\/2022\/06\/IMG20220622100838-300x225.jpg\" alt=\"\" width=\"300\" height=\"225\" srcset=\"https:\/\/blogsaverroes.juntadeandalucia.es\/eielreal\/files\/2022\/06\/IMG20220622100838-300x225.jpg 300w, https:\/\/blogsaverroes.juntadeandalucia.es\/eielreal\/files\/2022\/06\/IMG20220622100838-1024x768.jpg 1024w, https:\/\/blogsaverroes.juntadeandalucia.es\/eielreal\/files\/2022\/06\/IMG20220622100838-768x576.jpg 768w, https:\/\/blogsaverroes.juntadeandalucia.es\/eielreal\/files\/2022\/06\/IMG20220622100838-1536x1152.jpg 1536w, https:\/\/blogsaverroes.juntadeandalucia.es\/eielreal\/files\/2022\/06\/IMG20220622100838-2048x1536.jpg 2048w, https:\/\/blogsaverroes.juntadeandalucia.es\/eielreal\/files\/2022\/06\/IMG20220622100838-700x525.jpg 700w, https:\/\/blogsaverroes.juntadeandalucia.es\/eielreal\/files\/2022\/06\/IMG20220622100838-scaled.jpg 1600w\" sizes=\"(max-width: 300px) 100vw, 300px\" \/><\/a> <a href=\"https:\/\/blogsaverroes.juntadeandalucia.es\/eielreal\/files\/2022\/06\/IMG20220622100813-scaled.jpg\"><img loading=\"lazy\" decoding=\"async\" class=\"alignnone size-medium wp-image-35450\" src=\"https:\/\/blogsaverroes.juntadeandalucia.es\/eielreal\/files\/2022\/06\/IMG20220622100813-300x225.jpg\" alt=\"\" width=\"300\" height=\"225\" srcset=\"https:\/\/blogsaverroes.juntadeandalucia.es\/eielreal\/files\/2022\/06\/IMG20220622100813-300x225.jpg 300w, https:\/\/blogsaverroes.juntadeandalucia.es\/eielreal\/files\/2022\/06\/IMG20220622100813-1024x768.jpg 1024w, https:\/\/blogsaverroes.juntadeandalucia.es\/eielreal\/files\/2022\/06\/IMG20220622100813-768x576.jpg 768w, https:\/\/blogsaverroes.juntadeandalucia.es\/eielreal\/files\/2022\/06\/IMG20220622100813-1536x1152.jpg 1536w, https:\/\/blogsaverroes.juntadeandalucia.es\/eielreal\/files\/2022\/06\/IMG20220622100813-2048x1536.jpg 2048w, https:\/\/blogsaverroes.juntadeandalucia.es\/eielreal\/files\/2022\/06\/IMG20220622100813-700x525.jpg 700w, https:\/\/blogsaverroes.juntadeandalucia.es\/eielreal\/files\/2022\/06\/IMG20220622100813-scaled.jpg 1600w\" sizes=\"(max-width: 300px) 100vw, 300px\" \/><\/a><\/p>\n<p>El baile, con las familias como p\u00fablico sali\u00f3 genial, salvo alguna que otra incidencia que se solvent\u00f3 con un nuevo baile que sali\u00f3 a\u00fan mejor que el primero.<\/p>\n<p>Posteriormente, con puertas cerradas y para el resto de grupos del cole, se repitieron los bailes. Nuevamente bailaron muy bien. Quedaros con este video:<\/p>\n<div style=\"width: 640px;\" class=\"wp-video\"><video class=\"wp-video-shortcode\" id=\"video-35448-2\" width=\"640\" height=\"352\" preload=\"metadata\" controls=\"controls\"><source type=\"video\/mp4\" src=\"https:\/\/blogsaverroes.juntadeandalucia.es\/eielreal\/files\/2022\/06\/VID-20220622-WA0083.mp4?_=2\" \/><a href=\"https:\/\/blogsaverroes.juntadeandalucia.es\/eielreal\/files\/2022\/06\/VID-20220622-WA0083.mp4\">https:\/\/blogsaverroes.juntadeandalucia.es\/eielreal\/files\/2022\/06\/VID-20220622-WA0083.mp4<\/a><\/video><\/div>\n<p>Espero que os haya gustado.<\/p>\n<p>Nos despedimos hasta el pr\u00f3ximo curso 2022\/2023 cargados de energ\u00edas<\/p>\n<p>Feliz Verano<\/p>\n<p>Sara<\/p>\n<p>&nbsp;<\/p>\n<p>&nbsp;<\/p>\n","protected":false},"excerpt":{"rendered":"<p>de BALLENITAS&#8230; El fondo marino ha sido el\u00a0 dise\u00f1o organizado para la decoraci\u00f3n de la fiesta de fin de curso. Desde nuestra clase hemos querido sintonizar con un atuendo veraniego y unas camisetas con&#46;&#46;&#46;<\/p>\n","protected":false},"author":3183,"featured_media":35456,"comment_status":"open","ping_status":"open","sticky":false,"template":"","format":"standard","meta":{"ngg_post_thumbnail":0,"footnotes":""},"categories":[1740585,1740586],"tags":[1740607,1740609,1740608],"aioseo_notices":[],"_links":{"self":[{"href":"https:\/\/blogsaverroes.juntadeandalucia.es\/eielreal\/wp-json\/wp\/v2\/posts\/35448"}],"collection":[{"href":"https:\/\/blogsaverroes.juntadeandalucia.es\/eielreal\/wp-json\/wp\/v2\/posts"}],"about":[{"href":"https:\/\/blogsaverroes.juntadeandalucia.es\/eielreal\/wp-json\/wp\/v2\/types\/post"}],"author":[{"embeddable":true,"href":"https:\/\/blogsaverroes.juntadeandalucia.es\/eielreal\/wp-json\/wp\/v2\/users\/3183"}],"replies":[{"embeddable":true,"href":"https:\/\/blogsaverroes.juntadeandalucia.es\/eielreal\/wp-json\/wp\/v2\/comments?post=35448"}],"version-history":[{"count":1,"href":"https:\/\/blogsaverroes.juntadeandalucia.es\/eielreal\/wp-json\/wp\/v2\/posts\/35448\/revisions"}],"predecessor-version":[{"id":35459,"href":"https:\/\/blogsaverroes.juntadeandalucia.es\/eielreal\/wp-json\/wp\/v2\/posts\/35448\/revisions\/35459"}],"wp:featuredmedia":[{"embeddable":true,"href":"https:\/\/blogsaverroes.juntadeandalucia.es\/eielreal\/wp-json\/wp\/v2\/media\/35456"}],"wp:attachment":[{"href":"https:\/\/blogsaverroes.juntadeandalucia.es\/eielreal\/wp-json\/wp\/v2\/media?parent=35448"}],"wp:term":[{"taxonomy":"category","embeddable":true,"href":"https:\/\/blogsaverroes.juntadeandalucia.es\/eielreal\/wp-json\/wp\/v2\/categories?post=35448"},{"taxonomy":"post_tag","embeddable":true,"href":"https:\/\/blogsaverroes.juntadeandalucia.es\/eielreal\/wp-json\/wp\/v2\/tags?post=35448"}],"curies":[{"name":"wp","href":"https:\/\/api.w.org\/{rel}","templated":true}]}}