{"id":35764,"date":"2022-11-29T23:03:00","date_gmt":"2022-11-29T23:03:00","guid":{"rendered":"https:\/\/blogsaverroes.juntadeandalucia.es\/eielreal\/?p=35764"},"modified":"2022-11-29T23:03:00","modified_gmt":"2022-11-29T23:03:00","slug":"el-caldero-de-la-paz","status":"publish","type":"post","link":"https:\/\/blogsaverroes.juntadeandalucia.es\/eielreal\/el-caldero-de-la-paz\/","title":{"rendered":"\u00abEL CALDERO DE LA PAZ\u00bb"},"content":{"rendered":"<p>Este a\u00f1o desde el proyecto \u00abEscuela Espacio de Paz\u00bb hemos propuesto para la celebraci\u00f3n de Halloween la actividad del Caldero de la bruja entre otras muchas que gestionaban otros proyectos.<\/p>\n<p>La actividad consist\u00eda en plasmar en un dibujo sus miedos o aquellas cosas que no fueran de su gusto. Tod@s pasar\u00edamos por el caldero de la bruja Maruja y echar\u00edamos al caldero nuestros miedos y la noche de Halloween todo eso desaparecer\u00eda.<\/p>\n<p><a href=\"https:\/\/blogsaverroes.juntadeandalucia.es\/eielreal\/files\/2022\/11\/POCIMA-DE-LA-PAZ-AMOR-1.odt\">POCIMA DE LA PAZ &amp; AMOR<\/a><\/p>\n<p><a href=\"https:\/\/blogsaverroes.juntadeandalucia.es\/eielreal\/files\/2022\/11\/HALLOWEEN-1-1.odt\">HALLOWEEN 1<\/a><\/p>\n","protected":false},"excerpt":{"rendered":"<p>Este a\u00f1o desde el proyecto \u00abEscuela Espacio de Paz\u00bb hemos propuesto para la celebraci\u00f3n de Halloween la actividad del Caldero de la bruja entre otras muchas que gestionaban otros proyectos. La actividad consist\u00eda en&#46;&#46;&#46;<\/p>\n","protected":false},"author":3183,"featured_media":0,"comment_status":"open","ping_status":"open","sticky":false,"template":"","format":"standard","meta":{"ngg_post_thumbnail":0,"footnotes":""},"categories":[962],"tags":[],"aioseo_notices":[],"_links":{"self":[{"href":"https:\/\/blogsaverroes.juntadeandalucia.es\/eielreal\/wp-json\/wp\/v2\/posts\/35764"}],"collection":[{"href":"https:\/\/blogsaverroes.juntadeandalucia.es\/eielreal\/wp-json\/wp\/v2\/posts"}],"about":[{"href":"https:\/\/blogsaverroes.juntadeandalucia.es\/eielreal\/wp-json\/wp\/v2\/types\/post"}],"author":[{"embeddable":true,"href":"https:\/\/blogsaverroes.juntadeandalucia.es\/eielreal\/wp-json\/wp\/v2\/users\/3183"}],"replies":[{"embeddable":true,"href":"https:\/\/blogsaverroes.juntadeandalucia.es\/eielreal\/wp-json\/wp\/v2\/comments?post=35764"}],"version-history":[{"count":2,"href":"https:\/\/blogsaverroes.juntadeandalucia.es\/eielreal\/wp-json\/wp\/v2\/posts\/35764\/revisions"}],"predecessor-version":[{"id":35772,"href":"https:\/\/blogsaverroes.juntadeandalucia.es\/eielreal\/wp-json\/wp\/v2\/posts\/35764\/revisions\/35772"}],"wp:attachment":[{"href":"https:\/\/blogsaverroes.juntadeandalucia.es\/eielreal\/wp-json\/wp\/v2\/media?parent=35764"}],"wp:term":[{"taxonomy":"category","embeddable":true,"href":"https:\/\/blogsaverroes.juntadeandalucia.es\/eielreal\/wp-json\/wp\/v2\/categories?post=35764"},{"taxonomy":"post_tag","embeddable":true,"href":"https:\/\/blogsaverroes.juntadeandalucia.es\/eielreal\/wp-json\/wp\/v2\/tags?post=35764"}],"curies":[{"name":"wp","href":"https:\/\/api.w.org\/{rel}","templated":true}]}}