{"id":36145,"date":"2022-12-22T12:26:07","date_gmt":"2022-12-22T12:26:07","guid":{"rendered":"https:\/\/blogsaverroes.juntadeandalucia.es\/eielreal\/?p=36145"},"modified":"2022-12-22T12:26:07","modified_gmt":"2022-12-22T12:26:07","slug":"navidad-con-sabor-a-amistad","status":"publish","type":"post","link":"https:\/\/blogsaverroes.juntadeandalucia.es\/eielreal\/navidad-con-sabor-a-amistad\/","title":{"rendered":"NAVIDAD CON SABOR A AMISTAD"},"content":{"rendered":"<p style=\"text-align: justify\">Nuestro colegio se viste con luces y decoraci\u00f3n para celebrar que ya lleg\u00f3 la NAVIDAD.\u00a0 \u00c9poca m\u00e1gica, querida y deseada tanto por ni\u00f1os, como por adultos.<\/p>\n<h2 style=\"text-align: center\">Actuaciones de Navidad<\/h2>\n<p style=\"text-align: justify\">Ayer fue un d\u00eda muy especial en el Real, nuestros ni\u00f1os\/as\u00a0 demostraron los grandes bailarines que son, y despu\u00e9s de tantos ensayos dieron lo mejor.<\/p>\n<p style=\"text-align: center\"><span style=\"color: #33cccc\"><strong><span style=\"text-decoration: underline\"><em>NAVIDAD EN EL REAL<\/em><\/span><\/strong><\/span><\/p>\n<p style=\"text-align: center\"><span style=\"color: #33cccc\"><em><strong>\u00a1Chicos, chicas!<\/strong><\/em><\/span><\/p>\n<p style=\"text-align: center\"><span style=\"color: #33cccc\"><strong><em>\u00bfSab\u00e9is lo que ha sucedido hoy <\/em><\/strong><\/span><\/p>\n<p style=\"text-align: center\"><span style=\"color: #33cccc\"><strong><em>en el colegio EL REAL?<\/em><\/strong><\/span><\/p>\n<p style=\"text-align: center\"><span style=\"color: #33cccc\"><strong><em>Los ni\u00f1os y ni\u00f1as han bailado,<\/em><\/strong><\/span><\/p>\n<p style=\"text-align: center\"><span style=\"color: #33cccc\"><strong><em>para celebrar la Navidad.<\/em><\/strong><\/span><\/p>\n<p style=\"text-align: center\"><span style=\"color: #33cccc\"><strong><em>Ilusi\u00f3n y alegr\u00eda han derrochado,<\/em><\/strong><\/span><\/p>\n<p style=\"text-align: center\"><span style=\"color: #33cccc\"><strong><em>y espectaculares actuaciones <\/em><\/strong><\/span><\/p>\n<p style=\"text-align: center\"><span style=\"color: #33cccc\"><strong><em>han sido el resultado.<\/em><\/strong><\/span><\/p>\n<p style=\"text-align: center\"><span style=\"color: #33cccc\"><em><strong>Os<\/strong><\/em><strong><em> agradecemos familias de coraz\u00f3n,<\/em><\/strong><\/span><\/p>\n<p style=\"text-align: center\"><span style=\"color: #33cccc\"><em><strong>\u00a0tras muchos ensayos y trabajo,<\/strong><\/em><\/span><\/p>\n<p style=\"text-align: center\"><span style=\"color: #33cccc\"><strong><em>todo vuestro cari\u00f1o y colaboraci\u00f3n.<\/em><\/strong><\/span><\/p>\n<p style=\"text-align: justify\">Con este peque\u00f1o poema queremos presentaros las maravillosas actuaciones navide\u00f1as. Pinchando en los enlaces ver\u00e9is los grandes artistas que son nuestros peque\u00f1os y peque\u00f1as.<\/p>\n<p style=\"text-align: center\"><span style=\"text-decoration: underline\"><strong><a href=\"https:\/\/drive.google.com\/file\/d\/1NX6fueH74Amm2H5Q-ySLDvlXCxM0CMCM\/view?usp=share_link\">ACTUACI\u00d3N 3 A\u00d1OS A<\/a><\/strong><\/span><\/p>\n<p>Los alumnos de 3 a\u00f1os A nos han bailando a ritmo de<em> Rodolfo el Reno.<\/em><\/p>\n<p><a href=\"https:\/\/blogsaverroes.juntadeandalucia.es\/eielreal\/files\/2022\/12\/20221221_204750.jpg\"><img loading=\"lazy\" decoding=\"async\" class=\"aligncenter wp-image-36163 size-large\" src=\"https:\/\/blogsaverroes.juntadeandalucia.es\/eielreal\/files\/2022\/12\/20221221_204750-1024x461.jpg\" alt=\"\" width=\"660\" height=\"297\" srcset=\"https:\/\/blogsaverroes.juntadeandalucia.es\/eielreal\/files\/2022\/12\/20221221_204750-1024x461.jpg 1024w, https:\/\/blogsaverroes.juntadeandalucia.es\/eielreal\/files\/2022\/12\/20221221_204750-300x135.jpg 300w, https:\/\/blogsaverroes.juntadeandalucia.es\/eielreal\/files\/2022\/12\/20221221_204750-768x346.jpg 768w, https:\/\/blogsaverroes.juntadeandalucia.es\/eielreal\/files\/2022\/12\/20221221_204750-1536x691.jpg 1536w, https:\/\/blogsaverroes.juntadeandalucia.es\/eielreal\/files\/2022\/12\/20221221_204750-700x315.jpg 700w, https:\/\/blogsaverroes.juntadeandalucia.es\/eielreal\/files\/2022\/12\/20221221_204750.jpg 1600w\" sizes=\"(max-width: 660px) 100vw, 660px\" \/><\/a><\/p>\n<p style=\"text-align: center\"><span style=\"text-decoration: underline\"><strong><a href=\"https:\/\/drive.google.com\/file\/d\/1NzCQWjiBgTmyX8pJdyPO_mrnAXzw86Mm\/view?usp=share_link\">ACTUACI\u00d3N 3 A\u00d1OS B<\/a><\/strong><\/span><\/p>\n<p style=\"text-align: justify\">Espectaculares los alumnos\/as de 3 a\u00f1os B, listos para bailar <em>el Arbolito de Navidad.<\/em><a href=\"https:\/\/blogsaverroes.juntadeandalucia.es\/eielreal\/files\/2022\/12\/Foto-de-Pilar-R.O..jpg\"><br \/>\n<img loading=\"lazy\" decoding=\"async\" class=\"aligncenter wp-image-36152 size-large\" src=\"https:\/\/blogsaverroes.juntadeandalucia.es\/eielreal\/files\/2022\/12\/Foto-de-Pilar-R.O.-1024x768.jpg\" alt=\"\" width=\"660\" height=\"495\" srcset=\"https:\/\/blogsaverroes.juntadeandalucia.es\/eielreal\/files\/2022\/12\/Foto-de-Pilar-R.O.-1024x768.jpg 1024w, https:\/\/blogsaverroes.juntadeandalucia.es\/eielreal\/files\/2022\/12\/Foto-de-Pilar-R.O.-300x225.jpg 300w, https:\/\/blogsaverroes.juntadeandalucia.es\/eielreal\/files\/2022\/12\/Foto-de-Pilar-R.O.-768x576.jpg 768w, https:\/\/blogsaverroes.juntadeandalucia.es\/eielreal\/files\/2022\/12\/Foto-de-Pilar-R.O.-1536x1152.jpg 1536w, https:\/\/blogsaverroes.juntadeandalucia.es\/eielreal\/files\/2022\/12\/Foto-de-Pilar-R.O.-700x525.jpg 700w, https:\/\/blogsaverroes.juntadeandalucia.es\/eielreal\/files\/2022\/12\/Foto-de-Pilar-R.O..jpg 1600w\" sizes=\"(max-width: 660px) 100vw, 660px\" \/><\/a><\/p>\n<p style=\"text-align: center\"><span style=\"text-decoration: underline\"><strong><a href=\"https:\/\/drive.google.com\/file\/d\/1NTPK5KbBg77pVkoUmitQODwCOJzqNwhZ\/view?usp=share_link\">ACTUACI\u00d3N 4 A\u00d1OS A\u00a0<\/a><\/strong><\/span><\/p>\n<p>Un <em>cha cha ch\u00e1 de Navidad<\/em> ha sido la canci\u00f3n que han bailado los ni\u00f1os\/as de 4 a\u00f1os A.<\/p>\n<p><a href=\"https:\/\/blogsaverroes.juntadeandalucia.es\/eielreal\/files\/2022\/12\/IMG20221221104202-scaled.jpg\"><img loading=\"lazy\" decoding=\"async\" class=\"wp-image-36153 size-large\" src=\"https:\/\/blogsaverroes.juntadeandalucia.es\/eielreal\/files\/2022\/12\/IMG20221221104202-1024x768.jpg\" alt=\"\" width=\"660\" height=\"495\" srcset=\"https:\/\/blogsaverroes.juntadeandalucia.es\/eielreal\/files\/2022\/12\/IMG20221221104202-1024x768.jpg 1024w, https:\/\/blogsaverroes.juntadeandalucia.es\/eielreal\/files\/2022\/12\/IMG20221221104202-300x225.jpg 300w, https:\/\/blogsaverroes.juntadeandalucia.es\/eielreal\/files\/2022\/12\/IMG20221221104202-768x576.jpg 768w, https:\/\/blogsaverroes.juntadeandalucia.es\/eielreal\/files\/2022\/12\/IMG20221221104202-1536x1152.jpg 1536w, https:\/\/blogsaverroes.juntadeandalucia.es\/eielreal\/files\/2022\/12\/IMG20221221104202-2048x1536.jpg 2048w, https:\/\/blogsaverroes.juntadeandalucia.es\/eielreal\/files\/2022\/12\/IMG20221221104202-700x525.jpg 700w, https:\/\/blogsaverroes.juntadeandalucia.es\/eielreal\/files\/2022\/12\/IMG20221221104202-scaled.jpg 1600w\" sizes=\"(max-width: 660px) 100vw, 660px\" \/><\/a><\/p>\n<p style=\"text-align: center\"><span style=\"text-decoration: underline\"><strong><a title=\"ACTUACI\u00d3N 4 A\u00d1OS B\" href=\"https:\/\/drive.google.com\/file\/d\/1NT9KfEl-7C-EUKHa7cZaMEsjm6XplDli\/view?usp=share_link\">ACTUACI\u00d3N 4 A\u00d1OS B<\/a><\/strong><\/span><\/p>\n<p>Una canci\u00f3n super machosa, <em>The happiest Christmas tree<\/em>, ha hecho que se muevan con todo su arte los alumnos de 4 a\u00f1os B.<\/p>\n<p><a href=\"https:\/\/blogsaverroes.juntadeandalucia.es\/eielreal\/files\/2022\/12\/IMG20221221100932-scaled.jpg\"><img loading=\"lazy\" decoding=\"async\" class=\"aligncenter wp-image-36159 size-large\" src=\"https:\/\/blogsaverroes.juntadeandalucia.es\/eielreal\/files\/2022\/12\/IMG20221221100932-1024x768.jpg\" alt=\"\" width=\"660\" height=\"495\" srcset=\"https:\/\/blogsaverroes.juntadeandalucia.es\/eielreal\/files\/2022\/12\/IMG20221221100932-1024x768.jpg 1024w, https:\/\/blogsaverroes.juntadeandalucia.es\/eielreal\/files\/2022\/12\/IMG20221221100932-300x225.jpg 300w, https:\/\/blogsaverroes.juntadeandalucia.es\/eielreal\/files\/2022\/12\/IMG20221221100932-768x576.jpg 768w, https:\/\/blogsaverroes.juntadeandalucia.es\/eielreal\/files\/2022\/12\/IMG20221221100932-1536x1152.jpg 1536w, https:\/\/blogsaverroes.juntadeandalucia.es\/eielreal\/files\/2022\/12\/IMG20221221100932-2048x1536.jpg 2048w, https:\/\/blogsaverroes.juntadeandalucia.es\/eielreal\/files\/2022\/12\/IMG20221221100932-700x525.jpg 700w, https:\/\/blogsaverroes.juntadeandalucia.es\/eielreal\/files\/2022\/12\/IMG20221221100932-scaled.jpg 1600w\" sizes=\"(max-width: 660px) 100vw, 660px\" \/><\/a><\/p>\n<p>&nbsp;<\/p>\n<h2 style=\"text-align: center\">Cuentacuentos de Navidad<\/h2>\n<p style=\"text-align: justify\">Para terminar este magnifico d\u00eda hemos asistido al \u00faltimo cuentacuentos del a\u00f1o. La se\u00f1o Pilar nos ha contado una historia que le ocurri\u00f3 a Papa Noel hace unos a\u00f1os,<em> \u00abUna carta para Pap\u00e1 Noel\u00bb.<\/em><a href=\"https:\/\/blogsaverroes.juntadeandalucia.es\/eielreal\/files\/2022\/12\/IMG-20221221-WA0043.jpg\"><img loading=\"lazy\" decoding=\"async\" class=\"aligncenter wp-image-36154 size-large\" src=\"https:\/\/blogsaverroes.juntadeandalucia.es\/eielreal\/files\/2022\/12\/IMG-20221221-WA0043-1024x768.jpg\" alt=\"\" width=\"660\" height=\"495\" srcset=\"https:\/\/blogsaverroes.juntadeandalucia.es\/eielreal\/files\/2022\/12\/IMG-20221221-WA0043-1024x768.jpg 1024w, https:\/\/blogsaverroes.juntadeandalucia.es\/eielreal\/files\/2022\/12\/IMG-20221221-WA0043-300x225.jpg 300w, https:\/\/blogsaverroes.juntadeandalucia.es\/eielreal\/files\/2022\/12\/IMG-20221221-WA0043-768x576.jpg 768w, https:\/\/blogsaverroes.juntadeandalucia.es\/eielreal\/files\/2022\/12\/IMG-20221221-WA0043-1536x1152.jpg 1536w, https:\/\/blogsaverroes.juntadeandalucia.es\/eielreal\/files\/2022\/12\/IMG-20221221-WA0043-700x525.jpg 700w, https:\/\/blogsaverroes.juntadeandalucia.es\/eielreal\/files\/2022\/12\/IMG-20221221-WA0043.jpg 1600w\" sizes=\"(max-width: 660px) 100vw, 660px\" \/><\/a><\/p>\n<p style=\"text-align: justify\">Solo faltan cinco d\u00edas para Navidad cuando le llega a Pap\u00e1 Noel una carta por la chimenea. En ella, una ni\u00f1a llamada Vera le pide algo muy especial. Pero&#8230; \u00bfel qu\u00e9? \u00a1La carta est\u00e1 chamuscada y es imposible saberlo! Pap\u00e1 Noel y sus amigos m\u00e1gicos del Polo Norte tratar\u00e1n de averiguarlo en esta magnifica historia.<\/p>\n<p><iframe loading=\"lazy\" title=\"Cuentos infantiles en espa\u00f1ol ; Una carta para PAP\u00c1 NOEL libro infantil en espa\u00f1ol\" width=\"500\" height=\"281\" src=\"https:\/\/www.youtube.com\/embed\/b-i1eyiQW3Y?feature=oembed&#038;wmode=opaque\" frameborder=\"0\" allow=\"accelerometer; autoplay; clipboard-write; encrypted-media; gyroscope; picture-in-picture; web-share\" referrerpolicy=\"strict-origin-when-cross-origin\" allowfullscreen><\/iframe><\/p>\n<p>&nbsp;<\/p>\n<p>Esperamos que hay\u00e1is disfrutado tanto como nosotros.<\/p>\n<h3 style=\"text-align: center\"><span style=\"color: #339966\"><strong>\u00a1\u00a1FELIZ NAVIDAD!!<\/strong><\/span><\/h3>\n<h3><\/h3>\n<h3 style=\"text-align: center\"><span style=\"color: #ff0000\"><strong><a href=\"https:\/\/blogsaverroes.juntadeandalucia.es\/eielreal\/files\/2022\/12\/Screenshot_2022-12-22-13-21-35-56_92460851df6f172a4592fca41cc2d2e6.jpg\"><img loading=\"lazy\" decoding=\"async\" class=\"alignnone size-medium wp-image-36170\" src=\"https:\/\/blogsaverroes.juntadeandalucia.es\/eielreal\/files\/2022\/12\/Screenshot_2022-12-22-13-21-35-56_92460851df6f172a4592fca41cc2d2e6-300x242.jpg\" alt=\"\" width=\"300\" height=\"242\" srcset=\"https:\/\/blogsaverroes.juntadeandalucia.es\/eielreal\/files\/2022\/12\/Screenshot_2022-12-22-13-21-35-56_92460851df6f172a4592fca41cc2d2e6-300x242.jpg 300w, https:\/\/blogsaverroes.juntadeandalucia.es\/eielreal\/files\/2022\/12\/Screenshot_2022-12-22-13-21-35-56_92460851df6f172a4592fca41cc2d2e6-1024x827.jpg 1024w, https:\/\/blogsaverroes.juntadeandalucia.es\/eielreal\/files\/2022\/12\/Screenshot_2022-12-22-13-21-35-56_92460851df6f172a4592fca41cc2d2e6-768x620.jpg 768w, https:\/\/blogsaverroes.juntadeandalucia.es\/eielreal\/files\/2022\/12\/Screenshot_2022-12-22-13-21-35-56_92460851df6f172a4592fca41cc2d2e6-700x565.jpg 700w, https:\/\/blogsaverroes.juntadeandalucia.es\/eielreal\/files\/2022\/12\/Screenshot_2022-12-22-13-21-35-56_92460851df6f172a4592fca41cc2d2e6.jpg 1080w\" sizes=\"(max-width: 300px) 100vw, 300px\" \/><\/a> <\/strong><\/span><\/h3>\n<h3 style=\"text-align: center\"><span style=\"color: #ff0000\"><strong>\u00a1\u00a1MERRY CHRISTMAS!!<\/strong><\/span><\/h3>\n<p style=\"text-align: right\">Claustro EI EL REAL<\/p>\n","protected":false},"excerpt":{"rendered":"<p>Nuestro colegio se viste con luces y decoraci\u00f3n para celebrar que ya lleg\u00f3 la NAVIDAD.\u00a0 \u00c9poca m\u00e1gica, querida y deseada tanto por ni\u00f1os, como por adultos. Actuaciones de Navidad Ayer fue un d\u00eda muy&#46;&#46;&#46;<\/p>\n","protected":false},"author":3183,"featured_media":36167,"comment_status":"open","ping_status":"open","sticky":false,"template":"","format":"standard","meta":{"ngg_post_thumbnail":0,"footnotes":""},"categories":[962,11909],"tags":[],"aioseo_notices":[],"_links":{"self":[{"href":"https:\/\/blogsaverroes.juntadeandalucia.es\/eielreal\/wp-json\/wp\/v2\/posts\/36145"}],"collection":[{"href":"https:\/\/blogsaverroes.juntadeandalucia.es\/eielreal\/wp-json\/wp\/v2\/posts"}],"about":[{"href":"https:\/\/blogsaverroes.juntadeandalucia.es\/eielreal\/wp-json\/wp\/v2\/types\/post"}],"author":[{"embeddable":true,"href":"https:\/\/blogsaverroes.juntadeandalucia.es\/eielreal\/wp-json\/wp\/v2\/users\/3183"}],"replies":[{"embeddable":true,"href":"https:\/\/blogsaverroes.juntadeandalucia.es\/eielreal\/wp-json\/wp\/v2\/comments?post=36145"}],"version-history":[{"count":19,"href":"https:\/\/blogsaverroes.juntadeandalucia.es\/eielreal\/wp-json\/wp\/v2\/posts\/36145\/revisions"}],"predecessor-version":[{"id":36173,"href":"https:\/\/blogsaverroes.juntadeandalucia.es\/eielreal\/wp-json\/wp\/v2\/posts\/36145\/revisions\/36173"}],"wp:featuredmedia":[{"embeddable":true,"href":"https:\/\/blogsaverroes.juntadeandalucia.es\/eielreal\/wp-json\/wp\/v2\/media\/36167"}],"wp:attachment":[{"href":"https:\/\/blogsaverroes.juntadeandalucia.es\/eielreal\/wp-json\/wp\/v2\/media?parent=36145"}],"wp:term":[{"taxonomy":"category","embeddable":true,"href":"https:\/\/blogsaverroes.juntadeandalucia.es\/eielreal\/wp-json\/wp\/v2\/categories?post=36145"},{"taxonomy":"post_tag","embeddable":true,"href":"https:\/\/blogsaverroes.juntadeandalucia.es\/eielreal\/wp-json\/wp\/v2\/tags?post=36145"}],"curies":[{"name":"wp","href":"https:\/\/api.w.org\/{rel}","templated":true}]}}