{"id":36202,"date":"2023-01-04T16:58:34","date_gmt":"2023-01-04T16:58:34","guid":{"rendered":"https:\/\/blogsaverroes.juntadeandalucia.es\/eielreal\/?p=36202"},"modified":"2023-01-04T16:58:34","modified_gmt":"2023-01-04T16:58:34","slug":"ofrenda-2022","status":"publish","type":"post","link":"https:\/\/blogsaverroes.juntadeandalucia.es\/eielreal\/ofrenda-2022\/","title":{"rendered":"OFRENDA 2022"},"content":{"rendered":"<blockquote>\n<h5 style=\"text-align: justify\"><strong> <span style=\"font-family: Raleway, sans-serif\"><b>\u00bfQu\u00e9 es la solidaridad?<\/b><\/span><\/strong><\/h5>\n<\/blockquote>\n<p style=\"text-align: justify\"><span style=\"color: #003e2c\"><span style=\"font-family: Arial, sans-serif\"><span style=\"font-size: medium\">Se puede definir la solidaridad como la toma de conciencia de las necesidades ajenas y la voluntad de ayudar para cubrir esas necesidades.<\/span><\/span><\/span><\/p>\n<p style=\"text-align: justify\"><span style=\"color: #003e2c\"><span style=\"font-family: Arial, sans-serif\"><span style=\"font-size: medium\">El valor de la solidaridad ense\u00f1a en los ni\u00f1@s a trabajar en equipo, a compartir, ceder, respetar y convivir con otras personas, evitando el individualismo y el egoismo.<\/span><\/span><\/span><\/p>\n<p style=\"text-align: justify\"><span style=\"font-family: Arial, sans-serif\"><span style=\"font-size: medium\"><span style=\"color: #003e2c\">Los ni\u00f1@s no nacen solidarios, la solidaridad se ense\u00f1a a los mas peque\u00f1os de muchas formas y desde distintas situaciones dentro de lo cotidiano.<\/span><br \/>\n<span style=\"color: #003e2c\">Es un valor que se debe ense\u00f1ar tanto en el \u00e1mbito familiar como en la escuela.<\/span><\/span><\/span><\/p>\n<p><a href=\"https:\/\/blogsaverroes.juntadeandalucia.es\/eielreal\/files\/2023\/01\/1671701391230-scaled.jpg\"><img loading=\"lazy\" decoding=\"async\" class=\"alignnone size-medium wp-image-36205\" src=\"https:\/\/blogsaverroes.juntadeandalucia.es\/eielreal\/files\/2023\/01\/1671701391230-225x300.jpg\" alt=\"\" width=\"225\" height=\"300\" srcset=\"https:\/\/blogsaverroes.juntadeandalucia.es\/eielreal\/files\/2023\/01\/1671701391230-225x300.jpg 225w, https:\/\/blogsaverroes.juntadeandalucia.es\/eielreal\/files\/2023\/01\/1671701391230-768x1024.jpg 768w, https:\/\/blogsaverroes.juntadeandalucia.es\/eielreal\/files\/2023\/01\/1671701391230-1152x1536.jpg 1152w, https:\/\/blogsaverroes.juntadeandalucia.es\/eielreal\/files\/2023\/01\/1671701391230-1536x2048.jpg 1536w, https:\/\/blogsaverroes.juntadeandalucia.es\/eielreal\/files\/2023\/01\/1671701391230-700x933.jpg 700w, https:\/\/blogsaverroes.juntadeandalucia.es\/eielreal\/files\/2023\/01\/1671701391230-scaled.jpg 1200w\" sizes=\"(max-width: 225px) 100vw, 225px\" \/><\/a><\/p>\n<p style=\"text-align: justify\"><span style=\"font-size: medium;letter-spacing: 1px\">El objetivo es que los ni\u00f1os y ni\u00f1as comprendan la importancia del respeto, de la ayuda a las personas que lo necesitan y de la empat\u00eda.<\/span><\/p>\n<p><a href=\"https:\/\/blogsaverroes.juntadeandalucia.es\/eielreal\/files\/2023\/01\/1671701391180-scaled.jpg\"><img loading=\"lazy\" decoding=\"async\" class=\"alignnone size-medium wp-image-36215\" src=\"https:\/\/blogsaverroes.juntadeandalucia.es\/eielreal\/files\/2023\/01\/1671701391180-300x225.jpg\" alt=\"\" width=\"300\" height=\"225\" srcset=\"https:\/\/blogsaverroes.juntadeandalucia.es\/eielreal\/files\/2023\/01\/1671701391180-300x225.jpg 300w, https:\/\/blogsaverroes.juntadeandalucia.es\/eielreal\/files\/2023\/01\/1671701391180-1024x768.jpg 1024w, https:\/\/blogsaverroes.juntadeandalucia.es\/eielreal\/files\/2023\/01\/1671701391180-768x576.jpg 768w, https:\/\/blogsaverroes.juntadeandalucia.es\/eielreal\/files\/2023\/01\/1671701391180-1536x1152.jpg 1536w, https:\/\/blogsaverroes.juntadeandalucia.es\/eielreal\/files\/2023\/01\/1671701391180-2048x1536.jpg 2048w, https:\/\/blogsaverroes.juntadeandalucia.es\/eielreal\/files\/2023\/01\/1671701391180-700x525.jpg 700w, https:\/\/blogsaverroes.juntadeandalucia.es\/eielreal\/files\/2023\/01\/1671701391180-scaled.jpg 1600w\" sizes=\"(max-width: 300px) 100vw, 300px\" \/><\/a><\/p>\n<p style=\"text-align: justify\"><span style=\"font-family: Arial, sans-serif\"><span style=\"font-size: medium\"><i>Desde la E.I. El REAL fomentamos entre nuestro peque\u00f1@s este valor tan importante para crear una sociedad tolerante y sensibilizada ante las diferentes situaciones, por eso entre muchas otras, este centro como cada a\u00f1o viene realizamos una recogida de alimentos para colaborar con las Hermanas de La Cruz de nuestra localidad en estas fiestas tan entra\u00f1ables. Actividad que les encanta a los peque\u00f1@s y en la que contamos con la participaci\u00f3n de un elevado n\u00famero de nuestras familias.<\/i><\/span><\/span><\/p>\n<p><a href=\"https:\/\/blogsaverroes.juntadeandalucia.es\/eielreal\/files\/2023\/01\/1671701391174-scaled.jpg\"><img loading=\"lazy\" decoding=\"async\" class=\"alignnone size-medium wp-image-36211\" src=\"https:\/\/blogsaverroes.juntadeandalucia.es\/eielreal\/files\/2023\/01\/1671701391174-300x225.jpg\" alt=\"\" width=\"300\" height=\"225\" srcset=\"https:\/\/blogsaverroes.juntadeandalucia.es\/eielreal\/files\/2023\/01\/1671701391174-300x225.jpg 300w, https:\/\/blogsaverroes.juntadeandalucia.es\/eielreal\/files\/2023\/01\/1671701391174-1024x768.jpg 1024w, https:\/\/blogsaverroes.juntadeandalucia.es\/eielreal\/files\/2023\/01\/1671701391174-768x576.jpg 768w, https:\/\/blogsaverroes.juntadeandalucia.es\/eielreal\/files\/2023\/01\/1671701391174-1536x1152.jpg 1536w, https:\/\/blogsaverroes.juntadeandalucia.es\/eielreal\/files\/2023\/01\/1671701391174-2048x1536.jpg 2048w, https:\/\/blogsaverroes.juntadeandalucia.es\/eielreal\/files\/2023\/01\/1671701391174-700x525.jpg 700w, https:\/\/blogsaverroes.juntadeandalucia.es\/eielreal\/files\/2023\/01\/1671701391174-scaled.jpg 1600w\" sizes=\"(max-width: 300px) 100vw, 300px\" \/><\/a> <a href=\"https:\/\/blogsaverroes.juntadeandalucia.es\/eielreal\/files\/2023\/01\/1671701391166-scaled.jpg\"><img loading=\"lazy\" decoding=\"async\" class=\"alignnone size-medium wp-image-36210\" src=\"https:\/\/blogsaverroes.juntadeandalucia.es\/eielreal\/files\/2023\/01\/1671701391166-300x225.jpg\" alt=\"\" width=\"300\" height=\"225\" srcset=\"https:\/\/blogsaverroes.juntadeandalucia.es\/eielreal\/files\/2023\/01\/1671701391166-300x225.jpg 300w, https:\/\/blogsaverroes.juntadeandalucia.es\/eielreal\/files\/2023\/01\/1671701391166-1024x768.jpg 1024w, https:\/\/blogsaverroes.juntadeandalucia.es\/eielreal\/files\/2023\/01\/1671701391166-768x576.jpg 768w, https:\/\/blogsaverroes.juntadeandalucia.es\/eielreal\/files\/2023\/01\/1671701391166-1536x1152.jpg 1536w, https:\/\/blogsaverroes.juntadeandalucia.es\/eielreal\/files\/2023\/01\/1671701391166-2048x1536.jpg 2048w, https:\/\/blogsaverroes.juntadeandalucia.es\/eielreal\/files\/2023\/01\/1671701391166-700x525.jpg 700w, https:\/\/blogsaverroes.juntadeandalucia.es\/eielreal\/files\/2023\/01\/1671701391166-scaled.jpg 1600w\" sizes=\"(max-width: 300px) 100vw, 300px\" \/><\/a> <a href=\"https:\/\/blogsaverroes.juntadeandalucia.es\/eielreal\/files\/2023\/01\/1671701391160-scaled.jpg\"><img loading=\"lazy\" decoding=\"async\" class=\"alignnone size-medium wp-image-36204\" src=\"https:\/\/blogsaverroes.juntadeandalucia.es\/eielreal\/files\/2023\/01\/1671701391160-300x225.jpg\" alt=\"\" width=\"300\" height=\"225\" srcset=\"https:\/\/blogsaverroes.juntadeandalucia.es\/eielreal\/files\/2023\/01\/1671701391160-300x225.jpg 300w, https:\/\/blogsaverroes.juntadeandalucia.es\/eielreal\/files\/2023\/01\/1671701391160-1024x768.jpg 1024w, https:\/\/blogsaverroes.juntadeandalucia.es\/eielreal\/files\/2023\/01\/1671701391160-768x576.jpg 768w, https:\/\/blogsaverroes.juntadeandalucia.es\/eielreal\/files\/2023\/01\/1671701391160-1536x1152.jpg 1536w, https:\/\/blogsaverroes.juntadeandalucia.es\/eielreal\/files\/2023\/01\/1671701391160-2048x1536.jpg 2048w, https:\/\/blogsaverroes.juntadeandalucia.es\/eielreal\/files\/2023\/01\/1671701391160-700x525.jpg 700w, https:\/\/blogsaverroes.juntadeandalucia.es\/eielreal\/files\/2023\/01\/1671701391160-scaled.jpg 1600w\" sizes=\"(max-width: 300px) 100vw, 300px\" \/><\/a><a href=\"https:\/\/blogsaverroes.juntadeandalucia.es\/eielreal\/files\/2023\/01\/1671701391187-scaled.jpg\"><img loading=\"lazy\" decoding=\"async\" class=\"alignnone size-medium wp-image-36208\" src=\"https:\/\/blogsaverroes.juntadeandalucia.es\/eielreal\/files\/2023\/01\/1671701391187-300x225.jpg\" alt=\"\" width=\"300\" height=\"225\" srcset=\"https:\/\/blogsaverroes.juntadeandalucia.es\/eielreal\/files\/2023\/01\/1671701391187-300x225.jpg 300w, https:\/\/blogsaverroes.juntadeandalucia.es\/eielreal\/files\/2023\/01\/1671701391187-1024x768.jpg 1024w, https:\/\/blogsaverroes.juntadeandalucia.es\/eielreal\/files\/2023\/01\/1671701391187-768x576.jpg 768w, https:\/\/blogsaverroes.juntadeandalucia.es\/eielreal\/files\/2023\/01\/1671701391187-1536x1152.jpg 1536w, https:\/\/blogsaverroes.juntadeandalucia.es\/eielreal\/files\/2023\/01\/1671701391187-2048x1536.jpg 2048w, https:\/\/blogsaverroes.juntadeandalucia.es\/eielreal\/files\/2023\/01\/1671701391187-700x525.jpg 700w, https:\/\/blogsaverroes.juntadeandalucia.es\/eielreal\/files\/2023\/01\/1671701391187-scaled.jpg 1600w\" sizes=\"(max-width: 300px) 100vw, 300px\" \/><\/a><\/p>\n<p style=\"text-align: justify\"><span style=\"font-family: Arial, sans-serif\"><span style=\"font-size: medium\"><i>Por ello desde la E.I. El Real os damos con inmenso cari\u00f1o, a todas las familias de nuestro centro, las gracias por vuestra colaboraci\u00f3n y participaci\u00f3n en todas las actividades que desde este centro se organiza.<\/i><\/span><\/span><\/p>\n<p><a href=\"https:\/\/blogsaverroes.juntadeandalucia.es\/eielreal\/files\/2023\/01\/1671701391213-scaled.jpg\"><img loading=\"lazy\" decoding=\"async\" class=\"alignnone size-medium wp-image-36214\" src=\"https:\/\/blogsaverroes.juntadeandalucia.es\/eielreal\/files\/2023\/01\/1671701391213-300x225.jpg\" alt=\"\" width=\"300\" height=\"225\" srcset=\"https:\/\/blogsaverroes.juntadeandalucia.es\/eielreal\/files\/2023\/01\/1671701391213-300x225.jpg 300w, https:\/\/blogsaverroes.juntadeandalucia.es\/eielreal\/files\/2023\/01\/1671701391213-1024x768.jpg 1024w, https:\/\/blogsaverroes.juntadeandalucia.es\/eielreal\/files\/2023\/01\/1671701391213-768x576.jpg 768w, https:\/\/blogsaverroes.juntadeandalucia.es\/eielreal\/files\/2023\/01\/1671701391213-1536x1152.jpg 1536w, https:\/\/blogsaverroes.juntadeandalucia.es\/eielreal\/files\/2023\/01\/1671701391213-2048x1536.jpg 2048w, https:\/\/blogsaverroes.juntadeandalucia.es\/eielreal\/files\/2023\/01\/1671701391213-700x525.jpg 700w, https:\/\/blogsaverroes.juntadeandalucia.es\/eielreal\/files\/2023\/01\/1671701391213-scaled.jpg 1600w\" sizes=\"(max-width: 300px) 100vw, 300px\" \/><\/a> <a href=\"https:\/\/blogsaverroes.juntadeandalucia.es\/eielreal\/files\/2023\/01\/1671701391224-scaled.jpg\"><img loading=\"lazy\" decoding=\"async\" class=\"alignnone size-medium wp-image-36213\" src=\"https:\/\/blogsaverroes.juntadeandalucia.es\/eielreal\/files\/2023\/01\/1671701391224-300x225.jpg\" alt=\"\" width=\"300\" height=\"225\" srcset=\"https:\/\/blogsaverroes.juntadeandalucia.es\/eielreal\/files\/2023\/01\/1671701391224-300x225.jpg 300w, https:\/\/blogsaverroes.juntadeandalucia.es\/eielreal\/files\/2023\/01\/1671701391224-1024x768.jpg 1024w, https:\/\/blogsaverroes.juntadeandalucia.es\/eielreal\/files\/2023\/01\/1671701391224-768x576.jpg 768w, https:\/\/blogsaverroes.juntadeandalucia.es\/eielreal\/files\/2023\/01\/1671701391224-1536x1152.jpg 1536w, https:\/\/blogsaverroes.juntadeandalucia.es\/eielreal\/files\/2023\/01\/1671701391224-2048x1536.jpg 2048w, https:\/\/blogsaverroes.juntadeandalucia.es\/eielreal\/files\/2023\/01\/1671701391224-700x525.jpg 700w, https:\/\/blogsaverroes.juntadeandalucia.es\/eielreal\/files\/2023\/01\/1671701391224-scaled.jpg 1600w\" sizes=\"(max-width: 300px) 100vw, 300px\" \/><\/a><\/p>\n<p style=\"text-align: justify\"><span style=\"font-family: Arial, sans-serif\"><span style=\"font-size: medium\"><i>\u00a0 \u00a0 \u00a0 \u00a0 \u00a0 \u00a0 \u00a0 \u00a0 \u00a0 \u00a0 \u00a0 \u00a0 \u00a0 \u00a0 \u00a0 \u00a0 \u00a0 \u00a0 \u00a0 \u00a0 \u00a0 \u00a0 \u00a0 \u00a0 \u00a0 \u00a0 \u00a0 \u00a0 \u00a0 \u00a0 \u00a0 \u00a0 \u00a0 Gracias a tod@s!!<\/i><\/span><\/span><\/p>\n<p>&nbsp;<\/p>\n<p>Manuela Bravo Garc\u00eda ( Coord. Escuela Espacio de Paz)<\/p>\n","protected":false},"excerpt":{"rendered":"<p>\u00bfQu\u00e9 es la solidaridad? Se puede definir la solidaridad como la toma de conciencia de las necesidades ajenas y la voluntad de ayudar para cubrir esas necesidades. El valor de la solidaridad ense\u00f1a en&#46;&#46;&#46;<\/p>\n","protected":false},"author":3183,"featured_media":36212,"comment_status":"open","ping_status":"open","sticky":false,"template":"","format":"standard","meta":{"ngg_post_thumbnail":0,"footnotes":""},"categories":[11909],"tags":[],"aioseo_notices":[],"_links":{"self":[{"href":"https:\/\/blogsaverroes.juntadeandalucia.es\/eielreal\/wp-json\/wp\/v2\/posts\/36202"}],"collection":[{"href":"https:\/\/blogsaverroes.juntadeandalucia.es\/eielreal\/wp-json\/wp\/v2\/posts"}],"about":[{"href":"https:\/\/blogsaverroes.juntadeandalucia.es\/eielreal\/wp-json\/wp\/v2\/types\/post"}],"author":[{"embeddable":true,"href":"https:\/\/blogsaverroes.juntadeandalucia.es\/eielreal\/wp-json\/wp\/v2\/users\/3183"}],"replies":[{"embeddable":true,"href":"https:\/\/blogsaverroes.juntadeandalucia.es\/eielreal\/wp-json\/wp\/v2\/comments?post=36202"}],"version-history":[{"count":3,"href":"https:\/\/blogsaverroes.juntadeandalucia.es\/eielreal\/wp-json\/wp\/v2\/posts\/36202\/revisions"}],"predecessor-version":[{"id":36218,"href":"https:\/\/blogsaverroes.juntadeandalucia.es\/eielreal\/wp-json\/wp\/v2\/posts\/36202\/revisions\/36218"}],"wp:featuredmedia":[{"embeddable":true,"href":"https:\/\/blogsaverroes.juntadeandalucia.es\/eielreal\/wp-json\/wp\/v2\/media\/36212"}],"wp:attachment":[{"href":"https:\/\/blogsaverroes.juntadeandalucia.es\/eielreal\/wp-json\/wp\/v2\/media?parent=36202"}],"wp:term":[{"taxonomy":"category","embeddable":true,"href":"https:\/\/blogsaverroes.juntadeandalucia.es\/eielreal\/wp-json\/wp\/v2\/categories?post=36202"},{"taxonomy":"post_tag","embeddable":true,"href":"https:\/\/blogsaverroes.juntadeandalucia.es\/eielreal\/wp-json\/wp\/v2\/tags?post=36202"}],"curies":[{"name":"wp","href":"https:\/\/api.w.org\/{rel}","templated":true}]}}