{"id":36253,"date":"2023-01-13T16:12:41","date_gmt":"2023-01-13T16:12:41","guid":{"rendered":"https:\/\/blogsaverroes.juntadeandalucia.es\/eielreal\/?p=36253"},"modified":"2023-01-13T19:02:14","modified_gmt":"2023-01-13T19:02:14","slug":"todos-con-alberto","status":"publish","type":"post","link":"https:\/\/blogsaverroes.juntadeandalucia.es\/eielreal\/todos-con-alberto\/","title":{"rendered":"TODOS CON ALBERTO!!"},"content":{"rendered":"<p>Queridas familias<\/p>\n<p>Como ya sab\u00e9is uno de los rasgos caracter\u00edsticos de nuestra escuela y de su comunidad educativa es el de ayudar en todo cuanto se pide y aportar nuestro granito de arena cuando se necesita.<\/p>\n<p>Colaboramos con las Hermanas de la Cruz y\u00a0 C\u00e1ritas de San Ant\u00f3n. Nos incluimos en campa\u00f1as de recogidas de alimentos, ropas, juguetes&#8230; Visit\u00e1bamos las residencias de ancianos en Navidad para animar a nuestros abuelos-as ( aunque desde el Covid ya no podemos hacerlo)<\/p>\n<p>En esta ocasi\u00f3n hemos ofrecido nuestra ayuda a Alberto aprovechando el Bel\u00e9n Viviente organizado por los 5 a\u00f1os en Navidad. El Ampa El Real y el equipo docente de la escuela organizamos todo para una chocolatada a los visitantes del Bel\u00e9n cuyos beneficios, fuesen \u00edntegros a la causa de este peque\u00f1\u00edn.<\/p>\n<p><a href=\"https:\/\/blogsaverroes.juntadeandalucia.es\/eielreal\/files\/2023\/01\/WhatsApp-Image-2023-01-13-at-16.21.26.jpeg\"><img loading=\"lazy\" decoding=\"async\" class=\"alignnone size-medium wp-image-36255\" src=\"https:\/\/blogsaverroes.juntadeandalucia.es\/eielreal\/files\/2023\/01\/WhatsApp-Image-2023-01-13-at-16.21.26-300x224.jpeg\" alt=\"\" width=\"300\" height=\"224\" srcset=\"https:\/\/blogsaverroes.juntadeandalucia.es\/eielreal\/files\/2023\/01\/WhatsApp-Image-2023-01-13-at-16.21.26-300x224.jpeg 300w, https:\/\/blogsaverroes.juntadeandalucia.es\/eielreal\/files\/2023\/01\/WhatsApp-Image-2023-01-13-at-16.21.26-768x575.jpeg 768w, https:\/\/blogsaverroes.juntadeandalucia.es\/eielreal\/files\/2023\/01\/WhatsApp-Image-2023-01-13-at-16.21.26-700x524.jpeg 700w, https:\/\/blogsaverroes.juntadeandalucia.es\/eielreal\/files\/2023\/01\/WhatsApp-Image-2023-01-13-at-16.21.26.jpeg 1024w\" sizes=\"(max-width: 300px) 100vw, 300px\" \/><\/a><\/p>\n<p><a href=\"https:\/\/blogsaverroes.juntadeandalucia.es\/eielreal\/files\/2023\/01\/WhatsApp-Image-2023-01-13-at-16.21.26-1.jpeg\"><img loading=\"lazy\" decoding=\"async\" class=\"alignnone size-medium wp-image-36254\" src=\"https:\/\/blogsaverroes.juntadeandalucia.es\/eielreal\/files\/2023\/01\/WhatsApp-Image-2023-01-13-at-16.21.26-1-300x224.jpeg\" alt=\"\" width=\"300\" height=\"224\" srcset=\"https:\/\/blogsaverroes.juntadeandalucia.es\/eielreal\/files\/2023\/01\/WhatsApp-Image-2023-01-13-at-16.21.26-1-300x224.jpeg 300w, https:\/\/blogsaverroes.juntadeandalucia.es\/eielreal\/files\/2023\/01\/WhatsApp-Image-2023-01-13-at-16.21.26-1-768x575.jpeg 768w, https:\/\/blogsaverroes.juntadeandalucia.es\/eielreal\/files\/2023\/01\/WhatsApp-Image-2023-01-13-at-16.21.26-1-700x524.jpeg 700w, https:\/\/blogsaverroes.juntadeandalucia.es\/eielreal\/files\/2023\/01\/WhatsApp-Image-2023-01-13-at-16.21.26-1.jpeg 1024w\" sizes=\"(max-width: 300px) 100vw, 300px\" \/><\/a><\/p>\n<p>Ese d\u00eda fue todo un \u00e9xito de visitas, de participaci\u00f3n y del propio Bel\u00e9n viviente. Todos los asistentes ten\u00edan much\u00edsimas ganas de dar su aportaci\u00f3n econ\u00f3mica para ayudar y aunque el chocolate y el mantecado eran 2\u20ac\u00a0 sabemos que la gente daba mucho m\u00e1s que eso.<\/p>\n<p><a href=\"https:\/\/blogsaverroes.juntadeandalucia.es\/eielreal\/files\/2023\/01\/WhatsApp-Image-2023-01-13-at-16.32.24.jpeg\"><img loading=\"lazy\" decoding=\"async\" class=\"alignnone size-medium wp-image-36256\" src=\"https:\/\/blogsaverroes.juntadeandalucia.es\/eielreal\/files\/2023\/01\/WhatsApp-Image-2023-01-13-at-16.32.24-300x225.jpeg\" alt=\"\" width=\"300\" height=\"225\" srcset=\"https:\/\/blogsaverroes.juntadeandalucia.es\/eielreal\/files\/2023\/01\/WhatsApp-Image-2023-01-13-at-16.32.24-300x225.jpeg 300w, https:\/\/blogsaverroes.juntadeandalucia.es\/eielreal\/files\/2023\/01\/WhatsApp-Image-2023-01-13-at-16.32.24-1024x768.jpeg 1024w, https:\/\/blogsaverroes.juntadeandalucia.es\/eielreal\/files\/2023\/01\/WhatsApp-Image-2023-01-13-at-16.32.24-768x576.jpeg 768w, https:\/\/blogsaverroes.juntadeandalucia.es\/eielreal\/files\/2023\/01\/WhatsApp-Image-2023-01-13-at-16.32.24-1536x1152.jpeg 1536w, https:\/\/blogsaverroes.juntadeandalucia.es\/eielreal\/files\/2023\/01\/WhatsApp-Image-2023-01-13-at-16.32.24-700x525.jpeg 700w, https:\/\/blogsaverroes.juntadeandalucia.es\/eielreal\/files\/2023\/01\/WhatsApp-Image-2023-01-13-at-16.32.24.jpeg 1600w\" sizes=\"(max-width: 300px) 100vw, 300px\" \/><\/a><\/p>\n<h3>Y, se superaron las expectativas&#8230; 586\u20ac<\/h3>\n<p>Una vez que han pasado las vacaciones\u00a0 y hemos vuelto a nuestra rutina del escolar. Hemos vuelto a contactar con los padres de Alberto para concretar un d\u00eda para poder vernos y darles este dinero en mano y un tal\u00f3n simb\u00f3lico con el valor de lo recaudado.<\/p>\n<p><a href=\"https:\/\/blogsaverroes.juntadeandalucia.es\/eielreal\/files\/2023\/01\/WhatsApp-Image-2023-01-13-at-16.37.46.jpeg\"><img loading=\"lazy\" decoding=\"async\" class=\"alignnone size-medium wp-image-36257\" src=\"https:\/\/blogsaverroes.juntadeandalucia.es\/eielreal\/files\/2023\/01\/WhatsApp-Image-2023-01-13-at-16.37.46-300x128.jpeg\" alt=\"\" width=\"300\" height=\"128\" \/><\/a><\/p>\n<p>Y hoy ha sido el d\u00eda elegido. En el tiempo del recreo hemos estado todos con los tres. Los padres de Alberto han sido muy amables y se han mostrado muy agradecidos por todo. El ni\u00f1o es un amor, muy cari\u00f1oso ha mandado besos y ha jugueteado con nosotros.<\/p>\n<p><a href=\"https:\/\/blogsaverroes.juntadeandalucia.es\/eielreal\/files\/2023\/01\/WhatsApp-Image-2023-01-13-at-17.06.37.jpeg\"><img loading=\"lazy\" decoding=\"async\" class=\"alignnone size-medium wp-image-36264\" src=\"https:\/\/blogsaverroes.juntadeandalucia.es\/eielreal\/files\/2023\/01\/WhatsApp-Image-2023-01-13-at-17.06.37-300x225.jpeg\" alt=\"\" width=\"300\" height=\"225\" srcset=\"https:\/\/blogsaverroes.juntadeandalucia.es\/eielreal\/files\/2023\/01\/WhatsApp-Image-2023-01-13-at-17.06.37-300x225.jpeg 300w, https:\/\/blogsaverroes.juntadeandalucia.es\/eielreal\/files\/2023\/01\/WhatsApp-Image-2023-01-13-at-17.06.37-1024x768.jpeg 1024w, https:\/\/blogsaverroes.juntadeandalucia.es\/eielreal\/files\/2023\/01\/WhatsApp-Image-2023-01-13-at-17.06.37-768x576.jpeg 768w, https:\/\/blogsaverroes.juntadeandalucia.es\/eielreal\/files\/2023\/01\/WhatsApp-Image-2023-01-13-at-17.06.37-1536x1152.jpeg 1536w, https:\/\/blogsaverroes.juntadeandalucia.es\/eielreal\/files\/2023\/01\/WhatsApp-Image-2023-01-13-at-17.06.37-700x525.jpeg 700w, https:\/\/blogsaverroes.juntadeandalucia.es\/eielreal\/files\/2023\/01\/WhatsApp-Image-2023-01-13-at-17.06.37.jpeg 1600w\" sizes=\"(max-width: 300px) 100vw, 300px\" \/><\/a><\/p>\n<p><a href=\"https:\/\/blogsaverroes.juntadeandalucia.es\/eielreal\/files\/2023\/01\/WhatsApp-Image-2023-01-13-at-17.06.53.jpeg\"><img loading=\"lazy\" decoding=\"async\" class=\"alignnone size-medium wp-image-36263\" src=\"https:\/\/blogsaverroes.juntadeandalucia.es\/eielreal\/files\/2023\/01\/WhatsApp-Image-2023-01-13-at-17.06.53-300x225.jpeg\" alt=\"\" width=\"300\" height=\"225\" srcset=\"https:\/\/blogsaverroes.juntadeandalucia.es\/eielreal\/files\/2023\/01\/WhatsApp-Image-2023-01-13-at-17.06.53-300x225.jpeg 300w, https:\/\/blogsaverroes.juntadeandalucia.es\/eielreal\/files\/2023\/01\/WhatsApp-Image-2023-01-13-at-17.06.53-1024x768.jpeg 1024w, https:\/\/blogsaverroes.juntadeandalucia.es\/eielreal\/files\/2023\/01\/WhatsApp-Image-2023-01-13-at-17.06.53-768x576.jpeg 768w, https:\/\/blogsaverroes.juntadeandalucia.es\/eielreal\/files\/2023\/01\/WhatsApp-Image-2023-01-13-at-17.06.53-1536x1152.jpeg 1536w, https:\/\/blogsaverroes.juntadeandalucia.es\/eielreal\/files\/2023\/01\/WhatsApp-Image-2023-01-13-at-17.06.53-700x525.jpeg 700w, https:\/\/blogsaverroes.juntadeandalucia.es\/eielreal\/files\/2023\/01\/WhatsApp-Image-2023-01-13-at-17.06.53.jpeg 1600w\" sizes=\"(max-width: 300px) 100vw, 300px\" \/><\/a><\/p>\n<p>Antes de que se marcharan nos hemos colocado en el patio para hacernos una foto con todos. Les hemos dado un gran aplauso y hemos vitoreado el nombre de ALBERTO.<\/p>\n<p><a href=\"https:\/\/blogsaverroes.juntadeandalucia.es\/eielreal\/files\/2023\/01\/1.jpg\"><img loading=\"lazy\" decoding=\"async\" class=\"alignnone size-medium wp-image-36260\" src=\"https:\/\/blogsaverroes.juntadeandalucia.es\/eielreal\/files\/2023\/01\/1-300x226.jpg\" alt=\"\" width=\"300\" height=\"226\" srcset=\"https:\/\/blogsaverroes.juntadeandalucia.es\/eielreal\/files\/2023\/01\/1-300x226.jpg 300w, https:\/\/blogsaverroes.juntadeandalucia.es\/eielreal\/files\/2023\/01\/1-1024x771.jpg 1024w, https:\/\/blogsaverroes.juntadeandalucia.es\/eielreal\/files\/2023\/01\/1-768x578.jpg 768w, https:\/\/blogsaverroes.juntadeandalucia.es\/eielreal\/files\/2023\/01\/1-1536x1157.jpg 1536w, https:\/\/blogsaverroes.juntadeandalucia.es\/eielreal\/files\/2023\/01\/1-700x527.jpg 700w, https:\/\/blogsaverroes.juntadeandalucia.es\/eielreal\/files\/2023\/01\/1.jpg 1600w\" sizes=\"(max-width: 300px) 100vw, 300px\" \/><\/a><\/p>\n<p><a href=\"https:\/\/blogsaverroes.juntadeandalucia.es\/eielreal\/files\/2023\/01\/2.jpg\"><img loading=\"lazy\" decoding=\"async\" class=\"alignnone size-medium wp-image-36259\" src=\"https:\/\/blogsaverroes.juntadeandalucia.es\/eielreal\/files\/2023\/01\/2-300x226.jpg\" alt=\"\" width=\"300\" height=\"226\" srcset=\"https:\/\/blogsaverroes.juntadeandalucia.es\/eielreal\/files\/2023\/01\/2-300x226.jpg 300w, https:\/\/blogsaverroes.juntadeandalucia.es\/eielreal\/files\/2023\/01\/2-1024x771.jpg 1024w, https:\/\/blogsaverroes.juntadeandalucia.es\/eielreal\/files\/2023\/01\/2-768x578.jpg 768w, https:\/\/blogsaverroes.juntadeandalucia.es\/eielreal\/files\/2023\/01\/2-1536x1156.jpg 1536w, https:\/\/blogsaverroes.juntadeandalucia.es\/eielreal\/files\/2023\/01\/2-700x527.jpg 700w, https:\/\/blogsaverroes.juntadeandalucia.es\/eielreal\/files\/2023\/01\/2.jpg 1600w\" sizes=\"(max-width: 300px) 100vw, 300px\" \/><\/a><\/p>\n<p>Un rato inolvidable por una buena causa a la que sin dudas nos sumaremos siempre que ellos nos necesiten.<\/p>\n<h3>La escuela El Real y su Ampa agradece toda la colaboraci\u00f3n ya que sin ella ser\u00eda imposible alcanzar este objetivo: GRACIAS<\/h3>\n<p>Seguro que os sum\u00e1is al deseo de todos para que, en su viaje y tratamiento m\u00e9dico vaya todo como pronostican\u00a0 y\u00a0 que la esperanza reine\u00a0 siempre en sus corazones.<\/p>\n<p><a href=\"https:\/\/blogsaverroes.juntadeandalucia.es\/eielreal\/files\/2023\/01\/WhatsApp-Image-2023-01-13-at-13.05.29.jpeg\"><img loading=\"lazy\" decoding=\"async\" class=\"alignnone size-medium wp-image-36262\" src=\"https:\/\/blogsaverroes.juntadeandalucia.es\/eielreal\/files\/2023\/01\/WhatsApp-Image-2023-01-13-at-13.05.29-225x300.jpeg\" alt=\"\" width=\"225\" height=\"300\" srcset=\"https:\/\/blogsaverroes.juntadeandalucia.es\/eielreal\/files\/2023\/01\/WhatsApp-Image-2023-01-13-at-13.05.29-225x300.jpeg 225w, https:\/\/blogsaverroes.juntadeandalucia.es\/eielreal\/files\/2023\/01\/WhatsApp-Image-2023-01-13-at-13.05.29-768x1024.jpeg 768w, https:\/\/blogsaverroes.juntadeandalucia.es\/eielreal\/files\/2023\/01\/WhatsApp-Image-2023-01-13-at-13.05.29-1152x1536.jpeg 1152w, https:\/\/blogsaverroes.juntadeandalucia.es\/eielreal\/files\/2023\/01\/WhatsApp-Image-2023-01-13-at-13.05.29-700x933.jpeg 700w, https:\/\/blogsaverroes.juntadeandalucia.es\/eielreal\/files\/2023\/01\/WhatsApp-Image-2023-01-13-at-13.05.29.jpeg 1200w\" sizes=\"(max-width: 225px) 100vw, 225px\" \/><\/a><\/p>\n<p>Un gran abrazo<\/p>\n<p>Ampa El Real Karmo y Equipo docente El Real<\/p>\n<p>&nbsp;<\/p>\n","protected":false},"excerpt":{"rendered":"<p>Queridas familias Como ya sab\u00e9is uno de los rasgos caracter\u00edsticos de nuestra escuela y de su comunidad educativa es el de ayudar en todo cuanto se pide y aportar nuestro granito de arena cuando&#46;&#46;&#46;<\/p>\n","protected":false},"author":3183,"featured_media":36257,"comment_status":"open","ping_status":"open","sticky":false,"template":"","format":"standard","meta":{"ngg_post_thumbnail":0,"footnotes":""},"categories":[1705],"tags":[1740627,1740628],"aioseo_notices":[],"_links":{"self":[{"href":"https:\/\/blogsaverroes.juntadeandalucia.es\/eielreal\/wp-json\/wp\/v2\/posts\/36253"}],"collection":[{"href":"https:\/\/blogsaverroes.juntadeandalucia.es\/eielreal\/wp-json\/wp\/v2\/posts"}],"about":[{"href":"https:\/\/blogsaverroes.juntadeandalucia.es\/eielreal\/wp-json\/wp\/v2\/types\/post"}],"author":[{"embeddable":true,"href":"https:\/\/blogsaverroes.juntadeandalucia.es\/eielreal\/wp-json\/wp\/v2\/users\/3183"}],"replies":[{"embeddable":true,"href":"https:\/\/blogsaverroes.juntadeandalucia.es\/eielreal\/wp-json\/wp\/v2\/comments?post=36253"}],"version-history":[{"count":4,"href":"https:\/\/blogsaverroes.juntadeandalucia.es\/eielreal\/wp-json\/wp\/v2\/posts\/36253\/revisions"}],"predecessor-version":[{"id":36268,"href":"https:\/\/blogsaverroes.juntadeandalucia.es\/eielreal\/wp-json\/wp\/v2\/posts\/36253\/revisions\/36268"}],"wp:featuredmedia":[{"embeddable":true,"href":"https:\/\/blogsaverroes.juntadeandalucia.es\/eielreal\/wp-json\/wp\/v2\/media\/36257"}],"wp:attachment":[{"href":"https:\/\/blogsaverroes.juntadeandalucia.es\/eielreal\/wp-json\/wp\/v2\/media?parent=36253"}],"wp:term":[{"taxonomy":"category","embeddable":true,"href":"https:\/\/blogsaverroes.juntadeandalucia.es\/eielreal\/wp-json\/wp\/v2\/categories?post=36253"},{"taxonomy":"post_tag","embeddable":true,"href":"https:\/\/blogsaverroes.juntadeandalucia.es\/eielreal\/wp-json\/wp\/v2\/tags?post=36253"}],"curies":[{"name":"wp","href":"https:\/\/api.w.org\/{rel}","templated":true}]}}