{"id":36568,"date":"2023-03-22T07:43:21","date_gmt":"2023-03-22T07:43:21","guid":{"rendered":"https:\/\/blogsaverroes.juntadeandalucia.es\/eielreal\/?p=36568"},"modified":"2023-03-22T07:46:57","modified_gmt":"2023-03-22T07:46:57","slug":"descubre-la-antigua-roma-5a","status":"publish","type":"post","link":"https:\/\/blogsaverroes.juntadeandalucia.es\/eielreal\/descubre-la-antigua-roma-5a\/","title":{"rendered":"\u00a1\u00a1DESCUBRE LA ANTIGUA ROMA!! 5A."},"content":{"rendered":"<p>El segundo trimestre comenz\u00f3 lleno de sorpresas y emociones. Todos los d\u00edas ten\u00edamos alg\u00fan objeto, cuento, regalo, juego&#8230; que nos invitaba a investigar y descubrir un nuevo tema de inter\u00e9s para los ni\u00f1os y ni\u00f1as de 5 a\u00f1os.<strong> LA ANTIGUA ROMA<\/strong>.<\/p>\n<p><a href=\"https:\/\/blogsaverroes.juntadeandalucia.es\/eielreal\/files\/2023\/03\/motivaci\u00f3n.jpeg\"><img loading=\"lazy\" decoding=\"async\" class=\"size-medium wp-image-36823 alignnone\" src=\"https:\/\/blogsaverroes.juntadeandalucia.es\/eielreal\/files\/2023\/03\/motivaci\u00f3n-300x225.jpeg\" alt=\"\" width=\"300\" height=\"225\" srcset=\"https:\/\/blogsaverroes.juntadeandalucia.es\/eielreal\/files\/2023\/03\/motivaci\u00f3n-300x225.jpeg 300w, https:\/\/blogsaverroes.juntadeandalucia.es\/eielreal\/files\/2023\/03\/motivaci\u00f3n-1024x769.jpeg 1024w, https:\/\/blogsaverroes.juntadeandalucia.es\/eielreal\/files\/2023\/03\/motivaci\u00f3n-768x576.jpeg 768w, https:\/\/blogsaverroes.juntadeandalucia.es\/eielreal\/files\/2023\/03\/motivaci\u00f3n-1536x1153.jpeg 1536w, https:\/\/blogsaverroes.juntadeandalucia.es\/eielreal\/files\/2023\/03\/motivaci\u00f3n-700x525.jpeg 700w, https:\/\/blogsaverroes.juntadeandalucia.es\/eielreal\/files\/2023\/03\/motivaci\u00f3n.jpeg 1600w\" sizes=\"(max-width: 300px) 100vw, 300px\" \/><\/a><\/p>\n<p>Trabajamos este proyecto ya que nos parece imprescindible conocer la historia, siendo la \u00e9poca romana una \u00e9poca hist\u00f3rica fascinante y gracias al <strong>PATRIMONIO CULTURAL<\/strong> que nos rodea, consideramos que es una de las formas m\u00e1s interesantes que tenemos para conseguir que nuestro pasado hist\u00f3rico.<\/p>\n<p>Todo comenz\u00f3 el 10 de enero, los ni\u00f1os y ni\u00f1as entraron en el aula y encontraron las luces apagadas, una m\u00fasica de fondo de la antigua Roma y velas encendidas.<\/p>\n<p>En nuestra asamblea encontramos un antiguo ba\u00fal con un pergamino dentro, \u00bfqu\u00e9 ser\u00e1?, \u00bf por qu\u00e9 nos lo habr\u00e1n dejado aqu\u00ed?, \u00bf qui\u00e9n habr\u00e1 sido?&#8230;y ah\u00ed comenz\u00f3 nuestra aventura de descubrir la antigua Roma, gracias al entusiasmo de nuestro alumnado y a la colaboraci\u00f3n de sus familias. MOTIVACI\u00d3N.<\/p>\n<p>https:\/\/youtube.com\/watch?v=SJEffFquMx4&#038;feature=share<\/p>\n<p>El reto que entra\u00f1a este proyecto , es que los alumnos\/as comprendan c\u00f3mo la cultura romana ha influido y est\u00e1 presente en nuestra cultura. Para ello, nos adentraremos en el mundo romano conociendo como viv\u00edan, sus costumbres, sus construcciones, sus dioses..Todo explicado por ellos para que construyan el aprendizaje y sea significativo.<\/p>\n<p>En el siguiente v\u00eddeo pod\u00e9is descubrir <strong>EL ORIGEN DE ROMA<\/strong>.<\/p>\n<p><iframe loading=\"lazy\" title=\"EL IMPERIO ROMANO | V\u00eddeos Educativos para Ni\u00f1os\" width=\"500\" height=\"281\" src=\"https:\/\/www.youtube.com\/embed\/ufEclRGXV6k?feature=oembed&#038;wmode=opaque\" frameborder=\"0\" allow=\"accelerometer; autoplay; clipboard-write; encrypted-media; gyroscope; picture-in-picture; web-share\" referrerpolicy=\"strict-origin-when-cross-origin\" allowfullscreen><\/iframe><\/p>\n<p>La recogida de informaci\u00f3n y el desarrollo de actividades de investigaci\u00f3n sobre el tema conforman el\u00a0 nodo del trabajo por proyectos. En esta fase se adquieren y se consolidan paso a paso los aprendizajes y se construye el conocimiento. Con toda la informaci\u00f3n recabada e investigada creamos nuestro <strong>RINC\u00d3N DE ROMA<\/strong>.<\/p>\n<p><a href=\"https:\/\/blogsaverroes.juntadeandalucia.es\/eielreal\/files\/2023\/03\/RINC\u00d3N.jpeg\"><img loading=\"lazy\" decoding=\"async\" class=\"alignnone size-medium wp-image-36907\" src=\"https:\/\/blogsaverroes.juntadeandalucia.es\/eielreal\/files\/2023\/03\/RINC\u00d3N-300x225.jpeg\" alt=\"\" width=\"300\" height=\"225\" srcset=\"https:\/\/blogsaverroes.juntadeandalucia.es\/eielreal\/files\/2023\/03\/RINC\u00d3N-300x225.jpeg 300w, https:\/\/blogsaverroes.juntadeandalucia.es\/eielreal\/files\/2023\/03\/RINC\u00d3N-1024x769.jpeg 1024w, https:\/\/blogsaverroes.juntadeandalucia.es\/eielreal\/files\/2023\/03\/RINC\u00d3N-768x576.jpeg 768w, https:\/\/blogsaverroes.juntadeandalucia.es\/eielreal\/files\/2023\/03\/RINC\u00d3N-1536x1153.jpeg 1536w, https:\/\/blogsaverroes.juntadeandalucia.es\/eielreal\/files\/2023\/03\/RINC\u00d3N-700x525.jpeg 700w, https:\/\/blogsaverroes.juntadeandalucia.es\/eielreal\/files\/2023\/03\/RINC\u00d3N.jpeg 1600w\" sizes=\"(max-width: 300px) 100vw, 300px\" \/><\/a><a href=\"https:\/\/blogsaverroes.juntadeandalucia.es\/eielreal\/files\/2023\/03\/roma-j.jpeg\"><img loading=\"lazy\" decoding=\"async\" class=\"size-medium wp-image-36972 alignnone\" src=\"https:\/\/blogsaverroes.juntadeandalucia.es\/eielreal\/files\/2023\/03\/roma-j-300x225.jpeg\" alt=\"\" width=\"300\" height=\"225\" srcset=\"https:\/\/blogsaverroes.juntadeandalucia.es\/eielreal\/files\/2023\/03\/roma-j-300x225.jpeg 300w, https:\/\/blogsaverroes.juntadeandalucia.es\/eielreal\/files\/2023\/03\/roma-j-1024x769.jpeg 1024w, https:\/\/blogsaverroes.juntadeandalucia.es\/eielreal\/files\/2023\/03\/roma-j-768x576.jpeg 768w, https:\/\/blogsaverroes.juntadeandalucia.es\/eielreal\/files\/2023\/03\/roma-j-1536x1153.jpeg 1536w, https:\/\/blogsaverroes.juntadeandalucia.es\/eielreal\/files\/2023\/03\/roma-j-700x525.jpeg 700w, https:\/\/blogsaverroes.juntadeandalucia.es\/eielreal\/files\/2023\/03\/roma-j.jpeg 1600w\" sizes=\"(max-width: 300px) 100vw, 300px\" \/><\/a><\/p>\n<p>Los apartados o puntos trabajados por los alumnos\/as con la ayuda de las familias son:<\/p>\n<p><strong>\u00bfC\u00d3MO ERA LA CIUDAD DE ROMA?<\/strong><\/p>\n<p><a href=\"https:\/\/blogsaverroes.juntadeandalucia.es\/eielreal\/files\/2023\/03\/roma-1.jpeg\"><img loading=\"lazy\" decoding=\"async\" class=\"alignnone size-medium wp-image-36824\" src=\"https:\/\/blogsaverroes.juntadeandalucia.es\/eielreal\/files\/2023\/03\/roma-1-300x225.jpeg\" alt=\"\" width=\"300\" height=\"225\" srcset=\"https:\/\/blogsaverroes.juntadeandalucia.es\/eielreal\/files\/2023\/03\/roma-1-300x225.jpeg 300w, https:\/\/blogsaverroes.juntadeandalucia.es\/eielreal\/files\/2023\/03\/roma-1-1024x769.jpeg 1024w, https:\/\/blogsaverroes.juntadeandalucia.es\/eielreal\/files\/2023\/03\/roma-1-768x576.jpeg 768w, https:\/\/blogsaverroes.juntadeandalucia.es\/eielreal\/files\/2023\/03\/roma-1-1536x1153.jpeg 1536w, https:\/\/blogsaverroes.juntadeandalucia.es\/eielreal\/files\/2023\/03\/roma-1-700x525.jpeg 700w, https:\/\/blogsaverroes.juntadeandalucia.es\/eielreal\/files\/2023\/03\/roma-1.jpeg 1600w\" sizes=\"(max-width: 300px) 100vw, 300px\" \/><\/a><\/p>\n<p><strong>\u00bfC\u00d3MO ERA LA SOCIEDAD ROMANA?<\/strong><\/p>\n<p><a href=\"https:\/\/blogsaverroes.juntadeandalucia.es\/eielreal\/files\/2023\/03\/roma-2.jpeg\"><img loading=\"lazy\" decoding=\"async\" class=\"size-medium wp-image-36825 alignnone\" src=\"https:\/\/blogsaverroes.juntadeandalucia.es\/eielreal\/files\/2023\/03\/roma-2-300x225.jpeg\" alt=\"\" width=\"300\" height=\"225\" srcset=\"https:\/\/blogsaverroes.juntadeandalucia.es\/eielreal\/files\/2023\/03\/roma-2-300x225.jpeg 300w, https:\/\/blogsaverroes.juntadeandalucia.es\/eielreal\/files\/2023\/03\/roma-2-1024x769.jpeg 1024w, https:\/\/blogsaverroes.juntadeandalucia.es\/eielreal\/files\/2023\/03\/roma-2-768x576.jpeg 768w, https:\/\/blogsaverroes.juntadeandalucia.es\/eielreal\/files\/2023\/03\/roma-2-1536x1153.jpeg 1536w, https:\/\/blogsaverroes.juntadeandalucia.es\/eielreal\/files\/2023\/03\/roma-2-700x525.jpeg 700w, https:\/\/blogsaverroes.juntadeandalucia.es\/eielreal\/files\/2023\/03\/roma-2.jpeg 1600w\" sizes=\"(max-width: 300px) 100vw, 300px\" \/><\/a><\/p>\n<p><strong>\u00bfA QU\u00c9 SE DEDICABAN?<\/strong><\/p>\n<p><a href=\"https:\/\/blogsaverroes.juntadeandalucia.es\/eielreal\/files\/2023\/03\/roma-4.jpeg\"><img loading=\"lazy\" decoding=\"async\" class=\"alignnone size-medium wp-image-36826\" src=\"https:\/\/blogsaverroes.juntadeandalucia.es\/eielreal\/files\/2023\/03\/roma-4-300x225.jpeg\" alt=\"\" width=\"300\" height=\"225\" srcset=\"https:\/\/blogsaverroes.juntadeandalucia.es\/eielreal\/files\/2023\/03\/roma-4-300x225.jpeg 300w, https:\/\/blogsaverroes.juntadeandalucia.es\/eielreal\/files\/2023\/03\/roma-4-1024x769.jpeg 1024w, https:\/\/blogsaverroes.juntadeandalucia.es\/eielreal\/files\/2023\/03\/roma-4-768x576.jpeg 768w, https:\/\/blogsaverroes.juntadeandalucia.es\/eielreal\/files\/2023\/03\/roma-4-1536x1153.jpeg 1536w, https:\/\/blogsaverroes.juntadeandalucia.es\/eielreal\/files\/2023\/03\/roma-4-700x525.jpeg 700w, https:\/\/blogsaverroes.juntadeandalucia.es\/eielreal\/files\/2023\/03\/roma-4.jpeg 1600w\" sizes=\"(max-width: 300px) 100vw, 300px\" \/><\/a><\/p>\n<p><strong>LA DOMUS ROMANA<\/strong><\/p>\n<p><a href=\"https:\/\/blogsaverroes.juntadeandalucia.es\/eielreal\/files\/2023\/03\/roma12.jpeg\"><img loading=\"lazy\" decoding=\"async\" class=\"alignnone size-medium wp-image-36839\" src=\"https:\/\/blogsaverroes.juntadeandalucia.es\/eielreal\/files\/2023\/03\/roma12-300x225.jpeg\" alt=\"\" width=\"300\" height=\"225\" srcset=\"https:\/\/blogsaverroes.juntadeandalucia.es\/eielreal\/files\/2023\/03\/roma12-300x225.jpeg 300w, https:\/\/blogsaverroes.juntadeandalucia.es\/eielreal\/files\/2023\/03\/roma12-1024x769.jpeg 1024w, https:\/\/blogsaverroes.juntadeandalucia.es\/eielreal\/files\/2023\/03\/roma12-768x576.jpeg 768w, https:\/\/blogsaverroes.juntadeandalucia.es\/eielreal\/files\/2023\/03\/roma12-1536x1153.jpeg 1536w, https:\/\/blogsaverroes.juntadeandalucia.es\/eielreal\/files\/2023\/03\/roma12-700x525.jpeg 700w, https:\/\/blogsaverroes.juntadeandalucia.es\/eielreal\/files\/2023\/03\/roma12.jpeg 1600w\" sizes=\"(max-width: 300px) 100vw, 300px\" \/><\/a><\/p>\n<p><strong>\u00bfQU\u00c9 ERA UNA \u00cdNSULA?<\/strong><\/p>\n<p><a href=\"https:\/\/blogsaverroes.juntadeandalucia.es\/eielreal\/files\/2023\/03\/\u00cdNSULA.jpeg\"><img loading=\"lazy\" decoding=\"async\" class=\"alignnone size-medium wp-image-36905\" src=\"https:\/\/blogsaverroes.juntadeandalucia.es\/eielreal\/files\/2023\/03\/\u00cdNSULA-300x225.jpeg\" alt=\"\" width=\"300\" height=\"225\" srcset=\"https:\/\/blogsaverroes.juntadeandalucia.es\/eielreal\/files\/2023\/03\/\u00cdNSULA-300x225.jpeg 300w, https:\/\/blogsaverroes.juntadeandalucia.es\/eielreal\/files\/2023\/03\/\u00cdNSULA-1024x769.jpeg 1024w, https:\/\/blogsaverroes.juntadeandalucia.es\/eielreal\/files\/2023\/03\/\u00cdNSULA-768x576.jpeg 768w, https:\/\/blogsaverroes.juntadeandalucia.es\/eielreal\/files\/2023\/03\/\u00cdNSULA-1536x1153.jpeg 1536w, https:\/\/blogsaverroes.juntadeandalucia.es\/eielreal\/files\/2023\/03\/\u00cdNSULA-700x525.jpeg 700w, https:\/\/blogsaverroes.juntadeandalucia.es\/eielreal\/files\/2023\/03\/\u00cdNSULA.jpeg 1600w\" sizes=\"(max-width: 300px) 100vw, 300px\" \/><\/a><\/p>\n<p><strong>\u00bfC\u00d3MO VEST\u00cdAN?<\/strong><\/p>\n<p><a href=\"https:\/\/blogsaverroes.juntadeandalucia.es\/eielreal\/files\/2023\/03\/VESTIMENTA.jpeg\"><img loading=\"lazy\" decoding=\"async\" class=\"alignnone size-medium wp-image-36906\" src=\"https:\/\/blogsaverroes.juntadeandalucia.es\/eielreal\/files\/2023\/03\/VESTIMENTA-300x225.jpeg\" alt=\"\" width=\"300\" height=\"225\" srcset=\"https:\/\/blogsaverroes.juntadeandalucia.es\/eielreal\/files\/2023\/03\/VESTIMENTA-300x225.jpeg 300w, https:\/\/blogsaverroes.juntadeandalucia.es\/eielreal\/files\/2023\/03\/VESTIMENTA-1024x769.jpeg 1024w, https:\/\/blogsaverroes.juntadeandalucia.es\/eielreal\/files\/2023\/03\/VESTIMENTA-768x576.jpeg 768w, https:\/\/blogsaverroes.juntadeandalucia.es\/eielreal\/files\/2023\/03\/VESTIMENTA-1536x1153.jpeg 1536w, https:\/\/blogsaverroes.juntadeandalucia.es\/eielreal\/files\/2023\/03\/VESTIMENTA-700x525.jpeg 700w, https:\/\/blogsaverroes.juntadeandalucia.es\/eielreal\/files\/2023\/03\/VESTIMENTA.jpeg 1600w\" sizes=\"(max-width: 300px) 100vw, 300px\" \/><\/a><\/p>\n<p><strong>EL LAT\u00cdN<\/strong><\/p>\n<p><a href=\"https:\/\/blogsaverroes.juntadeandalucia.es\/eielreal\/files\/2023\/03\/roma-19.jpeg\"><img loading=\"lazy\" decoding=\"async\" class=\"alignnone size-medium wp-image-36967\" src=\"https:\/\/blogsaverroes.juntadeandalucia.es\/eielreal\/files\/2023\/03\/roma-19-300x225.jpeg\" alt=\"\" width=\"300\" height=\"225\" srcset=\"https:\/\/blogsaverroes.juntadeandalucia.es\/eielreal\/files\/2023\/03\/roma-19-300x225.jpeg 300w, https:\/\/blogsaverroes.juntadeandalucia.es\/eielreal\/files\/2023\/03\/roma-19-1024x769.jpeg 1024w, https:\/\/blogsaverroes.juntadeandalucia.es\/eielreal\/files\/2023\/03\/roma-19-768x576.jpeg 768w, https:\/\/blogsaverroes.juntadeandalucia.es\/eielreal\/files\/2023\/03\/roma-19-1536x1153.jpeg 1536w, https:\/\/blogsaverroes.juntadeandalucia.es\/eielreal\/files\/2023\/03\/roma-19-700x525.jpeg 700w, https:\/\/blogsaverroes.juntadeandalucia.es\/eielreal\/files\/2023\/03\/roma-19.jpeg 1600w\" sizes=\"(max-width: 300px) 100vw, 300px\" \/><\/a><\/p>\n<p><strong>LOS N\u00daMEROS ROMANOS<\/strong><\/p>\n<p><a href=\"https:\/\/blogsaverroes.juntadeandalucia.es\/eielreal\/files\/2023\/03\/roma-11.jpeg\"><img loading=\"lazy\" decoding=\"async\" class=\"alignnone size-medium wp-image-36833\" src=\"https:\/\/blogsaverroes.juntadeandalucia.es\/eielreal\/files\/2023\/03\/roma-11-300x225.jpeg\" alt=\"\" width=\"300\" height=\"225\" srcset=\"https:\/\/blogsaverroes.juntadeandalucia.es\/eielreal\/files\/2023\/03\/roma-11-300x225.jpeg 300w, https:\/\/blogsaverroes.juntadeandalucia.es\/eielreal\/files\/2023\/03\/roma-11-1024x769.jpeg 1024w, https:\/\/blogsaverroes.juntadeandalucia.es\/eielreal\/files\/2023\/03\/roma-11-768x576.jpeg 768w, https:\/\/blogsaverroes.juntadeandalucia.es\/eielreal\/files\/2023\/03\/roma-11-1536x1153.jpeg 1536w, https:\/\/blogsaverroes.juntadeandalucia.es\/eielreal\/files\/2023\/03\/roma-11-700x525.jpeg 700w, https:\/\/blogsaverroes.juntadeandalucia.es\/eielreal\/files\/2023\/03\/roma-11.jpeg 1600w\" sizes=\"(max-width: 300px) 100vw, 300px\" \/><\/a><\/p>\n<p><strong>DIOSES Y DIOSAS<\/strong><\/p>\n<p><a href=\"https:\/\/blogsaverroes.juntadeandalucia.es\/eielreal\/files\/2023\/03\/roma10.jpeg\"><img loading=\"lazy\" decoding=\"async\" class=\"alignnone size-medium wp-image-36840\" src=\"https:\/\/blogsaverroes.juntadeandalucia.es\/eielreal\/files\/2023\/03\/roma10-300x225.jpeg\" alt=\"\" width=\"300\" height=\"225\" srcset=\"https:\/\/blogsaverroes.juntadeandalucia.es\/eielreal\/files\/2023\/03\/roma10-300x225.jpeg 300w, https:\/\/blogsaverroes.juntadeandalucia.es\/eielreal\/files\/2023\/03\/roma10-1024x769.jpeg 1024w, https:\/\/blogsaverroes.juntadeandalucia.es\/eielreal\/files\/2023\/03\/roma10-768x576.jpeg 768w, https:\/\/blogsaverroes.juntadeandalucia.es\/eielreal\/files\/2023\/03\/roma10-1536x1153.jpeg 1536w, https:\/\/blogsaverroes.juntadeandalucia.es\/eielreal\/files\/2023\/03\/roma10-700x525.jpeg 700w, https:\/\/blogsaverroes.juntadeandalucia.es\/eielreal\/files\/2023\/03\/roma10.jpeg 1600w\" sizes=\"(max-width: 300px) 100vw, 300px\" \/><\/a><\/p>\n<p><strong>LOS S\u00cdMBOLOS ROMANOS<\/strong><\/p>\n<p><a href=\"https:\/\/blogsaverroes.juntadeandalucia.es\/eielreal\/files\/2023\/03\/roma-12.jpeg\"><img loading=\"lazy\" decoding=\"async\" class=\"alignnone size-medium wp-image-36832\" src=\"https:\/\/blogsaverroes.juntadeandalucia.es\/eielreal\/files\/2023\/03\/roma-12-300x225.jpeg\" alt=\"\" width=\"300\" height=\"225\" srcset=\"https:\/\/blogsaverroes.juntadeandalucia.es\/eielreal\/files\/2023\/03\/roma-12-300x225.jpeg 300w, https:\/\/blogsaverroes.juntadeandalucia.es\/eielreal\/files\/2023\/03\/roma-12-1024x769.jpeg 1024w, https:\/\/blogsaverroes.juntadeandalucia.es\/eielreal\/files\/2023\/03\/roma-12-768x576.jpeg 768w, https:\/\/blogsaverroes.juntadeandalucia.es\/eielreal\/files\/2023\/03\/roma-12-1536x1153.jpeg 1536w, https:\/\/blogsaverroes.juntadeandalucia.es\/eielreal\/files\/2023\/03\/roma-12-700x525.jpeg 700w, https:\/\/blogsaverroes.juntadeandalucia.es\/eielreal\/files\/2023\/03\/roma-12.jpeg 1600w\" sizes=\"(max-width: 300px) 100vw, 300px\" \/><\/a><\/p>\n<p><strong>LAS EXCAVACIONES ROMANAS<\/strong><\/p>\n<p><a href=\"https:\/\/blogsaverroes.juntadeandalucia.es\/eielreal\/files\/2023\/03\/roma-13.jpeg\"><img loading=\"lazy\" decoding=\"async\" class=\"alignnone size-medium wp-image-36831\" src=\"https:\/\/blogsaverroes.juntadeandalucia.es\/eielreal\/files\/2023\/03\/roma-13-300x225.jpeg\" alt=\"\" width=\"300\" height=\"225\" srcset=\"https:\/\/blogsaverroes.juntadeandalucia.es\/eielreal\/files\/2023\/03\/roma-13-300x225.jpeg 300w, https:\/\/blogsaverroes.juntadeandalucia.es\/eielreal\/files\/2023\/03\/roma-13-1024x769.jpeg 1024w, https:\/\/blogsaverroes.juntadeandalucia.es\/eielreal\/files\/2023\/03\/roma-13-768x576.jpeg 768w, https:\/\/blogsaverroes.juntadeandalucia.es\/eielreal\/files\/2023\/03\/roma-13-1536x1153.jpeg 1536w, https:\/\/blogsaverroes.juntadeandalucia.es\/eielreal\/files\/2023\/03\/roma-13-700x525.jpeg 700w, https:\/\/blogsaverroes.juntadeandalucia.es\/eielreal\/files\/2023\/03\/roma-13.jpeg 1600w\" sizes=\"(max-width: 300px) 100vw, 300px\" \/><\/a><\/p>\n<p><strong>LA TRIADA MEDITERR\u00c1NEA<\/strong><\/p>\n<p><a href=\"https:\/\/blogsaverroes.juntadeandalucia.es\/eielreal\/files\/2023\/03\/roma-5.jpeg\"><img loading=\"lazy\" decoding=\"async\" class=\"alignnone size-medium wp-image-36836\" src=\"https:\/\/blogsaverroes.juntadeandalucia.es\/eielreal\/files\/2023\/03\/roma-5-300x225.jpeg\" alt=\"\" width=\"300\" height=\"225\" srcset=\"https:\/\/blogsaverroes.juntadeandalucia.es\/eielreal\/files\/2023\/03\/roma-5-300x225.jpeg 300w, https:\/\/blogsaverroes.juntadeandalucia.es\/eielreal\/files\/2023\/03\/roma-5-1024x769.jpeg 1024w, https:\/\/blogsaverroes.juntadeandalucia.es\/eielreal\/files\/2023\/03\/roma-5-768x576.jpeg 768w, https:\/\/blogsaverroes.juntadeandalucia.es\/eielreal\/files\/2023\/03\/roma-5-1536x1153.jpeg 1536w, https:\/\/blogsaverroes.juntadeandalucia.es\/eielreal\/files\/2023\/03\/roma-5-700x525.jpeg 700w, https:\/\/blogsaverroes.juntadeandalucia.es\/eielreal\/files\/2023\/03\/roma-5.jpeg 1600w\" sizes=\"(max-width: 300px) 100vw, 300px\" \/><\/a><\/p>\n<p><strong>LOS ALIMENTOS QUE CONSUM\u00cdAN LOS ROMANOS<\/strong><\/p>\n<p><a href=\"https:\/\/blogsaverroes.juntadeandalucia.es\/eielreal\/files\/2023\/03\/roma6.jpeg\"><img loading=\"lazy\" decoding=\"async\" class=\"size-medium wp-image-36842 alignnone\" src=\"https:\/\/blogsaverroes.juntadeandalucia.es\/eielreal\/files\/2023\/03\/roma6-300x225.jpeg\" alt=\"\" width=\"300\" height=\"225\" srcset=\"https:\/\/blogsaverroes.juntadeandalucia.es\/eielreal\/files\/2023\/03\/roma6-300x225.jpeg 300w, https:\/\/blogsaverroes.juntadeandalucia.es\/eielreal\/files\/2023\/03\/roma6-1024x769.jpeg 1024w, https:\/\/blogsaverroes.juntadeandalucia.es\/eielreal\/files\/2023\/03\/roma6-768x576.jpeg 768w, https:\/\/blogsaverroes.juntadeandalucia.es\/eielreal\/files\/2023\/03\/roma6-1536x1153.jpeg 1536w, https:\/\/blogsaverroes.juntadeandalucia.es\/eielreal\/files\/2023\/03\/roma6-700x525.jpeg 700w, https:\/\/blogsaverroes.juntadeandalucia.es\/eielreal\/files\/2023\/03\/roma6.jpeg 1600w\" sizes=\"(max-width: 300px) 100vw, 300px\" \/><\/a><\/p>\n<p><strong>LAS TERMAS.<\/strong><\/p>\n<p><a href=\"https:\/\/blogsaverroes.juntadeandalucia.es\/eielreal\/files\/2023\/03\/roma9.jpeg\"><img loading=\"lazy\" decoding=\"async\" class=\"alignnone size-medium wp-image-36841\" src=\"https:\/\/blogsaverroes.juntadeandalucia.es\/eielreal\/files\/2023\/03\/roma9-300x225.jpeg\" alt=\"\" width=\"300\" height=\"225\" srcset=\"https:\/\/blogsaverroes.juntadeandalucia.es\/eielreal\/files\/2023\/03\/roma9-300x225.jpeg 300w, https:\/\/blogsaverroes.juntadeandalucia.es\/eielreal\/files\/2023\/03\/roma9-1024x769.jpeg 1024w, https:\/\/blogsaverroes.juntadeandalucia.es\/eielreal\/files\/2023\/03\/roma9-768x576.jpeg 768w, https:\/\/blogsaverroes.juntadeandalucia.es\/eielreal\/files\/2023\/03\/roma9-1536x1153.jpeg 1536w, https:\/\/blogsaverroes.juntadeandalucia.es\/eielreal\/files\/2023\/03\/roma9-700x525.jpeg 700w, https:\/\/blogsaverroes.juntadeandalucia.es\/eielreal\/files\/2023\/03\/roma9.jpeg 1600w\" sizes=\"(max-width: 300px) 100vw, 300px\" \/><\/a><\/p>\n<p><strong>EL ANFITEATRO.<\/strong><\/p>\n<p><a href=\"https:\/\/blogsaverroes.juntadeandalucia.es\/eielreal\/files\/2023\/03\/roma-16.jpeg\"><img loading=\"lazy\" decoding=\"async\" class=\"size-medium wp-image-36828 alignnone\" src=\"https:\/\/blogsaverroes.juntadeandalucia.es\/eielreal\/files\/2023\/03\/roma-16-300x169.jpeg\" alt=\"\" width=\"300\" height=\"169\" srcset=\"https:\/\/blogsaverroes.juntadeandalucia.es\/eielreal\/files\/2023\/03\/roma-16-300x169.jpeg 300w, https:\/\/blogsaverroes.juntadeandalucia.es\/eielreal\/files\/2023\/03\/roma-16-1024x576.jpeg 1024w, https:\/\/blogsaverroes.juntadeandalucia.es\/eielreal\/files\/2023\/03\/roma-16-768x432.jpeg 768w, https:\/\/blogsaverroes.juntadeandalucia.es\/eielreal\/files\/2023\/03\/roma-16-1536x864.jpeg 1536w, https:\/\/blogsaverroes.juntadeandalucia.es\/eielreal\/files\/2023\/03\/roma-16-700x393.jpeg 700w, https:\/\/blogsaverroes.juntadeandalucia.es\/eielreal\/files\/2023\/03\/roma-16.jpeg 1599w\" sizes=\"(max-width: 300px) 100vw, 300px\" \/><\/a> <a href=\"https:\/\/blogsaverroes.juntadeandalucia.es\/eielreal\/files\/2023\/03\/roma-15.jpeg\"><img loading=\"lazy\" decoding=\"async\" class=\"size-medium wp-image-36829 alignnone\" src=\"https:\/\/blogsaverroes.juntadeandalucia.es\/eielreal\/files\/2023\/03\/roma-15-300x225.jpeg\" alt=\"\" width=\"300\" height=\"225\" srcset=\"https:\/\/blogsaverroes.juntadeandalucia.es\/eielreal\/files\/2023\/03\/roma-15-300x225.jpeg 300w, https:\/\/blogsaverroes.juntadeandalucia.es\/eielreal\/files\/2023\/03\/roma-15-1024x769.jpeg 1024w, https:\/\/blogsaverroes.juntadeandalucia.es\/eielreal\/files\/2023\/03\/roma-15-768x576.jpeg 768w, https:\/\/blogsaverroes.juntadeandalucia.es\/eielreal\/files\/2023\/03\/roma-15-1536x1153.jpeg 1536w, https:\/\/blogsaverroes.juntadeandalucia.es\/eielreal\/files\/2023\/03\/roma-15-700x525.jpeg 700w, https:\/\/blogsaverroes.juntadeandalucia.es\/eielreal\/files\/2023\/03\/roma-15.jpeg 1600w\" sizes=\"(max-width: 300px) 100vw, 300px\" \/><\/a><\/p>\n<p><strong>EL TEATRO.<\/strong><\/p>\n<p><a href=\"https:\/\/blogsaverroes.juntadeandalucia.es\/eielreal\/files\/2023\/03\/TEATRO.jpeg\"><img loading=\"lazy\" decoding=\"async\" class=\"alignnone size-medium wp-image-36904\" src=\"https:\/\/blogsaverroes.juntadeandalucia.es\/eielreal\/files\/2023\/03\/TEATRO-300x225.jpeg\" alt=\"\" width=\"300\" height=\"225\" srcset=\"https:\/\/blogsaverroes.juntadeandalucia.es\/eielreal\/files\/2023\/03\/TEATRO-300x225.jpeg 300w, https:\/\/blogsaverroes.juntadeandalucia.es\/eielreal\/files\/2023\/03\/TEATRO-1024x769.jpeg 1024w, https:\/\/blogsaverroes.juntadeandalucia.es\/eielreal\/files\/2023\/03\/TEATRO-768x576.jpeg 768w, https:\/\/blogsaverroes.juntadeandalucia.es\/eielreal\/files\/2023\/03\/TEATRO-1536x1153.jpeg 1536w, https:\/\/blogsaverroes.juntadeandalucia.es\/eielreal\/files\/2023\/03\/TEATRO-700x525.jpeg 700w, https:\/\/blogsaverroes.juntadeandalucia.es\/eielreal\/files\/2023\/03\/TEATRO.jpeg 1600w\" sizes=\"(max-width: 300px) 100vw, 300px\" \/><\/a><\/p>\n<p><strong>LOS MOSAICOS<\/strong><\/p>\n<p><a href=\"https:\/\/blogsaverroes.juntadeandalucia.es\/eielreal\/files\/2023\/03\/roma18.jpeg\"><img loading=\"lazy\" decoding=\"async\" class=\"alignnone size-medium wp-image-36966\" src=\"https:\/\/blogsaverroes.juntadeandalucia.es\/eielreal\/files\/2023\/03\/roma18-300x225.jpeg\" alt=\"\" width=\"300\" height=\"225\" srcset=\"https:\/\/blogsaverroes.juntadeandalucia.es\/eielreal\/files\/2023\/03\/roma18-300x225.jpeg 300w, https:\/\/blogsaverroes.juntadeandalucia.es\/eielreal\/files\/2023\/03\/roma18-1024x769.jpeg 1024w, https:\/\/blogsaverroes.juntadeandalucia.es\/eielreal\/files\/2023\/03\/roma18-768x576.jpeg 768w, https:\/\/blogsaverroes.juntadeandalucia.es\/eielreal\/files\/2023\/03\/roma18-1536x1153.jpeg 1536w, https:\/\/blogsaverroes.juntadeandalucia.es\/eielreal\/files\/2023\/03\/roma18-700x525.jpeg 700w, https:\/\/blogsaverroes.juntadeandalucia.es\/eielreal\/files\/2023\/03\/roma18.jpeg 1600w\" sizes=\"(max-width: 300px) 100vw, 300px\" \/><\/a><\/p>\n<p>Por supuesto, nuestros carnavales tambi\u00e9n fueron con la tem\u00e1tica que estamos trabajando durante el trimestre. Nos convertimos en romanos y romanas que inundaron las calles de Carmona con sus cancioncillas y alegr\u00eda.<\/p>\n<p><a href=\"https:\/\/blogsaverroes.juntadeandalucia.es\/eielreal\/files\/2023\/03\/carnaval.jpeg\"><img loading=\"lazy\" decoding=\"async\" class=\"alignnone size-medium wp-image-36844\" src=\"https:\/\/blogsaverroes.juntadeandalucia.es\/eielreal\/files\/2023\/03\/carnaval-300x225.jpeg\" alt=\"\" width=\"300\" height=\"225\" srcset=\"https:\/\/blogsaverroes.juntadeandalucia.es\/eielreal\/files\/2023\/03\/carnaval-300x225.jpeg 300w, https:\/\/blogsaverroes.juntadeandalucia.es\/eielreal\/files\/2023\/03\/carnaval-1024x769.jpeg 1024w, https:\/\/blogsaverroes.juntadeandalucia.es\/eielreal\/files\/2023\/03\/carnaval-768x576.jpeg 768w, https:\/\/blogsaverroes.juntadeandalucia.es\/eielreal\/files\/2023\/03\/carnaval-1536x1153.jpeg 1536w, https:\/\/blogsaverroes.juntadeandalucia.es\/eielreal\/files\/2023\/03\/carnaval-700x525.jpeg 700w, https:\/\/blogsaverroes.juntadeandalucia.es\/eielreal\/files\/2023\/03\/carnaval.jpeg 1600w\" sizes=\"(max-width: 300px) 100vw, 300px\" \/><\/a><\/p>\n<p>Y como no, nuestras especialidades y todos nuestros momentos de la jornada escolar se impregnan del esp\u00edritu romano.<\/p>\n<p><a href=\"https:\/\/blogsaverroes.juntadeandalucia.es\/eielreal\/files\/2023\/03\/globalizaci\u00f3n.jpeg\"><img loading=\"lazy\" decoding=\"async\" class=\"alignnone size-medium wp-image-36843\" src=\"https:\/\/blogsaverroes.juntadeandalucia.es\/eielreal\/files\/2023\/03\/globalizaci\u00f3n-300x225.jpeg\" alt=\"\" width=\"300\" height=\"225\" srcset=\"https:\/\/blogsaverroes.juntadeandalucia.es\/eielreal\/files\/2023\/03\/globalizaci\u00f3n-300x225.jpeg 300w, https:\/\/blogsaverroes.juntadeandalucia.es\/eielreal\/files\/2023\/03\/globalizaci\u00f3n-1024x769.jpeg 1024w, https:\/\/blogsaverroes.juntadeandalucia.es\/eielreal\/files\/2023\/03\/globalizaci\u00f3n-768x576.jpeg 768w, https:\/\/blogsaverroes.juntadeandalucia.es\/eielreal\/files\/2023\/03\/globalizaci\u00f3n-1536x1153.jpeg 1536w, https:\/\/blogsaverroes.juntadeandalucia.es\/eielreal\/files\/2023\/03\/globalizaci\u00f3n-700x525.jpeg 700w, https:\/\/blogsaverroes.juntadeandalucia.es\/eielreal\/files\/2023\/03\/globalizaci\u00f3n.jpeg 1600w\" sizes=\"(max-width: 300px) 100vw, 300px\" \/><\/a> <a href=\"https:\/\/blogsaverroes.juntadeandalucia.es\/eielreal\/files\/2023\/03\/relajaci\u00f3n-1.jpeg\"><img loading=\"lazy\" decoding=\"async\" class=\"alignnone size-medium wp-image-36846\" src=\"https:\/\/blogsaverroes.juntadeandalucia.es\/eielreal\/files\/2023\/03\/relajaci\u00f3n-1-300x225.jpeg\" alt=\"\" width=\"300\" height=\"225\" srcset=\"https:\/\/blogsaverroes.juntadeandalucia.es\/eielreal\/files\/2023\/03\/relajaci\u00f3n-1-300x225.jpeg 300w, https:\/\/blogsaverroes.juntadeandalucia.es\/eielreal\/files\/2023\/03\/relajaci\u00f3n-1-1024x769.jpeg 1024w, https:\/\/blogsaverroes.juntadeandalucia.es\/eielreal\/files\/2023\/03\/relajaci\u00f3n-1-768x576.jpeg 768w, https:\/\/blogsaverroes.juntadeandalucia.es\/eielreal\/files\/2023\/03\/relajaci\u00f3n-1-1536x1153.jpeg 1536w, https:\/\/blogsaverroes.juntadeandalucia.es\/eielreal\/files\/2023\/03\/relajaci\u00f3n-1-700x525.jpeg 700w, https:\/\/blogsaverroes.juntadeandalucia.es\/eielreal\/files\/2023\/03\/relajaci\u00f3n-1.jpeg 1600w\" sizes=\"(max-width: 300px) 100vw, 300px\" \/><\/a> <a href=\"https:\/\/blogsaverroes.juntadeandalucia.es\/eielreal\/files\/2023\/03\/relajaci\u00f3n.jpeg\"><img loading=\"lazy\" decoding=\"async\" class=\"alignnone size-medium wp-image-36847\" src=\"https:\/\/blogsaverroes.juntadeandalucia.es\/eielreal\/files\/2023\/03\/relajaci\u00f3n-300x225.jpeg\" alt=\"\" width=\"300\" height=\"225\" srcset=\"https:\/\/blogsaverroes.juntadeandalucia.es\/eielreal\/files\/2023\/03\/relajaci\u00f3n-300x225.jpeg 300w, https:\/\/blogsaverroes.juntadeandalucia.es\/eielreal\/files\/2023\/03\/relajaci\u00f3n-1024x769.jpeg 1024w, https:\/\/blogsaverroes.juntadeandalucia.es\/eielreal\/files\/2023\/03\/relajaci\u00f3n-768x576.jpeg 768w, https:\/\/blogsaverroes.juntadeandalucia.es\/eielreal\/files\/2023\/03\/relajaci\u00f3n-1536x1153.jpeg 1536w, https:\/\/blogsaverroes.juntadeandalucia.es\/eielreal\/files\/2023\/03\/relajaci\u00f3n-700x525.jpeg 700w, https:\/\/blogsaverroes.juntadeandalucia.es\/eielreal\/files\/2023\/03\/relajaci\u00f3n.jpeg 1600w\" sizes=\"(max-width: 300px) 100vw, 300px\" \/><\/a><\/p>\n<p><span style=\"color: #000000\">El cierre de cada proyecto es un momento muy bonito y gratificante, ya que los ni\u00f1os y ni\u00f1as pueden realizar productos finales donde pongan a prueba todo lo aprendido. En este caso concreto realizamos una excursi\u00f3n a <strong>IT\u00c1LICA<\/strong>, una ciudad romana que se encuentra en SANTIPONCE.\u00a0 All\u00ed realizamos distintas actividades para consolidar los saberes b\u00e1sicos adquiridos y adquirir otros nuevos, gracias a la colaboraci\u00f3n desinteresada de un pap\u00e1 de la clase de las abejitas que nos hizo pasar un d\u00eda inolvidable.<\/span><\/p>\n<p>https:\/\/www.youtube.com\/watch?v=VijVjxvF89c<\/p>\n<p>Espero que con esta entrada hay\u00e1is disfrutado tanto como nosotros <strong>DESCUBRIENDO ROMA.<\/strong><\/p>\n<p>Gracias por vuestra colaboraci\u00f3n.<\/p>\n<p>Manoli.<\/p>\n<p>&nbsp;<\/p>\n<p>&nbsp;<\/p>\n<p>&nbsp;<\/p>\n<p>&nbsp;<\/p>\n<p>&nbsp;<\/p>\n<p>&nbsp;<\/p>\n<p>&nbsp;<\/p>\n<p>&nbsp;<\/p>\n<p>&nbsp;<\/p>\n<p>&nbsp;<\/p>\n","protected":false},"excerpt":{"rendered":"<p>El segundo trimestre comenz\u00f3 lleno de sorpresas y emociones. Todos los d\u00edas ten\u00edamos alg\u00fan objeto, cuento, regalo, juego&#8230; que nos invitaba a investigar y descubrir un nuevo tema de inter\u00e9s para los ni\u00f1os y&#46;&#46;&#46;<\/p>\n","protected":false},"author":3183,"featured_media":36570,"comment_status":"open","ping_status":"open","sticky":false,"template":"","format":"standard","meta":{"ngg_post_thumbnail":0,"footnotes":""},"categories":[1740615],"tags":[],"aioseo_notices":[],"_links":{"self":[{"href":"https:\/\/blogsaverroes.juntadeandalucia.es\/eielreal\/wp-json\/wp\/v2\/posts\/36568"}],"collection":[{"href":"https:\/\/blogsaverroes.juntadeandalucia.es\/eielreal\/wp-json\/wp\/v2\/posts"}],"about":[{"href":"https:\/\/blogsaverroes.juntadeandalucia.es\/eielreal\/wp-json\/wp\/v2\/types\/post"}],"author":[{"embeddable":true,"href":"https:\/\/blogsaverroes.juntadeandalucia.es\/eielreal\/wp-json\/wp\/v2\/users\/3183"}],"replies":[{"embeddable":true,"href":"https:\/\/blogsaverroes.juntadeandalucia.es\/eielreal\/wp-json\/wp\/v2\/comments?post=36568"}],"version-history":[{"count":11,"href":"https:\/\/blogsaverroes.juntadeandalucia.es\/eielreal\/wp-json\/wp\/v2\/posts\/36568\/revisions"}],"predecessor-version":[{"id":36974,"href":"https:\/\/blogsaverroes.juntadeandalucia.es\/eielreal\/wp-json\/wp\/v2\/posts\/36568\/revisions\/36974"}],"wp:featuredmedia":[{"embeddable":true,"href":"https:\/\/blogsaverroes.juntadeandalucia.es\/eielreal\/wp-json\/wp\/v2\/media\/36570"}],"wp:attachment":[{"href":"https:\/\/blogsaverroes.juntadeandalucia.es\/eielreal\/wp-json\/wp\/v2\/media?parent=36568"}],"wp:term":[{"taxonomy":"category","embeddable":true,"href":"https:\/\/blogsaverroes.juntadeandalucia.es\/eielreal\/wp-json\/wp\/v2\/categories?post=36568"},{"taxonomy":"post_tag","embeddable":true,"href":"https:\/\/blogsaverroes.juntadeandalucia.es\/eielreal\/wp-json\/wp\/v2\/tags?post=36568"}],"curies":[{"name":"wp","href":"https:\/\/api.w.org\/{rel}","templated":true}]}}