{"id":36692,"date":"2023-02-22T16:50:48","date_gmt":"2023-02-22T16:50:48","guid":{"rendered":"https:\/\/blogsaverroes.juntadeandalucia.es\/eielreal\/?p=36692"},"modified":"2023-02-22T16:52:20","modified_gmt":"2023-02-22T16:52:20","slug":"carnaval-2022-2023","status":"publish","type":"post","link":"https:\/\/blogsaverroes.juntadeandalucia.es\/eielreal\/carnaval-2022-2023\/","title":{"rendered":"CARNAVAL 2022-2023"},"content":{"rendered":"<p style=\"text-align: left\">Llega febrero y con \u00e9l, el Carnaval. Como todos los a\u00f1os los primeros d\u00edas se plantean los carteles para el concurso local de carteles infantil que celebra la Asociaci\u00f3n Carnavalera de Carmona.<\/p>\n<p>En esta ocasi\u00f3n el cartel seleccionado para dicho concurso ha sido el de Daniela de la clase de 5 a\u00f1os B.<\/p>\n<p><a href=\"https:\/\/blogsaverroes.juntadeandalucia.es\/eielreal\/files\/2023\/02\/IMG-20230221-WA0034.jpg\"><img loading=\"lazy\" decoding=\"async\" class=\"alignnone size-medium wp-image-36680\" src=\"https:\/\/blogsaverroes.juntadeandalucia.es\/eielreal\/files\/2023\/02\/IMG-20230221-WA0034-300x225.jpg\" alt=\"\" width=\"300\" height=\"225\" srcset=\"https:\/\/blogsaverroes.juntadeandalucia.es\/eielreal\/files\/2023\/02\/IMG-20230221-WA0034-300x225.jpg 300w, https:\/\/blogsaverroes.juntadeandalucia.es\/eielreal\/files\/2023\/02\/IMG-20230221-WA0034-1024x768.jpg 1024w, https:\/\/blogsaverroes.juntadeandalucia.es\/eielreal\/files\/2023\/02\/IMG-20230221-WA0034-768x576.jpg 768w, https:\/\/blogsaverroes.juntadeandalucia.es\/eielreal\/files\/2023\/02\/IMG-20230221-WA0034-1536x1152.jpg 1536w, https:\/\/blogsaverroes.juntadeandalucia.es\/eielreal\/files\/2023\/02\/IMG-20230221-WA0034-700x525.jpg 700w, https:\/\/blogsaverroes.juntadeandalucia.es\/eielreal\/files\/2023\/02\/IMG-20230221-WA0034.jpg 1600w\" sizes=\"(max-width: 300px) 100vw, 300px\" \/><\/a><\/p>\n<p>Y aunque este a\u00f1o no hemos tenido la misma suerte que el anterior&#8230;lo importante es participar&#8230;<\/p>\n<p>Llegado el 16 de febrero tuvo lugar el desfile de Carnaval de nuestro cole.<\/p>\n<p><a href=\"https:\/\/blogsaverroes.juntadeandalucia.es\/eielreal\/files\/2023\/02\/WhatsApp-Image-2023-02-16-at-13.02.23-1.jpeg\"><img loading=\"lazy\" decoding=\"async\" class=\"alignnone size-medium wp-image-36681\" src=\"https:\/\/blogsaverroes.juntadeandalucia.es\/eielreal\/files\/2023\/02\/WhatsApp-Image-2023-02-16-at-13.02.23-1-225x300.jpeg\" alt=\"\" width=\"225\" height=\"300\" srcset=\"https:\/\/blogsaverroes.juntadeandalucia.es\/eielreal\/files\/2023\/02\/WhatsApp-Image-2023-02-16-at-13.02.23-1-225x300.jpeg 225w, https:\/\/blogsaverroes.juntadeandalucia.es\/eielreal\/files\/2023\/02\/WhatsApp-Image-2023-02-16-at-13.02.23-1-768x1024.jpeg 768w, https:\/\/blogsaverroes.juntadeandalucia.es\/eielreal\/files\/2023\/02\/WhatsApp-Image-2023-02-16-at-13.02.23-1-1152x1536.jpeg 1152w, https:\/\/blogsaverroes.juntadeandalucia.es\/eielreal\/files\/2023\/02\/WhatsApp-Image-2023-02-16-at-13.02.23-1-700x933.jpeg 700w, https:\/\/blogsaverroes.juntadeandalucia.es\/eielreal\/files\/2023\/02\/WhatsApp-Image-2023-02-16-at-13.02.23-1.jpeg 1200w\" sizes=\"(max-width: 225px) 100vw, 225px\" \/><\/a><\/p>\n<p>&nbsp;<\/p>\n<p>Un a\u00f1o mas hemos podido disfrutar de un bonito d\u00eda rodeados de ni\u00f1os y ni\u00f1as ilusionados y alegres y arropados y alentados por sus familiares y amigos que los esperaban impacientes por las calles cercanas al centro.<\/p>\n<p><a href=\"https:\/\/blogsaverroes.juntadeandalucia.es\/eielreal\/files\/2023\/02\/IMG-20230220-WA0022.jpg\"><img loading=\"lazy\" decoding=\"async\" class=\"alignnone\" src=\"https:\/\/blogsaverroes.juntadeandalucia.es\/eielreal\/files\/2023\/02\/IMG-20230220-WA0022-300x225.jpg\" alt=\"\" width=\"300\" height=\"225\" \/><\/a><\/p>\n<p>En esta ocasi\u00f3n nos hemos disfrazado de distintas \u00e9pocas de la Historia de la Humanidad relacion\u00e1ndolo con el proyecto de investigaci\u00f3n que est\u00e1n trabajando en sus clases.<\/p>\n<p>Los grupos de\u00a0 3 a\u00f1os: La Prehistoria<\/p>\n<p><a href=\"https:\/\/drive.google.com\/drive\/folders\/1pVwaGeROgOpm9Kyn9F0JkT1wcrcX-MRf\">https:\/\/drive.google.com\/drive\/folders\/1pVwaGeROgOpm9Kyn9F0JkT1wcrcX-MRf<\/a><\/p>\n<p><a href=\"https:\/\/drive.google.com\/drive\/folders\/1pYJRI3izlS2LLv3-YXYW0cCdRP1DxOsm\">https:\/\/drive.google.com\/drive\/folders\/1pYJRI3izlS2LLv3-YXYW0cCdRP1DxOsm<\/a><\/p>\n<p>Los grupos de 4 a\u00f1os: La Antigua Grecia<\/p>\n<p><a href=\"https:\/\/drive.google.com\/drive\/folders\/1plg1jLACFQXrQwY69bLVCIOZ2UxfCyun\">https:\/\/drive.google.com\/drive\/folders\/1plg1jLACFQXrQwY69bLVCIOZ2UxfCyun<\/a><\/p>\n<p><a href=\"https:\/\/drive.google.com\/drive\/folders\/1prOnhc909U4k8xhUq62reHdrifcZQlDK\">https:\/\/drive.google.com\/drive\/folders\/1prOnhc909U4k8xhUq62reHdrifcZQlDK<\/a><\/p>\n<p>Los grupos de 5 a\u00f1os: El imperio Romano<\/p>\n<p><a href=\"https:\/\/drive.google.com\/drive\/folders\/1pzrmt7Z_xY_T9p-EcJySAo3c5H946adv\">https:\/\/drive.google.com\/drive\/folders\/1pzrmt7Z_xY_T9p-EcJySAo3c5H946adv<\/a><\/p>\n<p><a href=\"https:\/\/drive.google.com\/drive\/folders\/1q-QGQEila3-UxF7vK7shgZWYKA7jpslH\">https:\/\/drive.google.com\/drive\/folders\/1q-QGQEila3-UxF7vK7shgZWYKA7jpslH<\/a><\/p>\n<p>As\u00ed que, con la colaboraci\u00f3n y ayuda de las familias y todo el equipo docente que tambi\u00e9n iban disfrazados se dispuso el pasacalles.<\/p>\n<p>No obstante, para entrar en ambiente y calentar nuestras gargantas tuvimos la gran suerte de poder tener con nosotros a 3 padres de alumnos carnavaleros desde la cuna- Dar\u00edo, Roc\u00edo y Marcial &#8211; que nos cantaron y tocaron unas letrillas con mucho arte y alegr\u00eda.<\/p>\n<p>Todo el cole agradece vuestra disposici\u00f3n y el gesto tan bonito hacia nosotros.<\/p>\n<p style=\"padding-left: 40px\"><a href=\"https:\/\/blogsaverroes.juntadeandalucia.es\/eielreal\/files\/2023\/02\/IMG-20230216-WA0107.jpg\"><img loading=\"lazy\" decoding=\"async\" class=\"alignnone size-medium wp-image-36683\" src=\"https:\/\/blogsaverroes.juntadeandalucia.es\/eielreal\/files\/2023\/02\/IMG-20230216-WA0107-225x300.jpg\" alt=\"\" width=\"225\" height=\"300\" srcset=\"https:\/\/blogsaverroes.juntadeandalucia.es\/eielreal\/files\/2023\/02\/IMG-20230216-WA0107-225x300.jpg 225w, https:\/\/blogsaverroes.juntadeandalucia.es\/eielreal\/files\/2023\/02\/IMG-20230216-WA0107-768x1024.jpg 768w, https:\/\/blogsaverroes.juntadeandalucia.es\/eielreal\/files\/2023\/02\/IMG-20230216-WA0107-1152x1536.jpg 1152w, https:\/\/blogsaverroes.juntadeandalucia.es\/eielreal\/files\/2023\/02\/IMG-20230216-WA0107-700x933.jpg 700w, https:\/\/blogsaverroes.juntadeandalucia.es\/eielreal\/files\/2023\/02\/IMG-20230216-WA0107.jpg 1200w\" sizes=\"(max-width: 225px) 100vw, 225px\" \/><\/a><\/p>\n<p>Un d\u00eda espl\u00e9ndido que el claustro El Real tambi\u00e9n ha disfrutado enormemente&#8230;<\/p>\n<ul>\n<li><a href=\"https:\/\/blogsaverroes.juntadeandalucia.es\/eielreal\/files\/2023\/02\/IMG-20230216-WA0166.jpg\"><img loading=\"lazy\" decoding=\"async\" class=\"alignnone size-medium wp-image-36684 alignleft\" src=\"https:\/\/blogsaverroes.juntadeandalucia.es\/eielreal\/files\/2023\/02\/IMG-20230216-WA0166-300x291.jpg\" alt=\"\" width=\"300\" height=\"291\" srcset=\"https:\/\/blogsaverroes.juntadeandalucia.es\/eielreal\/files\/2023\/02\/IMG-20230216-WA0166-300x291.jpg 300w, https:\/\/blogsaverroes.juntadeandalucia.es\/eielreal\/files\/2023\/02\/IMG-20230216-WA0166-1024x994.jpg 1024w, https:\/\/blogsaverroes.juntadeandalucia.es\/eielreal\/files\/2023\/02\/IMG-20230216-WA0166-768x746.jpg 768w, https:\/\/blogsaverroes.juntadeandalucia.es\/eielreal\/files\/2023\/02\/IMG-20230216-WA0166-1536x1491.jpg 1536w, https:\/\/blogsaverroes.juntadeandalucia.es\/eielreal\/files\/2023\/02\/IMG-20230216-WA0166-700x679.jpg 700w, https:\/\/blogsaverroes.juntadeandalucia.es\/eielreal\/files\/2023\/02\/IMG-20230216-WA0166.jpg 1600w\" sizes=\"(max-width: 300px) 100vw, 300px\" \/><\/a> <a href=\"https:\/\/blogsaverroes.juntadeandalucia.es\/eielreal\/files\/2023\/02\/IMG-20230216-WA0172.jpg\"><img loading=\"lazy\" decoding=\"async\" class=\"alignnone size-medium wp-image-36685\" src=\"https:\/\/blogsaverroes.juntadeandalucia.es\/eielreal\/files\/2023\/02\/IMG-20230216-WA0172-300x225.jpg\" alt=\"\" width=\"300\" height=\"225\" srcset=\"https:\/\/blogsaverroes.juntadeandalucia.es\/eielreal\/files\/2023\/02\/IMG-20230216-WA0172-300x225.jpg 300w, https:\/\/blogsaverroes.juntadeandalucia.es\/eielreal\/files\/2023\/02\/IMG-20230216-WA0172-1024x768.jpg 1024w, https:\/\/blogsaverroes.juntadeandalucia.es\/eielreal\/files\/2023\/02\/IMG-20230216-WA0172-768x576.jpg 768w, https:\/\/blogsaverroes.juntadeandalucia.es\/eielreal\/files\/2023\/02\/IMG-20230216-WA0172-1536x1152.jpg 1536w, https:\/\/blogsaverroes.juntadeandalucia.es\/eielreal\/files\/2023\/02\/IMG-20230216-WA0172-700x525.jpg 700w, https:\/\/blogsaverroes.juntadeandalucia.es\/eielreal\/files\/2023\/02\/IMG-20230216-WA0172.jpg 1600w\" sizes=\"(max-width: 300px) 100vw, 300px\" \/><\/a> <a href=\"https:\/\/blogsaverroes.juntadeandalucia.es\/eielreal\/files\/2023\/02\/IMG-20230216-WA0123.jpg\"><img loading=\"lazy\" decoding=\"async\" class=\"alignnone size-medium wp-image-36686\" src=\"https:\/\/blogsaverroes.juntadeandalucia.es\/eielreal\/files\/2023\/02\/IMG-20230216-WA0123-225x300.jpg\" alt=\"\" width=\"225\" height=\"300\" srcset=\"https:\/\/blogsaverroes.juntadeandalucia.es\/eielreal\/files\/2023\/02\/IMG-20230216-WA0123-225x300.jpg 225w, https:\/\/blogsaverroes.juntadeandalucia.es\/eielreal\/files\/2023\/02\/IMG-20230216-WA0123-768x1024.jpg 768w, https:\/\/blogsaverroes.juntadeandalucia.es\/eielreal\/files\/2023\/02\/IMG-20230216-WA0123-1152x1536.jpg 1152w, https:\/\/blogsaverroes.juntadeandalucia.es\/eielreal\/files\/2023\/02\/IMG-20230216-WA0123-700x933.jpg 700w, https:\/\/blogsaverroes.juntadeandalucia.es\/eielreal\/files\/2023\/02\/IMG-20230216-WA0123.jpg 1200w\" sizes=\"(max-width: 225px) 100vw, 225px\" \/><\/a><\/li>\n<\/ul>\n<p>Un saludo y Feliz Carnaval!!!<\/p>\n","protected":false},"excerpt":{"rendered":"<p>Llega febrero y con \u00e9l, el Carnaval. Como todos los a\u00f1os los primeros d\u00edas se plantean los carteles para el concurso local de carteles infantil que celebra la Asociaci\u00f3n Carnavalera de Carmona. En esta&#46;&#46;&#46;<\/p>\n","protected":false},"author":3183,"featured_media":36688,"comment_status":"open","ping_status":"open","sticky":false,"template":"","format":"standard","meta":{"ngg_post_thumbnail":0,"footnotes":""},"categories":[1705,1740612,962,11909],"tags":[1740599],"aioseo_notices":[],"_links":{"self":[{"href":"https:\/\/blogsaverroes.juntadeandalucia.es\/eielreal\/wp-json\/wp\/v2\/posts\/36692"}],"collection":[{"href":"https:\/\/blogsaverroes.juntadeandalucia.es\/eielreal\/wp-json\/wp\/v2\/posts"}],"about":[{"href":"https:\/\/blogsaverroes.juntadeandalucia.es\/eielreal\/wp-json\/wp\/v2\/types\/post"}],"author":[{"embeddable":true,"href":"https:\/\/blogsaverroes.juntadeandalucia.es\/eielreal\/wp-json\/wp\/v2\/users\/3183"}],"replies":[{"embeddable":true,"href":"https:\/\/blogsaverroes.juntadeandalucia.es\/eielreal\/wp-json\/wp\/v2\/comments?post=36692"}],"version-history":[{"count":2,"href":"https:\/\/blogsaverroes.juntadeandalucia.es\/eielreal\/wp-json\/wp\/v2\/posts\/36692\/revisions"}],"predecessor-version":[{"id":36694,"href":"https:\/\/blogsaverroes.juntadeandalucia.es\/eielreal\/wp-json\/wp\/v2\/posts\/36692\/revisions\/36694"}],"wp:featuredmedia":[{"embeddable":true,"href":"https:\/\/blogsaverroes.juntadeandalucia.es\/eielreal\/wp-json\/wp\/v2\/media\/36688"}],"wp:attachment":[{"href":"https:\/\/blogsaverroes.juntadeandalucia.es\/eielreal\/wp-json\/wp\/v2\/media?parent=36692"}],"wp:term":[{"taxonomy":"category","embeddable":true,"href":"https:\/\/blogsaverroes.juntadeandalucia.es\/eielreal\/wp-json\/wp\/v2\/categories?post=36692"},{"taxonomy":"post_tag","embeddable":true,"href":"https:\/\/blogsaverroes.juntadeandalucia.es\/eielreal\/wp-json\/wp\/v2\/tags?post=36692"}],"curies":[{"name":"wp","href":"https:\/\/api.w.org\/{rel}","templated":true}]}}