{"id":37706,"date":"2023-06-09T15:36:08","date_gmt":"2023-06-09T15:36:08","guid":{"rendered":"https:\/\/blogsaverroes.juntadeandalucia.es\/eielreal\/?p=37706"},"modified":"2023-06-09T16:13:07","modified_gmt":"2023-06-09T16:13:07","slug":"taller-de-higiene-bucodental","status":"publish","type":"post","link":"https:\/\/blogsaverroes.juntadeandalucia.es\/eielreal\/taller-de-higiene-bucodental\/","title":{"rendered":"TALLER DE HIGIENE BUCODENTAL."},"content":{"rendered":"<p>&nbsp;<\/p>\n<p>\u00a1Bienvenidos a todos y a todas!<\/p>\n<p>Hoy presentaremos el incre\u00edble taller de higiene bucodental que hemos realizado con nuestros peque\u00f1os\/a impartido por nuestra enfermera de enlace Roc\u00edo Moreno. Durante esta actividad, nuestros ni\u00f1os\/as aprendieron, entre otras cosas, c\u00f3mo es su boca, cu\u00e1ntos dientes tienen y para qu\u00e9 sirven cada uno, la importancia de mantener una buena salud dental y algunas claves para cuidar sus dientes correctamente.<\/p>\n<p><a href=\"https:\/\/blogsaverroes.juntadeandalucia.es\/eielreal\/files\/2023\/06\/WhatsApp-Image-2023-06-09-at-17.04.21.jpeg\"><img loading=\"lazy\" decoding=\"async\" class=\"alignnone size-medium wp-image-37764\" src=\"https:\/\/blogsaverroes.juntadeandalucia.es\/eielreal\/files\/2023\/06\/WhatsApp-Image-2023-06-09-at-17.04.21-300x225.jpeg\" alt=\"\" width=\"300\" height=\"225\" srcset=\"https:\/\/blogsaverroes.juntadeandalucia.es\/eielreal\/files\/2023\/06\/WhatsApp-Image-2023-06-09-at-17.04.21-300x225.jpeg 300w, https:\/\/blogsaverroes.juntadeandalucia.es\/eielreal\/files\/2023\/06\/WhatsApp-Image-2023-06-09-at-17.04.21-1024x768.jpeg 1024w, https:\/\/blogsaverroes.juntadeandalucia.es\/eielreal\/files\/2023\/06\/WhatsApp-Image-2023-06-09-at-17.04.21-768x576.jpeg 768w, https:\/\/blogsaverroes.juntadeandalucia.es\/eielreal\/files\/2023\/06\/WhatsApp-Image-2023-06-09-at-17.04.21-1536x1152.jpeg 1536w, https:\/\/blogsaverroes.juntadeandalucia.es\/eielreal\/files\/2023\/06\/WhatsApp-Image-2023-06-09-at-17.04.21-700x525.jpeg 700w, https:\/\/blogsaverroes.juntadeandalucia.es\/eielreal\/files\/2023\/06\/WhatsApp-Image-2023-06-09-at-17.04.21.jpeg 1600w\" sizes=\"(max-width: 300px) 100vw, 300px\" \/><\/a> <a href=\"https:\/\/blogsaverroes.juntadeandalucia.es\/eielreal\/files\/2023\/06\/WhatsApp-Image-2023-06-09-at-17.04.21-1.jpeg\"><img loading=\"lazy\" decoding=\"async\" class=\"alignnone size-medium wp-image-37763\" src=\"https:\/\/blogsaverroes.juntadeandalucia.es\/eielreal\/files\/2023\/06\/WhatsApp-Image-2023-06-09-at-17.04.21-1-300x225.jpeg\" alt=\"\" width=\"300\" height=\"225\" srcset=\"https:\/\/blogsaverroes.juntadeandalucia.es\/eielreal\/files\/2023\/06\/WhatsApp-Image-2023-06-09-at-17.04.21-1-300x225.jpeg 300w, https:\/\/blogsaverroes.juntadeandalucia.es\/eielreal\/files\/2023\/06\/WhatsApp-Image-2023-06-09-at-17.04.21-1-1024x768.jpeg 1024w, https:\/\/blogsaverroes.juntadeandalucia.es\/eielreal\/files\/2023\/06\/WhatsApp-Image-2023-06-09-at-17.04.21-1-768x576.jpeg 768w, https:\/\/blogsaverroes.juntadeandalucia.es\/eielreal\/files\/2023\/06\/WhatsApp-Image-2023-06-09-at-17.04.21-1-1536x1152.jpeg 1536w, https:\/\/blogsaverroes.juntadeandalucia.es\/eielreal\/files\/2023\/06\/WhatsApp-Image-2023-06-09-at-17.04.21-1-700x525.jpeg 700w, https:\/\/blogsaverroes.juntadeandalucia.es\/eielreal\/files\/2023\/06\/WhatsApp-Image-2023-06-09-at-17.04.21-1.jpeg 1600w\" sizes=\"(max-width: 300px) 100vw, 300px\" \/><\/a> <a href=\"https:\/\/blogsaverroes.juntadeandalucia.es\/eielreal\/files\/2023\/06\/WhatsApp-Image-2023-06-09-at-17.04.21-3.jpeg\"><img loading=\"lazy\" decoding=\"async\" class=\"alignnone size-medium wp-image-37761\" src=\"https:\/\/blogsaverroes.juntadeandalucia.es\/eielreal\/files\/2023\/06\/WhatsApp-Image-2023-06-09-at-17.04.21-3-300x225.jpeg\" alt=\"\" width=\"300\" height=\"225\" srcset=\"https:\/\/blogsaverroes.juntadeandalucia.es\/eielreal\/files\/2023\/06\/WhatsApp-Image-2023-06-09-at-17.04.21-3-300x225.jpeg 300w, https:\/\/blogsaverroes.juntadeandalucia.es\/eielreal\/files\/2023\/06\/WhatsApp-Image-2023-06-09-at-17.04.21-3-1024x768.jpeg 1024w, https:\/\/blogsaverroes.juntadeandalucia.es\/eielreal\/files\/2023\/06\/WhatsApp-Image-2023-06-09-at-17.04.21-3-768x576.jpeg 768w, https:\/\/blogsaverroes.juntadeandalucia.es\/eielreal\/files\/2023\/06\/WhatsApp-Image-2023-06-09-at-17.04.21-3-1536x1152.jpeg 1536w, https:\/\/blogsaverroes.juntadeandalucia.es\/eielreal\/files\/2023\/06\/WhatsApp-Image-2023-06-09-at-17.04.21-3-700x525.jpeg 700w, https:\/\/blogsaverroes.juntadeandalucia.es\/eielreal\/files\/2023\/06\/WhatsApp-Image-2023-06-09-at-17.04.21-3.jpeg 1600w\" sizes=\"(max-width: 300px) 100vw, 300px\" \/><\/a> <a href=\"https:\/\/blogsaverroes.juntadeandalucia.es\/eielreal\/files\/2023\/06\/WhatsApp-Image-2023-06-09-at-17.04.20.jpeg\"><img loading=\"lazy\" decoding=\"async\" class=\"alignnone size-medium wp-image-37765\" src=\"https:\/\/blogsaverroes.juntadeandalucia.es\/eielreal\/files\/2023\/06\/WhatsApp-Image-2023-06-09-at-17.04.20-300x225.jpeg\" alt=\"\" width=\"300\" height=\"225\" srcset=\"https:\/\/blogsaverroes.juntadeandalucia.es\/eielreal\/files\/2023\/06\/WhatsApp-Image-2023-06-09-at-17.04.20-300x225.jpeg 300w, https:\/\/blogsaverroes.juntadeandalucia.es\/eielreal\/files\/2023\/06\/WhatsApp-Image-2023-06-09-at-17.04.20-1024x768.jpeg 1024w, https:\/\/blogsaverroes.juntadeandalucia.es\/eielreal\/files\/2023\/06\/WhatsApp-Image-2023-06-09-at-17.04.20-768x576.jpeg 768w, https:\/\/blogsaverroes.juntadeandalucia.es\/eielreal\/files\/2023\/06\/WhatsApp-Image-2023-06-09-at-17.04.20-1536x1152.jpeg 1536w, https:\/\/blogsaverroes.juntadeandalucia.es\/eielreal\/files\/2023\/06\/WhatsApp-Image-2023-06-09-at-17.04.20-700x525.jpeg 700w, https:\/\/blogsaverroes.juntadeandalucia.es\/eielreal\/files\/2023\/06\/WhatsApp-Image-2023-06-09-at-17.04.20.jpeg 1600w\" sizes=\"(max-width: 300px) 100vw, 300px\" \/><\/a><\/p>\n<p>&nbsp;<\/p>\n<p>Durante la sesi\u00f3n hablamos sobre c\u00f3mo detectar las caries a tiempo y c\u00f3mo prevenirlas. Por otro lado, aprendimos t\u00e9cnicas efectivas para cepillarnos los dientes y la importancia de mantener una dieta saludable para tener dientes fuertes.<\/p>\n<p><a href=\"https:\/\/blogsaverroes.juntadeandalucia.es\/eielreal\/files\/2023\/06\/WhatsApp-Image-2023-06-09-at-12.54.47-2.jpeg\"><img loading=\"lazy\" decoding=\"async\" class=\"alignnone size-medium wp-image-37728\" src=\"https:\/\/blogsaverroes.juntadeandalucia.es\/eielreal\/files\/2023\/06\/WhatsApp-Image-2023-06-09-at-12.54.47-2-300x225.jpeg\" alt=\"\" width=\"300\" height=\"225\" srcset=\"https:\/\/blogsaverroes.juntadeandalucia.es\/eielreal\/files\/2023\/06\/WhatsApp-Image-2023-06-09-at-12.54.47-2-300x225.jpeg 300w, https:\/\/blogsaverroes.juntadeandalucia.es\/eielreal\/files\/2023\/06\/WhatsApp-Image-2023-06-09-at-12.54.47-2-1024x768.jpeg 1024w, https:\/\/blogsaverroes.juntadeandalucia.es\/eielreal\/files\/2023\/06\/WhatsApp-Image-2023-06-09-at-12.54.47-2-768x576.jpeg 768w, https:\/\/blogsaverroes.juntadeandalucia.es\/eielreal\/files\/2023\/06\/WhatsApp-Image-2023-06-09-at-12.54.47-2-1536x1152.jpeg 1536w, https:\/\/blogsaverroes.juntadeandalucia.es\/eielreal\/files\/2023\/06\/WhatsApp-Image-2023-06-09-at-12.54.47-2-700x525.jpeg 700w, https:\/\/blogsaverroes.juntadeandalucia.es\/eielreal\/files\/2023\/06\/WhatsApp-Image-2023-06-09-at-12.54.47-2.jpeg 1600w\" sizes=\"(max-width: 300px) 100vw, 300px\" \/><\/a><a href=\"https:\/\/blogsaverroes.juntadeandalucia.es\/eielreal\/files\/2023\/06\/WhatsApp-Image-2023-06-09-at-13.37.32.jpeg\"><img loading=\"lazy\" decoding=\"async\" class=\"alignnone size-medium wp-image-37738\" src=\"https:\/\/blogsaverroes.juntadeandalucia.es\/eielreal\/files\/2023\/06\/WhatsApp-Image-2023-06-09-at-13.37.32-300x225.jpeg\" alt=\"\" width=\"300\" height=\"225\" srcset=\"https:\/\/blogsaverroes.juntadeandalucia.es\/eielreal\/files\/2023\/06\/WhatsApp-Image-2023-06-09-at-13.37.32-300x225.jpeg 300w, https:\/\/blogsaverroes.juntadeandalucia.es\/eielreal\/files\/2023\/06\/WhatsApp-Image-2023-06-09-at-13.37.32-1024x768.jpeg 1024w, https:\/\/blogsaverroes.juntadeandalucia.es\/eielreal\/files\/2023\/06\/WhatsApp-Image-2023-06-09-at-13.37.32-768x576.jpeg 768w, https:\/\/blogsaverroes.juntadeandalucia.es\/eielreal\/files\/2023\/06\/WhatsApp-Image-2023-06-09-at-13.37.32-1536x1152.jpeg 1536w, https:\/\/blogsaverroes.juntadeandalucia.es\/eielreal\/files\/2023\/06\/WhatsApp-Image-2023-06-09-at-13.37.32-700x525.jpeg 700w, https:\/\/blogsaverroes.juntadeandalucia.es\/eielreal\/files\/2023\/06\/WhatsApp-Image-2023-06-09-at-13.37.32.jpeg 1600w\" sizes=\"(max-width: 300px) 100vw, 300px\" \/><\/a><\/p>\n<p><a href=\"https:\/\/blogsaverroes.juntadeandalucia.es\/eielreal\/files\/2023\/06\/WhatsApp-Image-2023-06-09-at-12.18.00.jpeg\"><img loading=\"lazy\" decoding=\"async\" class=\"alignnone size-medium wp-image-37721\" src=\"https:\/\/blogsaverroes.juntadeandalucia.es\/eielreal\/files\/2023\/06\/WhatsApp-Image-2023-06-09-at-12.18.00-300x225.jpeg\" alt=\"\" width=\"300\" height=\"225\" srcset=\"https:\/\/blogsaverroes.juntadeandalucia.es\/eielreal\/files\/2023\/06\/WhatsApp-Image-2023-06-09-at-12.18.00-300x225.jpeg 300w, https:\/\/blogsaverroes.juntadeandalucia.es\/eielreal\/files\/2023\/06\/WhatsApp-Image-2023-06-09-at-12.18.00-1024x769.jpeg 1024w, https:\/\/blogsaverroes.juntadeandalucia.es\/eielreal\/files\/2023\/06\/WhatsApp-Image-2023-06-09-at-12.18.00-768x576.jpeg 768w, https:\/\/blogsaverroes.juntadeandalucia.es\/eielreal\/files\/2023\/06\/WhatsApp-Image-2023-06-09-at-12.18.00-1536x1153.jpeg 1536w, https:\/\/blogsaverroes.juntadeandalucia.es\/eielreal\/files\/2023\/06\/WhatsApp-Image-2023-06-09-at-12.18.00-700x525.jpeg 700w, https:\/\/blogsaverroes.juntadeandalucia.es\/eielreal\/files\/2023\/06\/WhatsApp-Image-2023-06-09-at-12.18.00.jpeg 1600w\" sizes=\"(max-width: 300px) 100vw, 300px\" \/><\/a> <a href=\"https:\/\/blogsaverroes.juntadeandalucia.es\/eielreal\/files\/2023\/06\/WhatsApp-Image-2023-06-09-at-12.54.46-2.jpeg\"><img loading=\"lazy\" decoding=\"async\" class=\"alignnone size-medium wp-image-37725\" src=\"https:\/\/blogsaverroes.juntadeandalucia.es\/eielreal\/files\/2023\/06\/WhatsApp-Image-2023-06-09-at-12.54.46-2-300x225.jpeg\" alt=\"\" width=\"300\" height=\"225\" srcset=\"https:\/\/blogsaverroes.juntadeandalucia.es\/eielreal\/files\/2023\/06\/WhatsApp-Image-2023-06-09-at-12.54.46-2-300x225.jpeg 300w, https:\/\/blogsaverroes.juntadeandalucia.es\/eielreal\/files\/2023\/06\/WhatsApp-Image-2023-06-09-at-12.54.46-2-1024x768.jpeg 1024w, https:\/\/blogsaverroes.juntadeandalucia.es\/eielreal\/files\/2023\/06\/WhatsApp-Image-2023-06-09-at-12.54.46-2-768x576.jpeg 768w, https:\/\/blogsaverroes.juntadeandalucia.es\/eielreal\/files\/2023\/06\/WhatsApp-Image-2023-06-09-at-12.54.46-2-1536x1152.jpeg 1536w, https:\/\/blogsaverroes.juntadeandalucia.es\/eielreal\/files\/2023\/06\/WhatsApp-Image-2023-06-09-at-12.54.46-2-700x525.jpeg 700w, https:\/\/blogsaverroes.juntadeandalucia.es\/eielreal\/files\/2023\/06\/WhatsApp-Image-2023-06-09-at-12.54.46-2.jpeg 1600w\" sizes=\"(max-width: 300px) 100vw, 300px\" \/><\/a><\/p>\n<p>Como ya sabemos, los dientes nos ayudan a masticar los alimentos, hablar con claridad y sonre\u00edr. Sin embargo, nos explicaron que si no los cuidamos bien, pueden aparecer peque\u00f1as manchas blancas en ellos que reciben el nombre de caries.<\/p>\n<div style=\"width: 640px;\" class=\"wp-video\"><!--[if lt IE 9]><script>document.createElement('video');<\/script><![endif]-->\n<video class=\"wp-video-shortcode\" id=\"video-37706-1\" width=\"640\" height=\"352\" preload=\"metadata\" controls=\"controls\"><source type=\"video\/mp4\" src=\"https:\/\/blogsaverroes.juntadeandalucia.es\/eielreal\/files\/2023\/06\/WhatsApp-Video-2023-06-09-at-15.27.59-1.mp4?_=1\" \/><a href=\"https:\/\/blogsaverroes.juntadeandalucia.es\/eielreal\/files\/2023\/06\/WhatsApp-Video-2023-06-09-at-15.27.59-1.mp4\">https:\/\/blogsaverroes.juntadeandalucia.es\/eielreal\/files\/2023\/06\/WhatsApp-Video-2023-06-09-at-15.27.59-1.mp4<\/a><\/video><\/div>\n<p>Comprendimos que es muy importante detectar las caries a tiempo porque, si no se tratan, pueden crecer y hacer agujeros en nuestros dientes, lo que resulta muy doloroso. Adem\u00e1s, si no cuidamos bien nuestros dientes, pueden enfermarse\u2026\u00a1e incluso caerse! Por ello, es importante visitar al dentista peri\u00f3dicamente y no tenerle miedo, ya que nos ayudar\u00e1 a mantener una bonita sonrisa bonita.<\/p>\n<p><a href=\"https:\/\/blogsaverroes.juntadeandalucia.es\/eielreal\/files\/2023\/06\/WhatsApp-Image-2023-06-09-at-10.24.56.jpeg\"><img loading=\"lazy\" decoding=\"async\" class=\"alignnone size-medium wp-image-37707\" src=\"https:\/\/blogsaverroes.juntadeandalucia.es\/eielreal\/files\/2023\/06\/WhatsApp-Image-2023-06-09-at-10.24.56-300x225.jpeg\" alt=\"\" width=\"300\" height=\"225\" srcset=\"https:\/\/blogsaverroes.juntadeandalucia.es\/eielreal\/files\/2023\/06\/WhatsApp-Image-2023-06-09-at-10.24.56-300x225.jpeg 300w, https:\/\/blogsaverroes.juntadeandalucia.es\/eielreal\/files\/2023\/06\/WhatsApp-Image-2023-06-09-at-10.24.56-1024x769.jpeg 1024w, https:\/\/blogsaverroes.juntadeandalucia.es\/eielreal\/files\/2023\/06\/WhatsApp-Image-2023-06-09-at-10.24.56-768x577.jpeg 768w, https:\/\/blogsaverroes.juntadeandalucia.es\/eielreal\/files\/2023\/06\/WhatsApp-Image-2023-06-09-at-10.24.56-1536x1154.jpeg 1536w, https:\/\/blogsaverroes.juntadeandalucia.es\/eielreal\/files\/2023\/06\/WhatsApp-Image-2023-06-09-at-10.24.56-700x526.jpeg 700w, https:\/\/blogsaverroes.juntadeandalucia.es\/eielreal\/files\/2023\/06\/WhatsApp-Image-2023-06-09-at-10.24.56.jpeg 1600w\" sizes=\"(max-width: 300px) 100vw, 300px\" \/><\/a> <a href=\"https:\/\/blogsaverroes.juntadeandalucia.es\/eielreal\/files\/2023\/06\/WhatsApp-Image-2023-06-09-at-10.24.58-1.jpeg\"><img loading=\"lazy\" decoding=\"async\" class=\"alignnone size-medium wp-image-37710\" src=\"https:\/\/blogsaverroes.juntadeandalucia.es\/eielreal\/files\/2023\/06\/WhatsApp-Image-2023-06-09-at-10.24.58-1-300x225.jpeg\" alt=\"\" width=\"300\" height=\"225\" srcset=\"https:\/\/blogsaverroes.juntadeandalucia.es\/eielreal\/files\/2023\/06\/WhatsApp-Image-2023-06-09-at-10.24.58-1-300x225.jpeg 300w, https:\/\/blogsaverroes.juntadeandalucia.es\/eielreal\/files\/2023\/06\/WhatsApp-Image-2023-06-09-at-10.24.58-1-1024x768.jpeg 1024w, https:\/\/blogsaverroes.juntadeandalucia.es\/eielreal\/files\/2023\/06\/WhatsApp-Image-2023-06-09-at-10.24.58-1-768x576.jpeg 768w, https:\/\/blogsaverroes.juntadeandalucia.es\/eielreal\/files\/2023\/06\/WhatsApp-Image-2023-06-09-at-10.24.58-1-1536x1152.jpeg 1536w, https:\/\/blogsaverroes.juntadeandalucia.es\/eielreal\/files\/2023\/06\/WhatsApp-Image-2023-06-09-at-10.24.58-1-700x525.jpeg 700w, https:\/\/blogsaverroes.juntadeandalucia.es\/eielreal\/files\/2023\/06\/WhatsApp-Image-2023-06-09-at-10.24.58-1.jpeg 1600w\" sizes=\"(max-width: 300px) 100vw, 300px\" \/><\/a> <a href=\"https:\/\/blogsaverroes.juntadeandalucia.es\/eielreal\/files\/2023\/06\/WhatsApp-Image-2023-06-09-at-12.18.02.jpeg\"><img loading=\"lazy\" decoding=\"async\" class=\"alignnone size-medium wp-image-37723\" src=\"https:\/\/blogsaverroes.juntadeandalucia.es\/eielreal\/files\/2023\/06\/WhatsApp-Image-2023-06-09-at-12.18.02-300x225.jpeg\" alt=\"\" width=\"300\" height=\"225\" srcset=\"https:\/\/blogsaverroes.juntadeandalucia.es\/eielreal\/files\/2023\/06\/WhatsApp-Image-2023-06-09-at-12.18.02-300x225.jpeg 300w, https:\/\/blogsaverroes.juntadeandalucia.es\/eielreal\/files\/2023\/06\/WhatsApp-Image-2023-06-09-at-12.18.02-1024x769.jpeg 1024w, https:\/\/blogsaverroes.juntadeandalucia.es\/eielreal\/files\/2023\/06\/WhatsApp-Image-2023-06-09-at-12.18.02-768x576.jpeg 768w, https:\/\/blogsaverroes.juntadeandalucia.es\/eielreal\/files\/2023\/06\/WhatsApp-Image-2023-06-09-at-12.18.02-1536x1153.jpeg 1536w, https:\/\/blogsaverroes.juntadeandalucia.es\/eielreal\/files\/2023\/06\/WhatsApp-Image-2023-06-09-at-12.18.02-700x525.jpeg 700w, https:\/\/blogsaverroes.juntadeandalucia.es\/eielreal\/files\/2023\/06\/WhatsApp-Image-2023-06-09-at-12.18.02.jpeg 1600w\" sizes=\"(max-width: 300px) 100vw, 300px\" \/><\/a> <a href=\"https:\/\/blogsaverroes.juntadeandalucia.es\/eielreal\/files\/2023\/06\/WhatsApp-Image-2023-06-09-at-12.54.47-4.jpeg\"><img loading=\"lazy\" decoding=\"async\" class=\"alignnone size-medium wp-image-37729\" src=\"https:\/\/blogsaverroes.juntadeandalucia.es\/eielreal\/files\/2023\/06\/WhatsApp-Image-2023-06-09-at-12.54.47-4-300x225.jpeg\" alt=\"\" width=\"300\" height=\"225\" srcset=\"https:\/\/blogsaverroes.juntadeandalucia.es\/eielreal\/files\/2023\/06\/WhatsApp-Image-2023-06-09-at-12.54.47-4-300x225.jpeg 300w, https:\/\/blogsaverroes.juntadeandalucia.es\/eielreal\/files\/2023\/06\/WhatsApp-Image-2023-06-09-at-12.54.47-4-1024x768.jpeg 1024w, https:\/\/blogsaverroes.juntadeandalucia.es\/eielreal\/files\/2023\/06\/WhatsApp-Image-2023-06-09-at-12.54.47-4-768x576.jpeg 768w, https:\/\/blogsaverroes.juntadeandalucia.es\/eielreal\/files\/2023\/06\/WhatsApp-Image-2023-06-09-at-12.54.47-4-1536x1152.jpeg 1536w, https:\/\/blogsaverroes.juntadeandalucia.es\/eielreal\/files\/2023\/06\/WhatsApp-Image-2023-06-09-at-12.54.47-4-700x525.jpeg 700w, https:\/\/blogsaverroes.juntadeandalucia.es\/eielreal\/files\/2023\/06\/WhatsApp-Image-2023-06-09-at-12.54.47-4.jpeg 1600w\" sizes=\"(max-width: 300px) 100vw, 300px\" \/><\/a><\/p>\n<p>&nbsp;<\/p>\n<p>Para evitar que esto suceda, hemos tomado conciencia de la importancia de cepillarse los dientes despu\u00e9s de cada comida y antes de irnos a dormir, lav\u00e1ndolos muy bien con agua y pasta de dientes, al menos durante 2 minutos. A su vez, nos han recordado que debemos evitar comer demasiados dulces y alimentos azucarados, porque el az\u00facar puede da\u00f1arlos.<\/p>\n<div style=\"width: 640px;\" class=\"wp-video\"><video class=\"wp-video-shortcode\" id=\"video-37706-2\" width=\"640\" height=\"352\" preload=\"metadata\" controls=\"controls\"><source type=\"video\/mp4\" src=\"https:\/\/blogsaverroes.juntadeandalucia.es\/eielreal\/files\/2023\/06\/WhatsApp-Video-2023-06-09-at-15.23.48-1.mp4?_=2\" \/><a href=\"https:\/\/blogsaverroes.juntadeandalucia.es\/eielreal\/files\/2023\/06\/WhatsApp-Video-2023-06-09-at-15.23.48-1.mp4\">https:\/\/blogsaverroes.juntadeandalucia.es\/eielreal\/files\/2023\/06\/WhatsApp-Video-2023-06-09-at-15.23.48-1.mp4<\/a><\/video><\/div>\n<p>Al Ratoncito P\u00e9rez le gusta recoger dientes blancos como perlas para poder fabricar esos maravillosos collares, de lo contrario no dejar\u00e1 bajo nuestra almohada ninguna recompensa.<\/p>\n<div style=\"width: 640px;\" class=\"wp-video\"><video class=\"wp-video-shortcode\" id=\"video-37706-3\" width=\"640\" height=\"352\" preload=\"metadata\" controls=\"controls\"><source type=\"video\/mp4\" src=\"https:\/\/blogsaverroes.juntadeandalucia.es\/eielreal\/files\/2023\/06\/WhatsApp-Video-2023-06-09-at-15.31.00-1.mp4?_=3\" \/><a href=\"https:\/\/blogsaverroes.juntadeandalucia.es\/eielreal\/files\/2023\/06\/WhatsApp-Video-2023-06-09-at-15.31.00-1.mp4\">https:\/\/blogsaverroes.juntadeandalucia.es\/eielreal\/files\/2023\/06\/WhatsApp-Video-2023-06-09-at-15.31.00-1.mp4<\/a><\/video><\/div>\n<p>En suma, fue una experiencia muy educativa y divertida para todos\/as en la que nuestros chiquitines\/as estuvieron muy atentos. Una vez aprendida la teor\u00eda, est\u00e1n ansiosos por poner en pr\u00e1ctica todo lo que han aprendido para poder mostrar m\u00e1s que nunca una hermosa sonrisa.<\/p>\n<p><strong><em>Como cepillarse los dientes paso a paso.<\/em><\/strong><\/p>\n<p><a href=\"https:\/\/www.youtube.com\/watch?v=A9EM4uUR7O8\">https:\/\/www.youtube.com\/watch?v=A9EM4uUR7O8<\/a><\/p>\n<p><a href=\"https:\/\/blogsaverroes.juntadeandalucia.es\/eielreal\/files\/2023\/06\/WhatsApp-Image-2023-06-09-at-15.15.54.jpeg\"><img loading=\"lazy\" decoding=\"async\" class=\"alignnone size-medium wp-image-37740\" src=\"https:\/\/blogsaverroes.juntadeandalucia.es\/eielreal\/files\/2023\/06\/WhatsApp-Image-2023-06-09-at-15.15.54-300x224.jpeg\" alt=\"\" width=\"300\" height=\"224\" srcset=\"https:\/\/blogsaverroes.juntadeandalucia.es\/eielreal\/files\/2023\/06\/WhatsApp-Image-2023-06-09-at-15.15.54-300x224.jpeg 300w, https:\/\/blogsaverroes.juntadeandalucia.es\/eielreal\/files\/2023\/06\/WhatsApp-Image-2023-06-09-at-15.15.54-1024x766.jpeg 1024w, https:\/\/blogsaverroes.juntadeandalucia.es\/eielreal\/files\/2023\/06\/WhatsApp-Image-2023-06-09-at-15.15.54-768x575.jpeg 768w, https:\/\/blogsaverroes.juntadeandalucia.es\/eielreal\/files\/2023\/06\/WhatsApp-Image-2023-06-09-at-15.15.54-1536x1149.jpeg 1536w, https:\/\/blogsaverroes.juntadeandalucia.es\/eielreal\/files\/2023\/06\/WhatsApp-Image-2023-06-09-at-15.15.54-700x524.jpeg 700w, https:\/\/blogsaverroes.juntadeandalucia.es\/eielreal\/files\/2023\/06\/WhatsApp-Image-2023-06-09-at-15.15.54.jpeg 1600w\" sizes=\"(max-width: 300px) 100vw, 300px\" \/><\/a> <a href=\"https:\/\/blogsaverroes.juntadeandalucia.es\/eielreal\/files\/2023\/06\/WhatsApp-Image-2023-06-09-at-12.11.51.jpeg\"><img loading=\"lazy\" decoding=\"async\" class=\"alignnone size-medium wp-image-37716\" src=\"https:\/\/blogsaverroes.juntadeandalucia.es\/eielreal\/files\/2023\/06\/WhatsApp-Image-2023-06-09-at-12.11.51-300x225.jpeg\" alt=\"\" width=\"300\" height=\"225\" srcset=\"https:\/\/blogsaverroes.juntadeandalucia.es\/eielreal\/files\/2023\/06\/WhatsApp-Image-2023-06-09-at-12.11.51-300x225.jpeg 300w, https:\/\/blogsaverroes.juntadeandalucia.es\/eielreal\/files\/2023\/06\/WhatsApp-Image-2023-06-09-at-12.11.51-1024x768.jpeg 1024w, https:\/\/blogsaverroes.juntadeandalucia.es\/eielreal\/files\/2023\/06\/WhatsApp-Image-2023-06-09-at-12.11.51-768x576.jpeg 768w, https:\/\/blogsaverroes.juntadeandalucia.es\/eielreal\/files\/2023\/06\/WhatsApp-Image-2023-06-09-at-12.11.51-1536x1152.jpeg 1536w, https:\/\/blogsaverroes.juntadeandalucia.es\/eielreal\/files\/2023\/06\/WhatsApp-Image-2023-06-09-at-12.11.51-700x525.jpeg 700w, https:\/\/blogsaverroes.juntadeandalucia.es\/eielreal\/files\/2023\/06\/WhatsApp-Image-2023-06-09-at-12.11.51.jpeg 1600w\" sizes=\"(max-width: 300px) 100vw, 300px\" \/><\/a><\/p>\n<p><a href=\"https:\/\/blogsaverroes.juntadeandalucia.es\/eielreal\/files\/2023\/06\/WhatsApp-Image-2023-06-09-at-10.19.43.jpeg\"><img loading=\"lazy\" decoding=\"async\" class=\"alignnone size-medium wp-image-37769\" src=\"https:\/\/blogsaverroes.juntadeandalucia.es\/eielreal\/files\/2023\/06\/WhatsApp-Image-2023-06-09-at-10.19.43-300x225.jpeg\" alt=\"\" width=\"300\" height=\"225\" srcset=\"https:\/\/blogsaverroes.juntadeandalucia.es\/eielreal\/files\/2023\/06\/WhatsApp-Image-2023-06-09-at-10.19.43-300x225.jpeg 300w, https:\/\/blogsaverroes.juntadeandalucia.es\/eielreal\/files\/2023\/06\/WhatsApp-Image-2023-06-09-at-10.19.43-1024x768.jpeg 1024w, https:\/\/blogsaverroes.juntadeandalucia.es\/eielreal\/files\/2023\/06\/WhatsApp-Image-2023-06-09-at-10.19.43-768x576.jpeg 768w, https:\/\/blogsaverroes.juntadeandalucia.es\/eielreal\/files\/2023\/06\/WhatsApp-Image-2023-06-09-at-10.19.43-1536x1152.jpeg 1536w, https:\/\/blogsaverroes.juntadeandalucia.es\/eielreal\/files\/2023\/06\/WhatsApp-Image-2023-06-09-at-10.19.43-700x525.jpeg 700w, https:\/\/blogsaverroes.juntadeandalucia.es\/eielreal\/files\/2023\/06\/WhatsApp-Image-2023-06-09-at-10.19.43.jpeg 1600w\" sizes=\"(max-width: 300px) 100vw, 300px\" \/><\/a> <a href=\"https:\/\/blogsaverroes.juntadeandalucia.es\/eielreal\/files\/2023\/06\/WhatsApp-Image-2023-06-09-at-10.19.42.jpeg\"><img loading=\"lazy\" decoding=\"async\" class=\"alignnone size-medium wp-image-37768\" src=\"https:\/\/blogsaverroes.juntadeandalucia.es\/eielreal\/files\/2023\/06\/WhatsApp-Image-2023-06-09-at-10.19.42-300x225.jpeg\" alt=\"\" width=\"300\" height=\"225\" srcset=\"https:\/\/blogsaverroes.juntadeandalucia.es\/eielreal\/files\/2023\/06\/WhatsApp-Image-2023-06-09-at-10.19.42-300x225.jpeg 300w, https:\/\/blogsaverroes.juntadeandalucia.es\/eielreal\/files\/2023\/06\/WhatsApp-Image-2023-06-09-at-10.19.42-1024x768.jpeg 1024w, https:\/\/blogsaverroes.juntadeandalucia.es\/eielreal\/files\/2023\/06\/WhatsApp-Image-2023-06-09-at-10.19.42-768x576.jpeg 768w, https:\/\/blogsaverroes.juntadeandalucia.es\/eielreal\/files\/2023\/06\/WhatsApp-Image-2023-06-09-at-10.19.42-1536x1152.jpeg 1536w, https:\/\/blogsaverroes.juntadeandalucia.es\/eielreal\/files\/2023\/06\/WhatsApp-Image-2023-06-09-at-10.19.42-700x525.jpeg 700w, https:\/\/blogsaverroes.juntadeandalucia.es\/eielreal\/files\/2023\/06\/WhatsApp-Image-2023-06-09-at-10.19.42.jpeg 1600w\" sizes=\"(max-width: 300px) 100vw, 300px\" \/><\/a><\/p>\n<p>Todos han podido llevar a casa un dent\u00edfrico con el que la casa LACER ha tenido la gentileza de obsequiarlos\/as.<\/p>\n<p><a href=\"https:\/\/blogsaverroes.juntadeandalucia.es\/eielreal\/files\/2023\/06\/WhatsApp-Image-2023-06-09-at-15.15.58.jpeg\"><img loading=\"lazy\" decoding=\"async\" class=\"alignnone size-medium wp-image-37747\" src=\"https:\/\/blogsaverroes.juntadeandalucia.es\/eielreal\/files\/2023\/06\/WhatsApp-Image-2023-06-09-at-15.15.58-300x224.jpeg\" alt=\"\" width=\"300\" height=\"224\" srcset=\"https:\/\/blogsaverroes.juntadeandalucia.es\/eielreal\/files\/2023\/06\/WhatsApp-Image-2023-06-09-at-15.15.58-300x224.jpeg 300w, https:\/\/blogsaverroes.juntadeandalucia.es\/eielreal\/files\/2023\/06\/WhatsApp-Image-2023-06-09-at-15.15.58-1024x766.jpeg 1024w, https:\/\/blogsaverroes.juntadeandalucia.es\/eielreal\/files\/2023\/06\/WhatsApp-Image-2023-06-09-at-15.15.58-768x575.jpeg 768w, https:\/\/blogsaverroes.juntadeandalucia.es\/eielreal\/files\/2023\/06\/WhatsApp-Image-2023-06-09-at-15.15.58-1536x1149.jpeg 1536w, https:\/\/blogsaverroes.juntadeandalucia.es\/eielreal\/files\/2023\/06\/WhatsApp-Image-2023-06-09-at-15.15.58-700x524.jpeg 700w, https:\/\/blogsaverroes.juntadeandalucia.es\/eielreal\/files\/2023\/06\/WhatsApp-Image-2023-06-09-at-15.15.58.jpeg 1600w\" sizes=\"(max-width: 300px) 100vw, 300px\" \/><\/a> <a href=\"https:\/\/blogsaverroes.juntadeandalucia.es\/eielreal\/files\/2023\/06\/WhatsApp-Image-2023-06-09-at-13.37.30.jpeg\"><img loading=\"lazy\" decoding=\"async\" class=\"alignnone size-medium wp-image-37733\" src=\"https:\/\/blogsaverroes.juntadeandalucia.es\/eielreal\/files\/2023\/06\/WhatsApp-Image-2023-06-09-at-13.37.30-300x225.jpeg\" alt=\"\" width=\"300\" height=\"225\" srcset=\"https:\/\/blogsaverroes.juntadeandalucia.es\/eielreal\/files\/2023\/06\/WhatsApp-Image-2023-06-09-at-13.37.30-300x225.jpeg 300w, https:\/\/blogsaverroes.juntadeandalucia.es\/eielreal\/files\/2023\/06\/WhatsApp-Image-2023-06-09-at-13.37.30-1024x768.jpeg 1024w, https:\/\/blogsaverroes.juntadeandalucia.es\/eielreal\/files\/2023\/06\/WhatsApp-Image-2023-06-09-at-13.37.30-768x576.jpeg 768w, https:\/\/blogsaverroes.juntadeandalucia.es\/eielreal\/files\/2023\/06\/WhatsApp-Image-2023-06-09-at-13.37.30-1536x1152.jpeg 1536w, https:\/\/blogsaverroes.juntadeandalucia.es\/eielreal\/files\/2023\/06\/WhatsApp-Image-2023-06-09-at-13.37.30-700x525.jpeg 700w, https:\/\/blogsaverroes.juntadeandalucia.es\/eielreal\/files\/2023\/06\/WhatsApp-Image-2023-06-09-at-13.37.30.jpeg 1600w\" sizes=\"(max-width: 300px) 100vw, 300px\" \/><\/a><\/p>\n<p>Por \u00faltimo, quisiera expresar en nombre del Equipo Docente nuestro agradecimiento a Roc\u00edo Moreno que durante todo este curso ha estado de forma incondicional ayud\u00e1ndonos y asesor\u00e1ndonos a desarrollar nuestro Programa Creciendo en Salud, as\u00ed como a la colaboraci\u00f3n altruista de madres\/padres que han hecho posible que se puedan llevar a cabo todas las actividades planificadas.<\/p>\n<p>Hasta el pr\u00f3ximo curso,<\/p>\n<p>Coordinadora Creciendo en Salud<\/p>\n","protected":false},"excerpt":{"rendered":"<p>&nbsp; \u00a1Bienvenidos a todos y a todas! Hoy presentaremos el incre\u00edble taller de higiene bucodental que hemos realizado con nuestros peque\u00f1os\/a impartido por nuestra enfermera de enlace Roc\u00edo Moreno. Durante esta actividad, nuestros ni\u00f1os\/as&#46;&#46;&#46;<\/p>\n","protected":false},"author":3183,"featured_media":37712,"comment_status":"open","ping_status":"open","sticky":false,"template":"","format":"standard","meta":{"ngg_post_thumbnail":0,"footnotes":""},"categories":[1740709],"tags":[],"aioseo_notices":[],"_links":{"self":[{"href":"https:\/\/blogsaverroes.juntadeandalucia.es\/eielreal\/wp-json\/wp\/v2\/posts\/37706"}],"collection":[{"href":"https:\/\/blogsaverroes.juntadeandalucia.es\/eielreal\/wp-json\/wp\/v2\/posts"}],"about":[{"href":"https:\/\/blogsaverroes.juntadeandalucia.es\/eielreal\/wp-json\/wp\/v2\/types\/post"}],"author":[{"embeddable":true,"href":"https:\/\/blogsaverroes.juntadeandalucia.es\/eielreal\/wp-json\/wp\/v2\/users\/3183"}],"replies":[{"embeddable":true,"href":"https:\/\/blogsaverroes.juntadeandalucia.es\/eielreal\/wp-json\/wp\/v2\/comments?post=37706"}],"version-history":[{"count":10,"href":"https:\/\/blogsaverroes.juntadeandalucia.es\/eielreal\/wp-json\/wp\/v2\/posts\/37706\/revisions"}],"predecessor-version":[{"id":37772,"href":"https:\/\/blogsaverroes.juntadeandalucia.es\/eielreal\/wp-json\/wp\/v2\/posts\/37706\/revisions\/37772"}],"wp:featuredmedia":[{"embeddable":true,"href":"https:\/\/blogsaverroes.juntadeandalucia.es\/eielreal\/wp-json\/wp\/v2\/media\/37712"}],"wp:attachment":[{"href":"https:\/\/blogsaverroes.juntadeandalucia.es\/eielreal\/wp-json\/wp\/v2\/media?parent=37706"}],"wp:term":[{"taxonomy":"category","embeddable":true,"href":"https:\/\/blogsaverroes.juntadeandalucia.es\/eielreal\/wp-json\/wp\/v2\/categories?post=37706"},{"taxonomy":"post_tag","embeddable":true,"href":"https:\/\/blogsaverroes.juntadeandalucia.es\/eielreal\/wp-json\/wp\/v2\/tags?post=37706"}],"curies":[{"name":"wp","href":"https:\/\/api.w.org\/{rel}","templated":true}]}}