{"id":38014,"date":"2023-10-12T09:51:57","date_gmt":"2023-10-12T09:51:57","guid":{"rendered":"https:\/\/blogsaverroes.juntadeandalucia.es\/eielreal\/?p=38014"},"modified":"2023-10-12T10:24:13","modified_gmt":"2023-10-12T10:24:13","slug":"fiesta-del-otono-2023","status":"publish","type":"post","link":"https:\/\/blogsaverroes.juntadeandalucia.es\/eielreal\/fiesta-del-otono-2023\/","title":{"rendered":"FIESTA DEL OTO\u00d1O 2023!!!"},"content":{"rendered":"<p>Este martes en nuestro colegio hemos celebrado la FIESTA DEL OTO\u00d1O.<\/p>\n<p>Al igual que en el anterior curso nuestras coordinadoras de planes y programas implementados en nuestro centro han organizado esta fiesta a fin de lograr, un acercamiento al medio natural lo m\u00e1s vivenciado posible ( programa de h\u00e1bitos de vida saludable, escuela de paz, programa de igualdad, biblioteca y transformaci\u00f3n digital).&nbsp;<\/p>\n<p>Puesto que el oto\u00f1o ofrece gran variedad de posibilidades de acci\u00f3n, en esta ocasi\u00f3n hemos querido conjugar la adquisici\u00f3n de<strong> h\u00e1bitos de alimentaci\u00f3n sana y saludable<\/strong> con, la <strong>m\u00fasica y el baile<\/strong> y la<strong> convivencia positiva<\/strong>.<\/p>\n<p>Para ello y como siempre, hemos pedido la ayuda inestimable del <strong>AMPA<\/strong>. Gracias a las familias que hab\u00e9is colaborado en la adquisici\u00f3n y preparaci\u00f3n de la fruta y, en la puesta en escena de los stands, se han obtenido los siguientes resultados:<img loading=\"lazy\" decoding=\"async\" class=\"size-medium wp-image-38016 alignnone\" src=\"https:\/\/blogsaverroes.juntadeandalucia.es\/eielreal\/files\/2023\/10\/IMG20231011101715-300x225.jpg\" alt=\"\" width=\"300\" height=\"225\" srcset=\"https:\/\/blogsaverroes.juntadeandalucia.es\/eielreal\/files\/2023\/10\/IMG20231011101715-300x225.jpg 300w, https:\/\/blogsaverroes.juntadeandalucia.es\/eielreal\/files\/2023\/10\/IMG20231011101715-1024x768.jpg 1024w, https:\/\/blogsaverroes.juntadeandalucia.es\/eielreal\/files\/2023\/10\/IMG20231011101715-768x576.jpg 768w, https:\/\/blogsaverroes.juntadeandalucia.es\/eielreal\/files\/2023\/10\/IMG20231011101715-1536x1152.jpg 1536w, https:\/\/blogsaverroes.juntadeandalucia.es\/eielreal\/files\/2023\/10\/IMG20231011101715-2048x1536.jpg 2048w, https:\/\/blogsaverroes.juntadeandalucia.es\/eielreal\/files\/2023\/10\/IMG20231011101715-700x525.jpg 700w, https:\/\/blogsaverroes.juntadeandalucia.es\/eielreal\/files\/2023\/10\/IMG20231011101715-scaled.jpg 1600w\" sizes=\"(max-width: 300px) 100vw, 300px\" \/><\/p>\n<p><img loading=\"lazy\" decoding=\"async\" class=\"size-medium wp-image-38017 alignnone\" src=\"https:\/\/blogsaverroes.juntadeandalucia.es\/eielreal\/files\/2023\/10\/IMG20231011105820-300x225.jpg\" alt=\"\" width=\"300\" height=\"225\" srcset=\"https:\/\/blogsaverroes.juntadeandalucia.es\/eielreal\/files\/2023\/10\/IMG20231011105820-300x225.jpg 300w, https:\/\/blogsaverroes.juntadeandalucia.es\/eielreal\/files\/2023\/10\/IMG20231011105820-1024x768.jpg 1024w, https:\/\/blogsaverroes.juntadeandalucia.es\/eielreal\/files\/2023\/10\/IMG20231011105820-768x576.jpg 768w, https:\/\/blogsaverroes.juntadeandalucia.es\/eielreal\/files\/2023\/10\/IMG20231011105820-1536x1152.jpg 1536w, https:\/\/blogsaverroes.juntadeandalucia.es\/eielreal\/files\/2023\/10\/IMG20231011105820-2048x1536.jpg 2048w, https:\/\/blogsaverroes.juntadeandalucia.es\/eielreal\/files\/2023\/10\/IMG20231011105820-700x525.jpg 700w, https:\/\/blogsaverroes.juntadeandalucia.es\/eielreal\/files\/2023\/10\/IMG20231011105820-scaled.jpg 1600w\" sizes=\"(max-width: 300px) 100vw, 300px\" \/><\/p>\n<p><img loading=\"lazy\" decoding=\"async\" class=\"wp-image-38018 alignnone\" src=\"https:\/\/blogsaverroes.juntadeandalucia.es\/eielreal\/files\/2023\/10\/IMG20231011110210-300x225.jpg\" alt=\"\" width=\"300\" height=\"225\" srcset=\"https:\/\/blogsaverroes.juntadeandalucia.es\/eielreal\/files\/2023\/10\/IMG20231011110210-300x225.jpg 300w, https:\/\/blogsaverroes.juntadeandalucia.es\/eielreal\/files\/2023\/10\/IMG20231011110210-1024x768.jpg 1024w, https:\/\/blogsaverroes.juntadeandalucia.es\/eielreal\/files\/2023\/10\/IMG20231011110210-768x576.jpg 768w, https:\/\/blogsaverroes.juntadeandalucia.es\/eielreal\/files\/2023\/10\/IMG20231011110210-1536x1152.jpg 1536w, https:\/\/blogsaverroes.juntadeandalucia.es\/eielreal\/files\/2023\/10\/IMG20231011110210-2048x1536.jpg 2048w, https:\/\/blogsaverroes.juntadeandalucia.es\/eielreal\/files\/2023\/10\/IMG20231011110210-700x525.jpg 700w, https:\/\/blogsaverroes.juntadeandalucia.es\/eielreal\/files\/2023\/10\/IMG20231011110210-scaled.jpg 1600w\" sizes=\"(max-width: 300px) 100vw, 300px\" \/><\/p>\n<p><img loading=\"lazy\" decoding=\"async\" class=\"size-medium wp-image-38020 alignnone\" src=\"https:\/\/blogsaverroes.juntadeandalucia.es\/eielreal\/files\/2023\/10\/IMG20231011111354-300x225.jpg\" alt=\"\" width=\"300\" height=\"225\" srcset=\"https:\/\/blogsaverroes.juntadeandalucia.es\/eielreal\/files\/2023\/10\/IMG20231011111354-300x225.jpg 300w, https:\/\/blogsaverroes.juntadeandalucia.es\/eielreal\/files\/2023\/10\/IMG20231011111354-1024x768.jpg 1024w, https:\/\/blogsaverroes.juntadeandalucia.es\/eielreal\/files\/2023\/10\/IMG20231011111354-768x576.jpg 768w, https:\/\/blogsaverroes.juntadeandalucia.es\/eielreal\/files\/2023\/10\/IMG20231011111354-1536x1152.jpg 1536w, https:\/\/blogsaverroes.juntadeandalucia.es\/eielreal\/files\/2023\/10\/IMG20231011111354-2048x1536.jpg 2048w, https:\/\/blogsaverroes.juntadeandalucia.es\/eielreal\/files\/2023\/10\/IMG20231011111354-700x525.jpg 700w, https:\/\/blogsaverroes.juntadeandalucia.es\/eielreal\/files\/2023\/10\/IMG20231011111354-scaled.jpg 1600w\" sizes=\"(max-width: 300px) 100vw, 300px\" \/><\/p>\n<p>Estas mesas decoradas con motivos oto\u00f1ales y con un fruto carnoso&nbsp; han servido para ofrecer la degustaci\u00f3n de los mismos. Cada clase ha tenido por tanto, un fruto carnoso de referencia que ha sido trabajado desde su propia clase: La mandarina, la manzanas, las uvas, la pera, la granada y el membrillo.<\/p>\n<p><img loading=\"lazy\" decoding=\"async\" class=\"size-medium wp-image-38021 alignnone\" src=\"https:\/\/blogsaverroes.juntadeandalucia.es\/eielreal\/files\/2023\/10\/IMG20231011101722-300x225.jpg\" alt=\"\" width=\"300\" height=\"225\" srcset=\"https:\/\/blogsaverroes.juntadeandalucia.es\/eielreal\/files\/2023\/10\/IMG20231011101722-300x225.jpg 300w, https:\/\/blogsaverroes.juntadeandalucia.es\/eielreal\/files\/2023\/10\/IMG20231011101722-1024x768.jpg 1024w, https:\/\/blogsaverroes.juntadeandalucia.es\/eielreal\/files\/2023\/10\/IMG20231011101722-768x576.jpg 768w, https:\/\/blogsaverroes.juntadeandalucia.es\/eielreal\/files\/2023\/10\/IMG20231011101722-1536x1152.jpg 1536w, https:\/\/blogsaverroes.juntadeandalucia.es\/eielreal\/files\/2023\/10\/IMG20231011101722-2048x1536.jpg 2048w, https:\/\/blogsaverroes.juntadeandalucia.es\/eielreal\/files\/2023\/10\/IMG20231011101722-700x525.jpg 700w, https:\/\/blogsaverroes.juntadeandalucia.es\/eielreal\/files\/2023\/10\/IMG20231011101722-scaled.jpg 1600w\" sizes=\"(max-width: 300px) 100vw, 300px\" \/><\/p>\n<p><img loading=\"lazy\" decoding=\"async\" class=\"size-medium wp-image-38025 alignnone\" src=\"https:\/\/blogsaverroes.juntadeandalucia.es\/eielreal\/files\/2023\/10\/IMG20231011111404-300x225.jpg\" alt=\"\" width=\"300\" height=\"225\" srcset=\"https:\/\/blogsaverroes.juntadeandalucia.es\/eielreal\/files\/2023\/10\/IMG20231011111404-300x225.jpg 300w, https:\/\/blogsaverroes.juntadeandalucia.es\/eielreal\/files\/2023\/10\/IMG20231011111404-1024x768.jpg 1024w, https:\/\/blogsaverroes.juntadeandalucia.es\/eielreal\/files\/2023\/10\/IMG20231011111404-768x576.jpg 768w, https:\/\/blogsaverroes.juntadeandalucia.es\/eielreal\/files\/2023\/10\/IMG20231011111404-1536x1152.jpg 1536w, https:\/\/blogsaverroes.juntadeandalucia.es\/eielreal\/files\/2023\/10\/IMG20231011111404-2048x1536.jpg 2048w, https:\/\/blogsaverroes.juntadeandalucia.es\/eielreal\/files\/2023\/10\/IMG20231011111404-700x525.jpg 700w, https:\/\/blogsaverroes.juntadeandalucia.es\/eielreal\/files\/2023\/10\/IMG20231011111404-scaled.jpg 1600w\" sizes=\"(max-width: 300px) 100vw, 300px\" \/><\/p>\n<p>D\u00edas previos han realizado como trabajo pl\u00e1stico, unas coronas para sus cabezas que han quedado muy de bonitas y singulares:<\/p>\n<p><img loading=\"lazy\" decoding=\"async\" class=\"size-medium wp-image-38015 alignnone\" src=\"https:\/\/blogsaverroes.juntadeandalucia.es\/eielreal\/files\/2023\/10\/5B_1-227x300.jpg\" alt=\"\" width=\"227\" height=\"300\" srcset=\"https:\/\/blogsaverroes.juntadeandalucia.es\/eielreal\/files\/2023\/10\/5B_1-227x300.jpg 227w, https:\/\/blogsaverroes.juntadeandalucia.es\/eielreal\/files\/2023\/10\/5B_1-777x1024.jpg 777w, https:\/\/blogsaverroes.juntadeandalucia.es\/eielreal\/files\/2023\/10\/5B_1-768x1013.jpg 768w, https:\/\/blogsaverroes.juntadeandalucia.es\/eielreal\/files\/2023\/10\/5B_1-1165x1536.jpg 1165w, https:\/\/blogsaverroes.juntadeandalucia.es\/eielreal\/files\/2023\/10\/5B_1-1553x2048.jpg 1553w, https:\/\/blogsaverroes.juntadeandalucia.es\/eielreal\/files\/2023\/10\/5B_1-700x923.jpg 700w, https:\/\/blogsaverroes.juntadeandalucia.es\/eielreal\/files\/2023\/10\/5B_1-scaled.jpg 1213w\" sizes=\"(max-width: 227px) 100vw, 227px\" \/><\/p>\n<p><img loading=\"lazy\" decoding=\"async\" class=\"size-medium wp-image-38026 alignnone\" src=\"https:\/\/blogsaverroes.juntadeandalucia.es\/eielreal\/files\/2023\/10\/IMG_20231011_180944-227x300.jpg\" alt=\"\" width=\"227\" height=\"300\" srcset=\"https:\/\/blogsaverroes.juntadeandalucia.es\/eielreal\/files\/2023\/10\/IMG_20231011_180944-227x300.jpg 227w, https:\/\/blogsaverroes.juntadeandalucia.es\/eielreal\/files\/2023\/10\/IMG_20231011_180944-777x1024.jpg 777w, https:\/\/blogsaverroes.juntadeandalucia.es\/eielreal\/files\/2023\/10\/IMG_20231011_180944-768x1013.jpg 768w, https:\/\/blogsaverroes.juntadeandalucia.es\/eielreal\/files\/2023\/10\/IMG_20231011_180944-1165x1536.jpg 1165w, https:\/\/blogsaverroes.juntadeandalucia.es\/eielreal\/files\/2023\/10\/IMG_20231011_180944-1553x2048.jpg 1553w, https:\/\/blogsaverroes.juntadeandalucia.es\/eielreal\/files\/2023\/10\/IMG_20231011_180944-700x923.jpg 700w, https:\/\/blogsaverroes.juntadeandalucia.es\/eielreal\/files\/2023\/10\/IMG_20231011_180944-scaled.jpg 1213w\" sizes=\"(max-width: 227px) 100vw, 227px\" \/><\/p>\n<p>Llegado el d\u00eda nos hemos reunido en el patio para dar inicio a la fiesta. Para ello, nos hemos ido saludando por grupos<\/p>\n<p><a href=\"https:\/\/blogsaverroes.juntadeandalucia.es\/eielreal\/files\/2023\/10\/3B_1-scaled.jpg\"><img loading=\"lazy\" decoding=\"async\" class=\"size-medium wp-image-38039 alignnone\" src=\"https:\/\/blogsaverroes.juntadeandalucia.es\/eielreal\/files\/2023\/10\/3B_1-300x225.jpg\" alt=\"\" width=\"300\" height=\"225\" srcset=\"https:\/\/blogsaverroes.juntadeandalucia.es\/eielreal\/files\/2023\/10\/3B_1-300x225.jpg 300w, https:\/\/blogsaverroes.juntadeandalucia.es\/eielreal\/files\/2023\/10\/3B_1-1024x768.jpg 1024w, https:\/\/blogsaverroes.juntadeandalucia.es\/eielreal\/files\/2023\/10\/3B_1-768x576.jpg 768w, https:\/\/blogsaverroes.juntadeandalucia.es\/eielreal\/files\/2023\/10\/3B_1-1536x1152.jpg 1536w, https:\/\/blogsaverroes.juntadeandalucia.es\/eielreal\/files\/2023\/10\/3B_1-2048x1536.jpg 2048w, https:\/\/blogsaverroes.juntadeandalucia.es\/eielreal\/files\/2023\/10\/3B_1-700x525.jpg 700w, https:\/\/blogsaverroes.juntadeandalucia.es\/eielreal\/files\/2023\/10\/3B_1-scaled.jpg 1600w\" sizes=\"(max-width: 300px) 100vw, 300px\" \/><\/a><\/p>\n<p><a href=\"https:\/\/blogsaverroes.juntadeandalucia.es\/eielreal\/files\/2023\/10\/4A_1.jpg\"><img loading=\"lazy\" decoding=\"async\" class=\"size-medium wp-image-38038 alignnone\" src=\"https:\/\/blogsaverroes.juntadeandalucia.es\/eielreal\/files\/2023\/10\/4A_1-300x226.jpg\" alt=\"\" width=\"300\" height=\"226\" srcset=\"https:\/\/blogsaverroes.juntadeandalucia.es\/eielreal\/files\/2023\/10\/4A_1-300x226.jpg 300w, https:\/\/blogsaverroes.juntadeandalucia.es\/eielreal\/files\/2023\/10\/4A_1-1024x771.jpg 1024w, https:\/\/blogsaverroes.juntadeandalucia.es\/eielreal\/files\/2023\/10\/4A_1-768x579.jpg 768w, https:\/\/blogsaverroes.juntadeandalucia.es\/eielreal\/files\/2023\/10\/4A_1-1536x1157.jpg 1536w, https:\/\/blogsaverroes.juntadeandalucia.es\/eielreal\/files\/2023\/10\/4A_1-700x527.jpg 700w, https:\/\/blogsaverroes.juntadeandalucia.es\/eielreal\/files\/2023\/10\/4A_1.jpg 1600w\" sizes=\"(max-width: 300px) 100vw, 300px\" \/><\/a><\/p>\n<p>y tan animados como est\u00e1bamos nos hemos dispuesto a bailar una canci\u00f3n sobre el oto\u00f1o a la que hemos acompa\u00f1ado de gestos y movimientos:<\/p>\n<div style=\"width: 848px;\" class=\"wp-video\"><!--[if lt IE 9]><script>document.createElement('video');<\/script><![endif]-->\n<video class=\"wp-video-shortcode\" id=\"video-38014-1\" width=\"848\" height=\"480\" preload=\"metadata\" controls=\"controls\"><source type=\"video\/mp4\" src=\"https:\/\/blogsaverroes.juntadeandalucia.es\/eielreal\/files\/2023\/10\/WhatsApp-Video-2023-10-11-at-15.22.19.mp4?_=1\" \/><a href=\"https:\/\/blogsaverroes.juntadeandalucia.es\/eielreal\/files\/2023\/10\/WhatsApp-Video-2023-10-11-at-15.22.19.mp4\">https:\/\/blogsaverroes.juntadeandalucia.es\/eielreal\/files\/2023\/10\/WhatsApp-Video-2023-10-11-at-15.22.19.mp4<\/a><\/video><\/div>\n<p>&nbsp;<\/p>\n<p>Terminado el baile hemos ido visitando los stands, escuchando todas la informaci\u00f3n sobre el producto que vamos a degustar: c\u00f3mo se llama y cu\u00e1l es el nombre del \u00e1rbol de d\u00f3nde se obtiene, qu\u00e9 color tiene, cu\u00e1l es su sabor y textura&#8230;los tocamos, los probamos, degustamos y&#8230;REPETIMOS!!!! Parece que est\u00e1n encantados con estos frutos del oto\u00f1o y se lo han comido TODO!!<\/p>\n<p><img loading=\"lazy\" decoding=\"async\" class=\"size-medium wp-image-38031 alignnone\" src=\"https:\/\/blogsaverroes.juntadeandalucia.es\/eielreal\/files\/2023\/10\/IMG_20231011_112042-300x224.jpg\" alt=\"\" width=\"300\" height=\"224\" srcset=\"https:\/\/blogsaverroes.juntadeandalucia.es\/eielreal\/files\/2023\/10\/IMG_20231011_112042-300x224.jpg 300w, https:\/\/blogsaverroes.juntadeandalucia.es\/eielreal\/files\/2023\/10\/IMG_20231011_112042-1024x766.jpg 1024w, https:\/\/blogsaverroes.juntadeandalucia.es\/eielreal\/files\/2023\/10\/IMG_20231011_112042-768x575.jpg 768w, https:\/\/blogsaverroes.juntadeandalucia.es\/eielreal\/files\/2023\/10\/IMG_20231011_112042-1536x1149.jpg 1536w, https:\/\/blogsaverroes.juntadeandalucia.es\/eielreal\/files\/2023\/10\/IMG_20231011_112042-2048x1532.jpg 2048w, https:\/\/blogsaverroes.juntadeandalucia.es\/eielreal\/files\/2023\/10\/IMG_20231011_112042-700x524.jpg 700w, https:\/\/blogsaverroes.juntadeandalucia.es\/eielreal\/files\/2023\/10\/IMG_20231011_112042-scaled.jpg 1600w\" sizes=\"(max-width: 300px) 100vw, 300px\" \/><\/p>\n<p><img loading=\"lazy\" decoding=\"async\" class=\"size-medium wp-image-38032 alignnone\" src=\"https:\/\/blogsaverroes.juntadeandalucia.es\/eielreal\/files\/2023\/10\/IMG20231011111007-300x225.jpg\" alt=\"\" width=\"300\" height=\"225\" srcset=\"https:\/\/blogsaverroes.juntadeandalucia.es\/eielreal\/files\/2023\/10\/IMG20231011111007-300x225.jpg 300w, https:\/\/blogsaverroes.juntadeandalucia.es\/eielreal\/files\/2023\/10\/IMG20231011111007-1024x768.jpg 1024w, https:\/\/blogsaverroes.juntadeandalucia.es\/eielreal\/files\/2023\/10\/IMG20231011111007-768x576.jpg 768w, https:\/\/blogsaverroes.juntadeandalucia.es\/eielreal\/files\/2023\/10\/IMG20231011111007-1536x1152.jpg 1536w, https:\/\/blogsaverroes.juntadeandalucia.es\/eielreal\/files\/2023\/10\/IMG20231011111007-2048x1536.jpg 2048w, https:\/\/blogsaverroes.juntadeandalucia.es\/eielreal\/files\/2023\/10\/IMG20231011111007-700x525.jpg 700w, https:\/\/blogsaverroes.juntadeandalucia.es\/eielreal\/files\/2023\/10\/IMG20231011111007-scaled.jpg 1600w\" sizes=\"(max-width: 300px) 100vw, 300px\" \/><\/p>\n<p>Los grupos han ido rotando entusiasmados por los pasillos en espera de conocer el nuevo fruto de oto\u00f1o a probar. En esta ocasi\u00f3n como han podido comprobar los frutos tratados han sido los carnosos.<\/p>\n<p><img loading=\"lazy\" decoding=\"async\" class=\"size-medium wp-image-38030 alignnone\" src=\"https:\/\/blogsaverroes.juntadeandalucia.es\/eielreal\/files\/2023\/10\/3-300x226.jpg\" alt=\"\" width=\"300\" height=\"226\" srcset=\"https:\/\/blogsaverroes.juntadeandalucia.es\/eielreal\/files\/2023\/10\/3-300x226.jpg 300w, https:\/\/blogsaverroes.juntadeandalucia.es\/eielreal\/files\/2023\/10\/3-1024x771.jpg 1024w, https:\/\/blogsaverroes.juntadeandalucia.es\/eielreal\/files\/2023\/10\/3-768x578.jpg 768w, https:\/\/blogsaverroes.juntadeandalucia.es\/eielreal\/files\/2023\/10\/3-1536x1157.jpg 1536w, https:\/\/blogsaverroes.juntadeandalucia.es\/eielreal\/files\/2023\/10\/3-700x527.jpg 700w, https:\/\/blogsaverroes.juntadeandalucia.es\/eielreal\/files\/2023\/10\/3.jpg 1600w\" sizes=\"(max-width: 300px) 100vw, 300px\" \/><\/p>\n<p><img loading=\"lazy\" decoding=\"async\" class=\"size-medium wp-image-38027 alignnone\" src=\"https:\/\/blogsaverroes.juntadeandalucia.es\/eielreal\/files\/2023\/10\/IMG20231011104622-300x225.jpg\" alt=\"\" width=\"300\" height=\"225\" srcset=\"https:\/\/blogsaverroes.juntadeandalucia.es\/eielreal\/files\/2023\/10\/IMG20231011104622-300x225.jpg 300w, https:\/\/blogsaverroes.juntadeandalucia.es\/eielreal\/files\/2023\/10\/IMG20231011104622-1024x768.jpg 1024w, https:\/\/blogsaverroes.juntadeandalucia.es\/eielreal\/files\/2023\/10\/IMG20231011104622-768x576.jpg 768w, https:\/\/blogsaverroes.juntadeandalucia.es\/eielreal\/files\/2023\/10\/IMG20231011104622-1536x1152.jpg 1536w, https:\/\/blogsaverroes.juntadeandalucia.es\/eielreal\/files\/2023\/10\/IMG20231011104622-2048x1536.jpg 2048w, https:\/\/blogsaverroes.juntadeandalucia.es\/eielreal\/files\/2023\/10\/IMG20231011104622-700x525.jpg 700w, https:\/\/blogsaverroes.juntadeandalucia.es\/eielreal\/files\/2023\/10\/IMG20231011104622-scaled.jpg 1600w\" sizes=\"(max-width: 300px) 100vw, 300px\" \/><\/p>\n<p><img loading=\"lazy\" decoding=\"async\" class=\"size-medium wp-image-38033 alignnone\" src=\"https:\/\/blogsaverroes.juntadeandalucia.es\/eielreal\/files\/2023\/10\/IMG_9397-225x300.jpg\" alt=\"\" width=\"225\" height=\"300\" srcset=\"https:\/\/blogsaverroes.juntadeandalucia.es\/eielreal\/files\/2023\/10\/IMG_9397-225x300.jpg 225w, https:\/\/blogsaverroes.juntadeandalucia.es\/eielreal\/files\/2023\/10\/IMG_9397-768x1024.jpg 768w, https:\/\/blogsaverroes.juntadeandalucia.es\/eielreal\/files\/2023\/10\/IMG_9397-1152x1536.jpg 1152w, https:\/\/blogsaverroes.juntadeandalucia.es\/eielreal\/files\/2023\/10\/IMG_9397-1536x2048.jpg 1536w, https:\/\/blogsaverroes.juntadeandalucia.es\/eielreal\/files\/2023\/10\/IMG_9397-700x933.jpg 700w, https:\/\/blogsaverroes.juntadeandalucia.es\/eielreal\/files\/2023\/10\/IMG_9397-scaled.jpg 1200w\" sizes=\"(max-width: 225px) 100vw, 225px\" \/><\/p>\n<p>Ha sido una experiencia muy gratificante, bonita y con gran \u00e9xito y que sin duda repetiremos en otra ocasi\u00f3n.<\/p>\n<p>Esperemos que a vosotros tambi\u00e9n os guste.<\/p>\n<p>Os dejamos este enlace al drive para que pod\u00e1is ver m\u00e1s fotos realizadas en este d\u00eda.<\/p>\n<p><a title=\"FIESTA DEL OTO\u00d1O 2023\" href=\"https:\/\/drive.google.com\/drive\/folders\/1kojrIGkwUc9b1hjmws5W9yn23v94L4UV?usp=sharing\">https:\/\/drive.google.com\/drive\/folders\/1kojrIGkwUc9b1hjmws5W9yn23v94L4UV?usp=sharing<\/a><\/p>\n<p>Un saludo&nbsp;<\/p>\n<p>El Equipo Educativo de la Escuela El Real<\/p>\n<p>&nbsp;<\/p>\n<p>&nbsp;<\/p>\n<p>&nbsp;<\/p>\n","protected":false},"excerpt":{"rendered":"<p>Este martes en nuestro colegio hemos celebrado la FIESTA DEL OTO\u00d1O. Al igual que en el anterior curso nuestras coordinadoras de planes y programas implementados en nuestro centro han organizado esta fiesta a fin&#46;&#46;&#46;<\/p>\n","protected":false},"author":1886,"featured_media":38052,"comment_status":"open","ping_status":"open","sticky":false,"template":"","format":"standard","meta":{"ngg_post_thumbnail":0,"footnotes":""},"categories":[1705,1740709,3981,962,11909],"tags":[1740648],"aioseo_notices":[],"_links":{"self":[{"href":"https:\/\/blogsaverroes.juntadeandalucia.es\/eielreal\/wp-json\/wp\/v2\/posts\/38014"}],"collection":[{"href":"https:\/\/blogsaverroes.juntadeandalucia.es\/eielreal\/wp-json\/wp\/v2\/posts"}],"about":[{"href":"https:\/\/blogsaverroes.juntadeandalucia.es\/eielreal\/wp-json\/wp\/v2\/types\/post"}],"author":[{"embeddable":true,"href":"https:\/\/blogsaverroes.juntadeandalucia.es\/eielreal\/wp-json\/wp\/v2\/users\/1886"}],"replies":[{"embeddable":true,"href":"https:\/\/blogsaverroes.juntadeandalucia.es\/eielreal\/wp-json\/wp\/v2\/comments?post=38014"}],"version-history":[{"count":4,"href":"https:\/\/blogsaverroes.juntadeandalucia.es\/eielreal\/wp-json\/wp\/v2\/posts\/38014\/revisions"}],"predecessor-version":[{"id":38055,"href":"https:\/\/blogsaverroes.juntadeandalucia.es\/eielreal\/wp-json\/wp\/v2\/posts\/38014\/revisions\/38055"}],"wp:featuredmedia":[{"embeddable":true,"href":"https:\/\/blogsaverroes.juntadeandalucia.es\/eielreal\/wp-json\/wp\/v2\/media\/38052"}],"wp:attachment":[{"href":"https:\/\/blogsaverroes.juntadeandalucia.es\/eielreal\/wp-json\/wp\/v2\/media?parent=38014"}],"wp:term":[{"taxonomy":"category","embeddable":true,"href":"https:\/\/blogsaverroes.juntadeandalucia.es\/eielreal\/wp-json\/wp\/v2\/categories?post=38014"},{"taxonomy":"post_tag","embeddable":true,"href":"https:\/\/blogsaverroes.juntadeandalucia.es\/eielreal\/wp-json\/wp\/v2\/tags?post=38014"}],"curies":[{"name":"wp","href":"https:\/\/api.w.org\/{rel}","templated":true}]}}