{"id":38626,"date":"2024-02-25T14:59:26","date_gmt":"2024-02-25T14:59:26","guid":{"rendered":"https:\/\/blogsaverroes.juntadeandalucia.es\/eielreal\/?p=38626"},"modified":"2024-02-28T10:10:00","modified_gmt":"2024-02-28T10:10:00","slug":"dia-de-andalucia","status":"publish","type":"post","link":"https:\/\/blogsaverroes.juntadeandalucia.es\/eielreal\/dia-de-andalucia\/","title":{"rendered":"DIA DE ANDALUCIA"},"content":{"rendered":"<h4 style=\"text-align: justify\"><span style=\"color: #000000\">E<\/span><span style=\"color: #339966\"><span style=\"color: #000000\">l<\/span> <\/span><strong><span style=\"color: #339966\">28 de febrero de 1980<\/span><\/strong>, se celebr\u00f3 el hist\u00f3rico refer\u00e9ndum sobre la iniciativa del proceso auton\u00f3mico en Andaluc\u00eda siguiendo la v\u00eda establecida en el art\u00edculo 151 de la Constituci\u00f3n Espa\u00f1ola.<\/h4>\n<p style=\"text-align: justify\"><img loading=\"lazy\" decoding=\"async\" class=\"aligncenter size-medium wp-image-38629\" src=\"https:\/\/blogsaverroes.juntadeandalucia.es\/eielreal\/files\/2024\/02\/WhatsApp-Image-2024-02-23-at-15.29.44-1-300x225.jpeg\" alt=\"\" width=\"300\" height=\"225\" srcset=\"https:\/\/blogsaverroes.juntadeandalucia.es\/eielreal\/files\/2024\/02\/WhatsApp-Image-2024-02-23-at-15.29.44-1-300x225.jpeg 300w, https:\/\/blogsaverroes.juntadeandalucia.es\/eielreal\/files\/2024\/02\/WhatsApp-Image-2024-02-23-at-15.29.44-1-1024x768.jpeg 1024w, https:\/\/blogsaverroes.juntadeandalucia.es\/eielreal\/files\/2024\/02\/WhatsApp-Image-2024-02-23-at-15.29.44-1-768x576.jpeg 768w, https:\/\/blogsaverroes.juntadeandalucia.es\/eielreal\/files\/2024\/02\/WhatsApp-Image-2024-02-23-at-15.29.44-1-1536x1152.jpeg 1536w, https:\/\/blogsaverroes.juntadeandalucia.es\/eielreal\/files\/2024\/02\/WhatsApp-Image-2024-02-23-at-15.29.44-1-700x525.jpeg 700w, https:\/\/blogsaverroes.juntadeandalucia.es\/eielreal\/files\/2024\/02\/WhatsApp-Image-2024-02-23-at-15.29.44-1.jpeg 1600w\" sizes=\"(max-width: 300px) 100vw, 300px\" \/><\/p>\n<h4 style=\"text-align: justify\">Dicho hito tiene lugar fruto de un proceso hist\u00f3rico que tuvo su reflejo, previamente, en las<strong><span style=\"color: #339966\"> multitudinarias manifestaciones populares del 4 de diciembre de 1977<\/span><\/strong>. En dicha consulta los andaluces y andaluzas decidieron acerca de su derecho a tener un autogobierno pleno, consigui\u00e9ndose una participaci\u00f3n y una gran movilizaci\u00f3n popular. Un a\u00f1o m\u00e1s tarde<strong><span style=\"color: #339966\"> la propuesta del Estatuto de Andaluc\u00eda fue sometida a refer\u00e9ndum y aprobada el 20 de octubre de 1981.<\/span>&nbsp;<\/strong><img loading=\"lazy\" decoding=\"async\" class=\"aligncenter size-medium wp-image-38632\" src=\"https:\/\/blogsaverroes.juntadeandalucia.es\/eielreal\/files\/2024\/02\/IMG_2966-225x300.jpg\" alt=\"\" width=\"225\" height=\"300\" srcset=\"https:\/\/blogsaverroes.juntadeandalucia.es\/eielreal\/files\/2024\/02\/IMG_2966-225x300.jpg 225w, https:\/\/blogsaverroes.juntadeandalucia.es\/eielreal\/files\/2024\/02\/IMG_2966-768x1024.jpg 768w, https:\/\/blogsaverroes.juntadeandalucia.es\/eielreal\/files\/2024\/02\/IMG_2966-1152x1536.jpg 1152w, https:\/\/blogsaverroes.juntadeandalucia.es\/eielreal\/files\/2024\/02\/IMG_2966-1536x2048.jpg 1536w, https:\/\/blogsaverroes.juntadeandalucia.es\/eielreal\/files\/2024\/02\/IMG_2966-700x933.jpg 700w, https:\/\/blogsaverroes.juntadeandalucia.es\/eielreal\/files\/2024\/02\/IMG_2966-scaled.jpg 1200w\" sizes=\"(max-width: 225px) 100vw, 225px\" \/><\/h4>\n<p style=\"text-align: justify\">La conmemoraci\u00f3n del D\u00eda de Andaluc\u00eda en todos los centros andaluces tiene como objetivo promover el conocimiento y la reflexi\u00f3n en torno al proceso hist\u00f3rico y la realidad andaluza actual con el objetivo de fomentar la participaci\u00f3n pol\u00edtica y social y profundizar en los principios c\u00edvicos y democr\u00e1ticos en los que descansa nuestra convivencia. Por lo tanto y con la autonom\u00eda pedag\u00f3gica, de organizaci\u00f3n y de gesti\u00f3n que se nos confiere nuestro <strong>AMPA El Real Karmo<\/strong> <a href=\"https:\/\/blogsaverroes.juntadeandalucia.es\/eielreal\/files\/2024\/02\/WhatsApp-Image-2024-02-24-at-22.05.53.jpeg\"><img loading=\"lazy\" decoding=\"async\" class=\"aligncenter size-medium wp-image-38638\" src=\"https:\/\/blogsaverroes.juntadeandalucia.es\/eielreal\/files\/2024\/02\/WhatsApp-Image-2024-02-24-at-22.05.53-300x225.jpeg\" alt=\"\" width=\"300\" height=\"225\" srcset=\"https:\/\/blogsaverroes.juntadeandalucia.es\/eielreal\/files\/2024\/02\/WhatsApp-Image-2024-02-24-at-22.05.53-300x225.jpeg 300w, https:\/\/blogsaverroes.juntadeandalucia.es\/eielreal\/files\/2024\/02\/WhatsApp-Image-2024-02-24-at-22.05.53-1024x768.jpeg 1024w, https:\/\/blogsaverroes.juntadeandalucia.es\/eielreal\/files\/2024\/02\/WhatsApp-Image-2024-02-24-at-22.05.53-768x576.jpeg 768w, https:\/\/blogsaverroes.juntadeandalucia.es\/eielreal\/files\/2024\/02\/WhatsApp-Image-2024-02-24-at-22.05.53-1536x1152.jpeg 1536w, https:\/\/blogsaverroes.juntadeandalucia.es\/eielreal\/files\/2024\/02\/WhatsApp-Image-2024-02-24-at-22.05.53-700x525.jpeg 700w, https:\/\/blogsaverroes.juntadeandalucia.es\/eielreal\/files\/2024\/02\/WhatsApp-Image-2024-02-24-at-22.05.53.jpeg 1600w\" sizes=\"(max-width: 300px) 100vw, 300px\" \/><\/a><\/p>\n<p style=\"text-align: justify\">ha programado las actividades que ha continuaci\u00f3n os mostramos para la conmemoraci\u00f3n del D\u00eda de Andaluc\u00eda y a la que hemos titulado:<\/p>\n<blockquote>\n<h3 style=\"text-align: center\"><strong><span style=\"color: #339966\">ANDALUCIA CON LOS 5 SENTIDOS<\/span><\/strong><\/h3>\n<\/blockquote>\n<p style=\"text-align: justify\"><em>Alrededor de todo el cole han ido mostrando los rasgos principales de cada una de las 8 provincias que constituyen nuestra comunidad a la par , han ido mostrando elementos&nbsp; andaluces perceptibles a trav\u00e9s de las sensaciones que se detectan por nuestros sentidos:<\/em><\/p>\n<h4 style=\"text-align: justify\"><strong>VISTA:<\/strong><\/h4>\n<p style=\"text-align: justify\"><a href=\"https:\/\/blogsaverroes.juntadeandalucia.es\/eielreal\/files\/2024\/02\/WhatsApp-Image-2024-02-23-at-16.33.44.jpeg\"><img loading=\"lazy\" decoding=\"async\" class=\"aligncenter size-medium wp-image-38641\" src=\"https:\/\/blogsaverroes.juntadeandalucia.es\/eielreal\/files\/2024\/02\/WhatsApp-Image-2024-02-23-at-16.33.44-300x135.jpeg\" alt=\"\" width=\"300\" height=\"135\" srcset=\"https:\/\/blogsaverroes.juntadeandalucia.es\/eielreal\/files\/2024\/02\/WhatsApp-Image-2024-02-23-at-16.33.44-300x135.jpeg 300w, https:\/\/blogsaverroes.juntadeandalucia.es\/eielreal\/files\/2024\/02\/WhatsApp-Image-2024-02-23-at-16.33.44-1024x460.jpeg 1024w, https:\/\/blogsaverroes.juntadeandalucia.es\/eielreal\/files\/2024\/02\/WhatsApp-Image-2024-02-23-at-16.33.44-768x345.jpeg 768w, https:\/\/blogsaverroes.juntadeandalucia.es\/eielreal\/files\/2024\/02\/WhatsApp-Image-2024-02-23-at-16.33.44-1536x690.jpeg 1536w, https:\/\/blogsaverroes.juntadeandalucia.es\/eielreal\/files\/2024\/02\/WhatsApp-Image-2024-02-23-at-16.33.44-700x315.jpeg 700w, https:\/\/blogsaverroes.juntadeandalucia.es\/eielreal\/files\/2024\/02\/WhatsApp-Image-2024-02-23-at-16.33.44.jpeg 1600w\" sizes=\"(max-width: 300px) 100vw, 300px\" \/><\/a><\/p>\n<p style=\"text-align: justify\"><img loading=\"lazy\" decoding=\"async\" class=\"aligncenter size-medium wp-image-38639\" src=\"https:\/\/blogsaverroes.juntadeandalucia.es\/eielreal\/files\/2024\/02\/20240223_131846-300x225.jpg\" alt=\"\" width=\"300\" height=\"225\" srcset=\"https:\/\/blogsaverroes.juntadeandalucia.es\/eielreal\/files\/2024\/02\/20240223_131846-300x225.jpg 300w, https:\/\/blogsaverroes.juntadeandalucia.es\/eielreal\/files\/2024\/02\/20240223_131846-1024x768.jpg 1024w, https:\/\/blogsaverroes.juntadeandalucia.es\/eielreal\/files\/2024\/02\/20240223_131846-768x576.jpg 768w, https:\/\/blogsaverroes.juntadeandalucia.es\/eielreal\/files\/2024\/02\/20240223_131846-1536x1152.jpg 1536w, https:\/\/blogsaverroes.juntadeandalucia.es\/eielreal\/files\/2024\/02\/20240223_131846-2048x1536.jpg 2048w, https:\/\/blogsaverroes.juntadeandalucia.es\/eielreal\/files\/2024\/02\/20240223_131846-700x525.jpg 700w, https:\/\/blogsaverroes.juntadeandalucia.es\/eielreal\/files\/2024\/02\/20240223_131846-scaled.jpg 1600w\" sizes=\"(max-width: 300px) 100vw, 300px\" \/> <a href=\"https:\/\/blogsaverroes.juntadeandalucia.es\/eielreal\/files\/2024\/02\/IMG_3005-scaled.jpg\"><img loading=\"lazy\" decoding=\"async\" class=\"aligncenter size-medium wp-image-38640\" src=\"https:\/\/blogsaverroes.juntadeandalucia.es\/eielreal\/files\/2024\/02\/IMG_3005-300x225.jpg\" alt=\"\" width=\"300\" height=\"225\" srcset=\"https:\/\/blogsaverroes.juntadeandalucia.es\/eielreal\/files\/2024\/02\/IMG_3005-300x225.jpg 300w, https:\/\/blogsaverroes.juntadeandalucia.es\/eielreal\/files\/2024\/02\/IMG_3005-1024x768.jpg 1024w, https:\/\/blogsaverroes.juntadeandalucia.es\/eielreal\/files\/2024\/02\/IMG_3005-768x576.jpg 768w, https:\/\/blogsaverroes.juntadeandalucia.es\/eielreal\/files\/2024\/02\/IMG_3005-1536x1152.jpg 1536w, https:\/\/blogsaverroes.juntadeandalucia.es\/eielreal\/files\/2024\/02\/IMG_3005-2048x1536.jpg 2048w, https:\/\/blogsaverroes.juntadeandalucia.es\/eielreal\/files\/2024\/02\/IMG_3005-700x525.jpg 700w, https:\/\/blogsaverroes.juntadeandalucia.es\/eielreal\/files\/2024\/02\/IMG_3005-scaled.jpg 1600w\" sizes=\"(max-width: 300px) 100vw, 300px\" \/><\/a><\/p>\n<h4 style=\"text-align: justify\"><strong>OLFATO:<\/strong><img loading=\"lazy\" decoding=\"async\" class=\"aligncenter size-medium wp-image-38642\" src=\"https:\/\/blogsaverroes.juntadeandalucia.es\/eielreal\/files\/2024\/02\/WhatsApp-Image-2024-02-23-at-16.33.43-300x251.jpeg\" alt=\"\" width=\"300\" height=\"251\" srcset=\"https:\/\/blogsaverroes.juntadeandalucia.es\/eielreal\/files\/2024\/02\/WhatsApp-Image-2024-02-23-at-16.33.43-300x251.jpeg 300w, https:\/\/blogsaverroes.juntadeandalucia.es\/eielreal\/files\/2024\/02\/WhatsApp-Image-2024-02-23-at-16.33.43-1024x858.jpeg 1024w, https:\/\/blogsaverroes.juntadeandalucia.es\/eielreal\/files\/2024\/02\/WhatsApp-Image-2024-02-23-at-16.33.43-768x644.jpeg 768w, https:\/\/blogsaverroes.juntadeandalucia.es\/eielreal\/files\/2024\/02\/WhatsApp-Image-2024-02-23-at-16.33.43-1536x1287.jpeg 1536w, https:\/\/blogsaverroes.juntadeandalucia.es\/eielreal\/files\/2024\/02\/WhatsApp-Image-2024-02-23-at-16.33.43-700x587.jpeg 700w, https:\/\/blogsaverroes.juntadeandalucia.es\/eielreal\/files\/2024\/02\/WhatsApp-Image-2024-02-23-at-16.33.43.jpeg 1600w\" sizes=\"(max-width: 300px) 100vw, 300px\" \/><img loading=\"lazy\" decoding=\"async\" class=\"aligncenter size-medium wp-image-38647\" src=\"https:\/\/blogsaverroes.juntadeandalucia.es\/eielreal\/files\/2024\/02\/WhatsApp-Image-2024-02-23-at-15.20.05-2-300x146.jpeg\" alt=\"\" width=\"300\" height=\"146\" srcset=\"https:\/\/blogsaverroes.juntadeandalucia.es\/eielreal\/files\/2024\/02\/WhatsApp-Image-2024-02-23-at-15.20.05-2-300x146.jpeg 300w, https:\/\/blogsaverroes.juntadeandalucia.es\/eielreal\/files\/2024\/02\/WhatsApp-Image-2024-02-23-at-15.20.05-2-1024x498.jpeg 1024w, https:\/\/blogsaverroes.juntadeandalucia.es\/eielreal\/files\/2024\/02\/WhatsApp-Image-2024-02-23-at-15.20.05-2-768x373.jpeg 768w, https:\/\/blogsaverroes.juntadeandalucia.es\/eielreal\/files\/2024\/02\/WhatsApp-Image-2024-02-23-at-15.20.05-2-1536x747.jpeg 1536w, https:\/\/blogsaverroes.juntadeandalucia.es\/eielreal\/files\/2024\/02\/WhatsApp-Image-2024-02-23-at-15.20.05-2-700x340.jpeg 700w, https:\/\/blogsaverroes.juntadeandalucia.es\/eielreal\/files\/2024\/02\/WhatsApp-Image-2024-02-23-at-15.20.05-2.jpeg 1600w\" sizes=\"(max-width: 300px) 100vw, 300px\" \/><\/h4>\n<p style=\"text-align: justify\"><a href=\"https:\/\/blogsaverroes.juntadeandalucia.es\/eielreal\/files\/2024\/02\/20240223_132445-scaled.jpg\"><img loading=\"lazy\" decoding=\"async\" class=\"aligncenter size-medium wp-image-38644\" src=\"https:\/\/blogsaverroes.juntadeandalucia.es\/eielreal\/files\/2024\/02\/20240223_132445-300x225.jpg\" alt=\"\" width=\"300\" height=\"225\" srcset=\"https:\/\/blogsaverroes.juntadeandalucia.es\/eielreal\/files\/2024\/02\/20240223_132445-300x225.jpg 300w, https:\/\/blogsaverroes.juntadeandalucia.es\/eielreal\/files\/2024\/02\/20240223_132445-1024x768.jpg 1024w, https:\/\/blogsaverroes.juntadeandalucia.es\/eielreal\/files\/2024\/02\/20240223_132445-768x576.jpg 768w, https:\/\/blogsaverroes.juntadeandalucia.es\/eielreal\/files\/2024\/02\/20240223_132445-1536x1152.jpg 1536w, https:\/\/blogsaverroes.juntadeandalucia.es\/eielreal\/files\/2024\/02\/20240223_132445-2048x1536.jpg 2048w, https:\/\/blogsaverroes.juntadeandalucia.es\/eielreal\/files\/2024\/02\/20240223_132445-700x525.jpg 700w, https:\/\/blogsaverroes.juntadeandalucia.es\/eielreal\/files\/2024\/02\/20240223_132445-scaled.jpg 1600w\" sizes=\"(max-width: 300px) 100vw, 300px\" \/><\/a> <a href=\"https:\/\/blogsaverroes.juntadeandalucia.es\/eielreal\/files\/2024\/02\/IMG_20240223_125230-scaled.jpg\"><img loading=\"lazy\" decoding=\"async\" class=\"aligncenter size-medium wp-image-38645\" src=\"https:\/\/blogsaverroes.juntadeandalucia.es\/eielreal\/files\/2024\/02\/IMG_20240223_125230-300x226.jpg\" alt=\"\" width=\"300\" height=\"226\" srcset=\"https:\/\/blogsaverroes.juntadeandalucia.es\/eielreal\/files\/2024\/02\/IMG_20240223_125230-300x226.jpg 300w, https:\/\/blogsaverroes.juntadeandalucia.es\/eielreal\/files\/2024\/02\/IMG_20240223_125230-1024x771.jpg 1024w, https:\/\/blogsaverroes.juntadeandalucia.es\/eielreal\/files\/2024\/02\/IMG_20240223_125230-768x578.jpg 768w, https:\/\/blogsaverroes.juntadeandalucia.es\/eielreal\/files\/2024\/02\/IMG_20240223_125230-1536x1157.jpg 1536w, https:\/\/blogsaverroes.juntadeandalucia.es\/eielreal\/files\/2024\/02\/IMG_20240223_125230-2048x1542.jpg 2048w, https:\/\/blogsaverroes.juntadeandalucia.es\/eielreal\/files\/2024\/02\/IMG_20240223_125230-700x527.jpg 700w, https:\/\/blogsaverroes.juntadeandalucia.es\/eielreal\/files\/2024\/02\/IMG_20240223_125230-scaled.jpg 1600w\" sizes=\"(max-width: 300px) 100vw, 300px\" \/><\/a><\/p>\n<h4><strong>TACTO:<\/strong><img loading=\"lazy\" decoding=\"async\" class=\"aligncenter size-medium wp-image-38648\" src=\"https:\/\/blogsaverroes.juntadeandalucia.es\/eielreal\/files\/2024\/02\/WhatsApp-Image-2024-02-23-at-16.33.44-3-300x189.jpeg\" alt=\"\" width=\"300\" height=\"189\" srcset=\"https:\/\/blogsaverroes.juntadeandalucia.es\/eielreal\/files\/2024\/02\/WhatsApp-Image-2024-02-23-at-16.33.44-3-300x189.jpeg 300w, https:\/\/blogsaverroes.juntadeandalucia.es\/eielreal\/files\/2024\/02\/WhatsApp-Image-2024-02-23-at-16.33.44-3-1024x645.jpeg 1024w, https:\/\/blogsaverroes.juntadeandalucia.es\/eielreal\/files\/2024\/02\/WhatsApp-Image-2024-02-23-at-16.33.44-3-768x484.jpeg 768w, https:\/\/blogsaverroes.juntadeandalucia.es\/eielreal\/files\/2024\/02\/WhatsApp-Image-2024-02-23-at-16.33.44-3-1536x968.jpeg 1536w, https:\/\/blogsaverroes.juntadeandalucia.es\/eielreal\/files\/2024\/02\/WhatsApp-Image-2024-02-23-at-16.33.44-3-700x441.jpeg 700w, https:\/\/blogsaverroes.juntadeandalucia.es\/eielreal\/files\/2024\/02\/WhatsApp-Image-2024-02-23-at-16.33.44-3.jpeg 1600w\" sizes=\"(max-width: 300px) 100vw, 300px\" \/><img loading=\"lazy\" decoding=\"async\" class=\"aligncenter size-medium wp-image-38646\" src=\"https:\/\/blogsaverroes.juntadeandalucia.es\/eielreal\/files\/2024\/02\/WhatsApp-Image-2024-02-23-at-15.20.05-3-300x146.jpeg\" alt=\"\" width=\"300\" height=\"146\" srcset=\"https:\/\/blogsaverroes.juntadeandalucia.es\/eielreal\/files\/2024\/02\/WhatsApp-Image-2024-02-23-at-15.20.05-3-300x146.jpeg 300w, https:\/\/blogsaverroes.juntadeandalucia.es\/eielreal\/files\/2024\/02\/WhatsApp-Image-2024-02-23-at-15.20.05-3-1024x498.jpeg 1024w, https:\/\/blogsaverroes.juntadeandalucia.es\/eielreal\/files\/2024\/02\/WhatsApp-Image-2024-02-23-at-15.20.05-3-768x373.jpeg 768w, https:\/\/blogsaverroes.juntadeandalucia.es\/eielreal\/files\/2024\/02\/WhatsApp-Image-2024-02-23-at-15.20.05-3-1536x747.jpeg 1536w, https:\/\/blogsaverroes.juntadeandalucia.es\/eielreal\/files\/2024\/02\/WhatsApp-Image-2024-02-23-at-15.20.05-3-700x340.jpeg 700w, https:\/\/blogsaverroes.juntadeandalucia.es\/eielreal\/files\/2024\/02\/WhatsApp-Image-2024-02-23-at-15.20.05-3.jpeg 1600w\" sizes=\"(max-width: 300px) 100vw, 300px\" \/><a href=\"https:\/\/blogsaverroes.juntadeandalucia.es\/eielreal\/files\/2024\/02\/20240223_133053-scaled.jpg\"><img loading=\"lazy\" decoding=\"async\" class=\"aligncenter size-medium wp-image-38649\" src=\"https:\/\/blogsaverroes.juntadeandalucia.es\/eielreal\/files\/2024\/02\/20240223_133053-300x225.jpg\" alt=\"\" width=\"300\" height=\"225\" srcset=\"https:\/\/blogsaverroes.juntadeandalucia.es\/eielreal\/files\/2024\/02\/20240223_133053-300x225.jpg 300w, https:\/\/blogsaverroes.juntadeandalucia.es\/eielreal\/files\/2024\/02\/20240223_133053-1024x768.jpg 1024w, https:\/\/blogsaverroes.juntadeandalucia.es\/eielreal\/files\/2024\/02\/20240223_133053-768x576.jpg 768w, https:\/\/blogsaverroes.juntadeandalucia.es\/eielreal\/files\/2024\/02\/20240223_133053-1536x1152.jpg 1536w, https:\/\/blogsaverroes.juntadeandalucia.es\/eielreal\/files\/2024\/02\/20240223_133053-2048x1536.jpg 2048w, https:\/\/blogsaverroes.juntadeandalucia.es\/eielreal\/files\/2024\/02\/20240223_133053-700x525.jpg 700w, https:\/\/blogsaverroes.juntadeandalucia.es\/eielreal\/files\/2024\/02\/20240223_133053-scaled.jpg 1600w\" sizes=\"(max-width: 300px) 100vw, 300px\" \/><\/a><strong>GUSTO:<\/strong><\/h4>\n<p style=\"text-align: justify\"><img loading=\"lazy\" decoding=\"async\" class=\"aligncenter size-medium wp-image-38652\" src=\"https:\/\/blogsaverroes.juntadeandalucia.es\/eielreal\/files\/2024\/02\/WhatsApp-Image-2024-02-23-at-16.33.44-2-300x239.jpeg\" alt=\"\" width=\"300\" height=\"239\" srcset=\"https:\/\/blogsaverroes.juntadeandalucia.es\/eielreal\/files\/2024\/02\/WhatsApp-Image-2024-02-23-at-16.33.44-2-300x239.jpeg 300w, https:\/\/blogsaverroes.juntadeandalucia.es\/eielreal\/files\/2024\/02\/WhatsApp-Image-2024-02-23-at-16.33.44-2-1024x815.jpeg 1024w, https:\/\/blogsaverroes.juntadeandalucia.es\/eielreal\/files\/2024\/02\/WhatsApp-Image-2024-02-23-at-16.33.44-2-768x611.jpeg 768w, https:\/\/blogsaverroes.juntadeandalucia.es\/eielreal\/files\/2024\/02\/WhatsApp-Image-2024-02-23-at-16.33.44-2-1536x1222.jpeg 1536w, https:\/\/blogsaverroes.juntadeandalucia.es\/eielreal\/files\/2024\/02\/WhatsApp-Image-2024-02-23-at-16.33.44-2-700x557.jpeg 700w, https:\/\/blogsaverroes.juntadeandalucia.es\/eielreal\/files\/2024\/02\/WhatsApp-Image-2024-02-23-at-16.33.44-2.jpeg 1600w\" sizes=\"(max-width: 300px) 100vw, 300px\" \/><\/p>\n<div style=\"width: 412px;\" class=\"wp-video\"><!--[if lt IE 9]><script>document.createElement('video');<\/script><![endif]-->\n<video class=\"wp-video-shortcode\" id=\"video-38626-1\" width=\"412\" height=\"850\" preload=\"metadata\" controls=\"controls\"><source type=\"video\/mp4\" src=\"https:\/\/blogsaverroes.juntadeandalucia.es\/eielreal\/files\/2024\/02\/WhatsApp-Video-2024-02-23-at-15.20.05-1.mp4?_=1\" \/><a href=\"https:\/\/blogsaverroes.juntadeandalucia.es\/eielreal\/files\/2024\/02\/WhatsApp-Video-2024-02-23-at-15.20.05-1.mp4\">https:\/\/blogsaverroes.juntadeandalucia.es\/eielreal\/files\/2024\/02\/WhatsApp-Video-2024-02-23-at-15.20.05-1.mp4<\/a><\/video><\/div>\n<h4 style=\"text-align: justify\"><img loading=\"lazy\" decoding=\"async\" class=\"aligncenter size-medium wp-image-38650\" src=\"https:\/\/blogsaverroes.juntadeandalucia.es\/eielreal\/files\/2024\/02\/1708689909048-300x225.jpg\" alt=\"\" width=\"300\" height=\"225\" srcset=\"https:\/\/blogsaverroes.juntadeandalucia.es\/eielreal\/files\/2024\/02\/1708689909048-300x225.jpg 300w, https:\/\/blogsaverroes.juntadeandalucia.es\/eielreal\/files\/2024\/02\/1708689909048-1024x769.jpg 1024w, https:\/\/blogsaverroes.juntadeandalucia.es\/eielreal\/files\/2024\/02\/1708689909048-768x577.jpg 768w, https:\/\/blogsaverroes.juntadeandalucia.es\/eielreal\/files\/2024\/02\/1708689909048-1536x1153.jpg 1536w, https:\/\/blogsaverroes.juntadeandalucia.es\/eielreal\/files\/2024\/02\/1708689909048-2048x1538.jpg 2048w, https:\/\/blogsaverroes.juntadeandalucia.es\/eielreal\/files\/2024\/02\/1708689909048-700x526.jpg 700w, https:\/\/blogsaverroes.juntadeandalucia.es\/eielreal\/files\/2024\/02\/1708689909048-scaled.jpg 1600w\" sizes=\"(max-width: 300px) 100vw, 300px\" \/><strong>OIDO:<\/strong><img loading=\"lazy\" decoding=\"async\" class=\"aligncenter size-medium wp-image-38653\" src=\"https:\/\/blogsaverroes.juntadeandalucia.es\/eielreal\/files\/2024\/02\/WhatsApp-Image-2024-02-23-at-15.20.05-1-300x146.jpeg\" alt=\"\" width=\"300\" height=\"146\" srcset=\"https:\/\/blogsaverroes.juntadeandalucia.es\/eielreal\/files\/2024\/02\/WhatsApp-Image-2024-02-23-at-15.20.05-1-300x146.jpeg 300w, https:\/\/blogsaverroes.juntadeandalucia.es\/eielreal\/files\/2024\/02\/WhatsApp-Image-2024-02-23-at-15.20.05-1-1024x498.jpeg 1024w, https:\/\/blogsaverroes.juntadeandalucia.es\/eielreal\/files\/2024\/02\/WhatsApp-Image-2024-02-23-at-15.20.05-1-768x373.jpeg 768w, https:\/\/blogsaverroes.juntadeandalucia.es\/eielreal\/files\/2024\/02\/WhatsApp-Image-2024-02-23-at-15.20.05-1-1536x747.jpeg 1536w, https:\/\/blogsaverroes.juntadeandalucia.es\/eielreal\/files\/2024\/02\/WhatsApp-Image-2024-02-23-at-15.20.05-1-700x340.jpeg 700w, https:\/\/blogsaverroes.juntadeandalucia.es\/eielreal\/files\/2024\/02\/WhatsApp-Image-2024-02-23-at-15.20.05-1.jpeg 1600w\" sizes=\"(max-width: 300px) 100vw, 300px\" \/><\/h4>\n<p style=\"text-align: justify\"><img loading=\"lazy\" decoding=\"async\" class=\"aligncenter size-medium wp-image-38654\" src=\"https:\/\/blogsaverroes.juntadeandalucia.es\/eielreal\/files\/2024\/02\/IMG20240223125326-300x225.jpg\" alt=\"\" width=\"300\" height=\"225\" srcset=\"https:\/\/blogsaverroes.juntadeandalucia.es\/eielreal\/files\/2024\/02\/IMG20240223125326-300x225.jpg 300w, https:\/\/blogsaverroes.juntadeandalucia.es\/eielreal\/files\/2024\/02\/IMG20240223125326-1024x768.jpg 1024w, https:\/\/blogsaverroes.juntadeandalucia.es\/eielreal\/files\/2024\/02\/IMG20240223125326-768x576.jpg 768w, https:\/\/blogsaverroes.juntadeandalucia.es\/eielreal\/files\/2024\/02\/IMG20240223125326-1536x1152.jpg 1536w, https:\/\/blogsaverroes.juntadeandalucia.es\/eielreal\/files\/2024\/02\/IMG20240223125326-2048x1536.jpg 2048w, https:\/\/blogsaverroes.juntadeandalucia.es\/eielreal\/files\/2024\/02\/IMG20240223125326-700x525.jpg 700w, https:\/\/blogsaverroes.juntadeandalucia.es\/eielreal\/files\/2024\/02\/IMG20240223125326-scaled.jpg 1600w\" sizes=\"(max-width: 300px) 100vw, 300px\" \/><\/p>\n<div style=\"width: 412px;\" class=\"wp-video\"><video class=\"wp-video-shortcode\" id=\"video-38626-2\" width=\"412\" height=\"850\" preload=\"metadata\" controls=\"controls\"><source type=\"video\/mp4\" src=\"https:\/\/blogsaverroes.juntadeandalucia.es\/eielreal\/files\/2024\/02\/WhatsApp-Video-2024-02-23-at-15.20.04-1.mp4?_=2\" \/><a href=\"https:\/\/blogsaverroes.juntadeandalucia.es\/eielreal\/files\/2024\/02\/WhatsApp-Video-2024-02-23-at-15.20.04-1.mp4\">https:\/\/blogsaverroes.juntadeandalucia.es\/eielreal\/files\/2024\/02\/WhatsApp-Video-2024-02-23-at-15.20.04-1.mp4<\/a><\/video><\/div>\n<p style=\"text-align: justify\"><a href=\"https:\/\/blogsaverroes.juntadeandalucia.es\/eielreal\/files\/2024\/02\/1708689908941-scaled.jpg\"><img loading=\"lazy\" decoding=\"async\" class=\"aligncenter size-medium wp-image-38655\" src=\"https:\/\/blogsaverroes.juntadeandalucia.es\/eielreal\/files\/2024\/02\/1708689908941-300x225.jpg\" alt=\"\" width=\"300\" height=\"225\" srcset=\"https:\/\/blogsaverroes.juntadeandalucia.es\/eielreal\/files\/2024\/02\/1708689908941-300x225.jpg 300w, https:\/\/blogsaverroes.juntadeandalucia.es\/eielreal\/files\/2024\/02\/1708689908941-1024x769.jpg 1024w, https:\/\/blogsaverroes.juntadeandalucia.es\/eielreal\/files\/2024\/02\/1708689908941-768x577.jpg 768w, https:\/\/blogsaverroes.juntadeandalucia.es\/eielreal\/files\/2024\/02\/1708689908941-1536x1153.jpg 1536w, https:\/\/blogsaverroes.juntadeandalucia.es\/eielreal\/files\/2024\/02\/1708689908941-2048x1538.jpg 2048w, https:\/\/blogsaverroes.juntadeandalucia.es\/eielreal\/files\/2024\/02\/1708689908941-700x526.jpg 700w, https:\/\/blogsaverroes.juntadeandalucia.es\/eielreal\/files\/2024\/02\/1708689908941-scaled.jpg 1600w\" sizes=\"(max-width: 300px) 100vw, 300px\" \/><\/a><\/p>\n<p style=\"text-align: justify\">Un recorrido lleno de sensaciones que culmin\u00f3 con una muestra de baile flamenco en el sal\u00f3n de una familiar voluntaria que lo hizo as\u00ed de bien y con las fotos finales de los grupos con las 2 \u00faltimas provincias.<\/p>\n<p style=\"text-align: justify\"><img loading=\"lazy\" decoding=\"async\" class=\"size-medium wp-image-38631 aligncenter\" src=\"https:\/\/blogsaverroes.juntadeandalucia.es\/eielreal\/files\/2024\/02\/IMG_20240223_131625-300x226.jpg\" alt=\"\" width=\"300\" height=\"226\" srcset=\"https:\/\/blogsaverroes.juntadeandalucia.es\/eielreal\/files\/2024\/02\/IMG_20240223_131625-300x226.jpg 300w, https:\/\/blogsaverroes.juntadeandalucia.es\/eielreal\/files\/2024\/02\/IMG_20240223_131625-1024x771.jpg 1024w, https:\/\/blogsaverroes.juntadeandalucia.es\/eielreal\/files\/2024\/02\/IMG_20240223_131625-768x578.jpg 768w, https:\/\/blogsaverroes.juntadeandalucia.es\/eielreal\/files\/2024\/02\/IMG_20240223_131625-1536x1157.jpg 1536w, https:\/\/blogsaverroes.juntadeandalucia.es\/eielreal\/files\/2024\/02\/IMG_20240223_131625-2048x1542.jpg 2048w, https:\/\/blogsaverroes.juntadeandalucia.es\/eielreal\/files\/2024\/02\/IMG_20240223_131625-700x527.jpg 700w, https:\/\/blogsaverroes.juntadeandalucia.es\/eielreal\/files\/2024\/02\/IMG_20240223_131625-scaled.jpg 1600w\" sizes=\"(max-width: 300px) 100vw, 300px\" \/><\/p>\n<div style=\"width: 412px;\" class=\"wp-video\"><video class=\"wp-video-shortcode\" id=\"video-38626-3\" width=\"412\" height=\"850\" preload=\"metadata\" controls=\"controls\"><source type=\"video\/mp4\" src=\"https:\/\/blogsaverroes.juntadeandalucia.es\/eielreal\/files\/2024\/02\/WhatsApp-Video-2024-02-23-at-15.36.57.mp4?_=3\" \/><a href=\"https:\/\/blogsaverroes.juntadeandalucia.es\/eielreal\/files\/2024\/02\/WhatsApp-Video-2024-02-23-at-15.36.57.mp4\">https:\/\/blogsaverroes.juntadeandalucia.es\/eielreal\/files\/2024\/02\/WhatsApp-Video-2024-02-23-at-15.36.57.mp4<\/a><\/video><\/div>\n<p style=\"text-align: justify\"><img loading=\"lazy\" decoding=\"async\" class=\"aligncenter size-medium wp-image-38657\" src=\"https:\/\/blogsaverroes.juntadeandalucia.es\/eielreal\/files\/2024\/02\/IMG20240223133802-300x226.jpg\" alt=\"\" width=\"300\" height=\"226\" srcset=\"https:\/\/blogsaverroes.juntadeandalucia.es\/eielreal\/files\/2024\/02\/IMG20240223133802-300x226.jpg 300w, https:\/\/blogsaverroes.juntadeandalucia.es\/eielreal\/files\/2024\/02\/IMG20240223133802-1024x771.jpg 1024w, https:\/\/blogsaverroes.juntadeandalucia.es\/eielreal\/files\/2024\/02\/IMG20240223133802-768x578.jpg 768w, https:\/\/blogsaverroes.juntadeandalucia.es\/eielreal\/files\/2024\/02\/IMG20240223133802-1536x1157.jpg 1536w, https:\/\/blogsaverroes.juntadeandalucia.es\/eielreal\/files\/2024\/02\/IMG20240223133802-2048x1542.jpg 2048w, https:\/\/blogsaverroes.juntadeandalucia.es\/eielreal\/files\/2024\/02\/IMG20240223133802-700x527.jpg 700w, https:\/\/blogsaverroes.juntadeandalucia.es\/eielreal\/files\/2024\/02\/IMG20240223133802-scaled.jpg 1600w\" sizes=\"(max-width: 300px) 100vw, 300px\" \/><img loading=\"lazy\" decoding=\"async\" class=\"aligncenter size-medium wp-image-38658\" src=\"https:\/\/blogsaverroes.juntadeandalucia.es\/eielreal\/files\/2024\/02\/IMG20240223133057-300x226.jpg\" alt=\"\" width=\"300\" height=\"226\" srcset=\"https:\/\/blogsaverroes.juntadeandalucia.es\/eielreal\/files\/2024\/02\/IMG20240223133057-300x226.jpg 300w, https:\/\/blogsaverroes.juntadeandalucia.es\/eielreal\/files\/2024\/02\/IMG20240223133057-1024x771.jpg 1024w, https:\/\/blogsaverroes.juntadeandalucia.es\/eielreal\/files\/2024\/02\/IMG20240223133057-768x578.jpg 768w, https:\/\/blogsaverroes.juntadeandalucia.es\/eielreal\/files\/2024\/02\/IMG20240223133057-1536x1157.jpg 1536w, https:\/\/blogsaverroes.juntadeandalucia.es\/eielreal\/files\/2024\/02\/IMG20240223133057-2048x1542.jpg 2048w, https:\/\/blogsaverroes.juntadeandalucia.es\/eielreal\/files\/2024\/02\/IMG20240223133057-700x527.jpg 700w, https:\/\/blogsaverroes.juntadeandalucia.es\/eielreal\/files\/2024\/02\/IMG20240223133057-scaled.jpg 1600w\" sizes=\"(max-width: 300px) 100vw, 300px\" \/><\/p>\n<h5 style=\"text-align: justify\">Como han podido comprobar todas estas actividades realizadas versan sobre la cultura, la historia, la geograf\u00eda, el habla andaluza en sus distintas variantes y peculiaridades, las tradiciones y los s\u00edmbolos que reflejan las aspiraciones y reivindicaciones del pueblo andaluz.<\/h5>\n<h4 style=\"text-align: justify\"><strong>PINTADO DE LA BANDERA:<\/strong><\/h4>\n<p style=\"text-align: justify\"><img loading=\"lazy\" decoding=\"async\" class=\"size-medium wp-image-38633 aligncenter\" src=\"https:\/\/blogsaverroes.juntadeandalucia.es\/eielreal\/files\/2024\/02\/IMG20240221123436-300x225.jpg\" alt=\"\" width=\"300\" height=\"225\" srcset=\"https:\/\/blogsaverroes.juntadeandalucia.es\/eielreal\/files\/2024\/02\/IMG20240221123436-300x225.jpg 300w, https:\/\/blogsaverroes.juntadeandalucia.es\/eielreal\/files\/2024\/02\/IMG20240221123436-1024x768.jpg 1024w, https:\/\/blogsaverroes.juntadeandalucia.es\/eielreal\/files\/2024\/02\/IMG20240221123436-768x576.jpg 768w, https:\/\/blogsaverroes.juntadeandalucia.es\/eielreal\/files\/2024\/02\/IMG20240221123436-1536x1152.jpg 1536w, https:\/\/blogsaverroes.juntadeandalucia.es\/eielreal\/files\/2024\/02\/IMG20240221123436-2048x1536.jpg 2048w, https:\/\/blogsaverroes.juntadeandalucia.es\/eielreal\/files\/2024\/02\/IMG20240221123436-700x525.jpg 700w, https:\/\/blogsaverroes.juntadeandalucia.es\/eielreal\/files\/2024\/02\/IMG20240221123436-scaled.jpg 1600w\" sizes=\"(max-width: 300px) 100vw, 300px\" \/><\/p>\n<p style=\"text-align: justify\"><a href=\"https:\/\/blogsaverroes.juntadeandalucia.es\/eielreal\/files\/2024\/02\/IMG20240221123443-scaled.jpg\"><img loading=\"lazy\" decoding=\"async\" class=\"aligncenter size-medium wp-image-38637\" src=\"https:\/\/blogsaverroes.juntadeandalucia.es\/eielreal\/files\/2024\/02\/IMG20240221123443-300x225.jpg\" alt=\"\" width=\"300\" height=\"225\" srcset=\"https:\/\/blogsaverroes.juntadeandalucia.es\/eielreal\/files\/2024\/02\/IMG20240221123443-300x225.jpg 300w, https:\/\/blogsaverroes.juntadeandalucia.es\/eielreal\/files\/2024\/02\/IMG20240221123443-1024x768.jpg 1024w, https:\/\/blogsaverroes.juntadeandalucia.es\/eielreal\/files\/2024\/02\/IMG20240221123443-768x576.jpg 768w, https:\/\/blogsaverroes.juntadeandalucia.es\/eielreal\/files\/2024\/02\/IMG20240221123443-1536x1152.jpg 1536w, https:\/\/blogsaverroes.juntadeandalucia.es\/eielreal\/files\/2024\/02\/IMG20240221123443-2048x1536.jpg 2048w, https:\/\/blogsaverroes.juntadeandalucia.es\/eielreal\/files\/2024\/02\/IMG20240221123443-700x525.jpg 700w, https:\/\/blogsaverroes.juntadeandalucia.es\/eielreal\/files\/2024\/02\/IMG20240221123443-scaled.jpg 1600w\" sizes=\"(max-width: 300px) 100vw, 300px\" \/><\/a><a href=\"https:\/\/blogsaverroes.juntadeandalucia.es\/eielreal\/files\/2024\/02\/IMG20240221123452-scaled.jpg\"><img loading=\"lazy\" decoding=\"async\" class=\"aligncenter size-medium wp-image-38630\" src=\"https:\/\/blogsaverroes.juntadeandalucia.es\/eielreal\/files\/2024\/02\/IMG20240221123452-300x225.jpg\" alt=\"\" width=\"300\" height=\"225\" srcset=\"https:\/\/blogsaverroes.juntadeandalucia.es\/eielreal\/files\/2024\/02\/IMG20240221123452-300x225.jpg 300w, https:\/\/blogsaverroes.juntadeandalucia.es\/eielreal\/files\/2024\/02\/IMG20240221123452-1024x768.jpg 1024w, https:\/\/blogsaverroes.juntadeandalucia.es\/eielreal\/files\/2024\/02\/IMG20240221123452-768x576.jpg 768w, https:\/\/blogsaverroes.juntadeandalucia.es\/eielreal\/files\/2024\/02\/IMG20240221123452-1536x1152.jpg 1536w, https:\/\/blogsaverroes.juntadeandalucia.es\/eielreal\/files\/2024\/02\/IMG20240221123452-2048x1536.jpg 2048w, https:\/\/blogsaverroes.juntadeandalucia.es\/eielreal\/files\/2024\/02\/IMG20240221123452-700x525.jpg 700w, https:\/\/blogsaverroes.juntadeandalucia.es\/eielreal\/files\/2024\/02\/IMG20240221123452-scaled.jpg 1600w\" sizes=\"(max-width: 300px) 100vw, 300px\" \/><\/a><\/p>\n<h4 style=\"text-align: justify\"><strong>CONOCEMOS A ILUSTRES ANDALUCES: FEDERICO GARC\u00cdA LORCA EN RELACI\u00d3N CON EL PROYECTO DE INVESTIGACI\u00d3N SOBRE \u00abEL ESPACIO\u00bb:<\/strong><\/h4>\n<p style=\"text-align: justify\"><img loading=\"lazy\" decoding=\"async\" class=\"aligncenter size-medium wp-image-38635\" src=\"https:\/\/blogsaverroes.juntadeandalucia.es\/eielreal\/files\/2024\/02\/WhatsApp-Image-2024-02-24-at-21.33.27-300x272.jpg\" alt=\"\" width=\"300\" height=\"272\" srcset=\"https:\/\/blogsaverroes.juntadeandalucia.es\/eielreal\/files\/2024\/02\/WhatsApp-Image-2024-02-24-at-21.33.27-300x272.jpg 300w, https:\/\/blogsaverroes.juntadeandalucia.es\/eielreal\/files\/2024\/02\/WhatsApp-Image-2024-02-24-at-21.33.27-1024x930.jpg 1024w, https:\/\/blogsaverroes.juntadeandalucia.es\/eielreal\/files\/2024\/02\/WhatsApp-Image-2024-02-24-at-21.33.27-768x698.jpg 768w, https:\/\/blogsaverroes.juntadeandalucia.es\/eielreal\/files\/2024\/02\/WhatsApp-Image-2024-02-24-at-21.33.27-700x636.jpg 700w, https:\/\/blogsaverroes.juntadeandalucia.es\/eielreal\/files\/2024\/02\/WhatsApp-Image-2024-02-24-at-21.33.27.jpg 1155w\" sizes=\"(max-width: 300px) 100vw, 300px\" \/><\/p>\n<p style=\"text-align: justify\"><img loading=\"lazy\" decoding=\"async\" class=\"aligncenter size-medium wp-image-38661\" src=\"https:\/\/blogsaverroes.juntadeandalucia.es\/eielreal\/files\/2024\/02\/WhatsApp-Image-2024-02-25-at-09.43.42-300x216.jpeg\" alt=\"\" width=\"300\" height=\"216\"><\/p>\n<p style=\"text-align: justify\"><img loading=\"lazy\" decoding=\"async\" class=\"aligncenter size-medium wp-image-38636\" src=\"https:\/\/blogsaverroes.juntadeandalucia.es\/eielreal\/files\/2024\/02\/WhatsApp-Image-2024-02-24-at-21.42.48-300x225.jpeg\" alt=\"\" width=\"300\" height=\"225\" srcset=\"https:\/\/blogsaverroes.juntadeandalucia.es\/eielreal\/files\/2024\/02\/WhatsApp-Image-2024-02-24-at-21.42.48-300x225.jpeg 300w, https:\/\/blogsaverroes.juntadeandalucia.es\/eielreal\/files\/2024\/02\/WhatsApp-Image-2024-02-24-at-21.42.48-1024x768.jpeg 1024w, https:\/\/blogsaverroes.juntadeandalucia.es\/eielreal\/files\/2024\/02\/WhatsApp-Image-2024-02-24-at-21.42.48-768x576.jpeg 768w, https:\/\/blogsaverroes.juntadeandalucia.es\/eielreal\/files\/2024\/02\/WhatsApp-Image-2024-02-24-at-21.42.48-1536x1152.jpeg 1536w, https:\/\/blogsaverroes.juntadeandalucia.es\/eielreal\/files\/2024\/02\/WhatsApp-Image-2024-02-24-at-21.42.48-700x525.jpeg 700w, https:\/\/blogsaverroes.juntadeandalucia.es\/eielreal\/files\/2024\/02\/WhatsApp-Image-2024-02-24-at-21.42.48.jpeg 1600w\" sizes=\"(max-width: 300px) 100vw, 300px\" \/><\/p>\n<h5 style=\"text-align: justify\">No pod\u00edamos terminar sin hablar de nuestro tradicional desayuno de<strong> churros con chocolate<\/strong> tan deseado en nuestro cole:<\/h5>\n<p style=\"text-align: justify\"><img loading=\"lazy\" decoding=\"async\" class=\"aligncenter size-medium wp-image-38659\" src=\"https:\/\/blogsaverroes.juntadeandalucia.es\/eielreal\/files\/2024\/02\/IMG_20240223_105550-300x226.jpg\" alt=\"\" width=\"300\" height=\"226\" srcset=\"https:\/\/blogsaverroes.juntadeandalucia.es\/eielreal\/files\/2024\/02\/IMG_20240223_105550-300x226.jpg 300w, https:\/\/blogsaverroes.juntadeandalucia.es\/eielreal\/files\/2024\/02\/IMG_20240223_105550-1024x771.jpg 1024w, https:\/\/blogsaverroes.juntadeandalucia.es\/eielreal\/files\/2024\/02\/IMG_20240223_105550-768x578.jpg 768w, https:\/\/blogsaverroes.juntadeandalucia.es\/eielreal\/files\/2024\/02\/IMG_20240223_105550-1536x1157.jpg 1536w, https:\/\/blogsaverroes.juntadeandalucia.es\/eielreal\/files\/2024\/02\/IMG_20240223_105550-2048x1542.jpg 2048w, https:\/\/blogsaverroes.juntadeandalucia.es\/eielreal\/files\/2024\/02\/IMG_20240223_105550-700x527.jpg 700w, https:\/\/blogsaverroes.juntadeandalucia.es\/eielreal\/files\/2024\/02\/IMG_20240223_105550-scaled.jpg 1600w\" sizes=\"(max-width: 300px) 100vw, 300px\" \/><a href=\"https:\/\/blogsaverroes.juntadeandalucia.es\/eielreal\/files\/2024\/02\/1708684584510-scaled.jpg\"><img loading=\"lazy\" decoding=\"async\" class=\"aligncenter size-medium wp-image-38664\" src=\"https:\/\/blogsaverroes.juntadeandalucia.es\/eielreal\/files\/2024\/02\/1708684584510-300x225.jpg\" alt=\"\" width=\"300\" height=\"225\" srcset=\"https:\/\/blogsaverroes.juntadeandalucia.es\/eielreal\/files\/2024\/02\/1708684584510-300x225.jpg 300w, https:\/\/blogsaverroes.juntadeandalucia.es\/eielreal\/files\/2024\/02\/1708684584510-1024x769.jpg 1024w, https:\/\/blogsaverroes.juntadeandalucia.es\/eielreal\/files\/2024\/02\/1708684584510-768x577.jpg 768w, https:\/\/blogsaverroes.juntadeandalucia.es\/eielreal\/files\/2024\/02\/1708684584510-1536x1153.jpg 1536w, https:\/\/blogsaverroes.juntadeandalucia.es\/eielreal\/files\/2024\/02\/1708684584510-2048x1538.jpg 2048w, https:\/\/blogsaverroes.juntadeandalucia.es\/eielreal\/files\/2024\/02\/1708684584510-700x526.jpg 700w, https:\/\/blogsaverroes.juntadeandalucia.es\/eielreal\/files\/2024\/02\/1708684584510-scaled.jpg 1600w\" sizes=\"(max-width: 300px) 100vw, 300px\" \/><\/a> <a href=\"https:\/\/blogsaverroes.juntadeandalucia.es\/eielreal\/files\/2024\/02\/IMG20240223105442-scaled.jpg\"><img loading=\"lazy\" decoding=\"async\" class=\"aligncenter size-medium wp-image-38660\" src=\"https:\/\/blogsaverroes.juntadeandalucia.es\/eielreal\/files\/2024\/02\/IMG20240223105442-300x225.jpg\" alt=\"\" width=\"300\" height=\"225\" srcset=\"https:\/\/blogsaverroes.juntadeandalucia.es\/eielreal\/files\/2024\/02\/IMG20240223105442-300x225.jpg 300w, https:\/\/blogsaverroes.juntadeandalucia.es\/eielreal\/files\/2024\/02\/IMG20240223105442-1024x768.jpg 1024w, https:\/\/blogsaverroes.juntadeandalucia.es\/eielreal\/files\/2024\/02\/IMG20240223105442-768x576.jpg 768w, https:\/\/blogsaverroes.juntadeandalucia.es\/eielreal\/files\/2024\/02\/IMG20240223105442-1536x1152.jpg 1536w, https:\/\/blogsaverroes.juntadeandalucia.es\/eielreal\/files\/2024\/02\/IMG20240223105442-2048x1536.jpg 2048w, https:\/\/blogsaverroes.juntadeandalucia.es\/eielreal\/files\/2024\/02\/IMG20240223105442-700x525.jpg 700w, https:\/\/blogsaverroes.juntadeandalucia.es\/eielreal\/files\/2024\/02\/IMG20240223105442-scaled.jpg 1600w\" sizes=\"(max-width: 300px) 100vw, 300px\" \/><\/a><\/p>\n<p style=\"text-align: justify\">Y por supuesto sin escuchar el himno&nbsp; e izar nuestra bandera de Andaluc\u00eda.<\/p>\n<p style=\"text-align: justify\"><a href=\"https:\/\/blogsaverroes.juntadeandalucia.es\/eielreal\/files\/2024\/02\/IMG_4661-scaled.jpg\"><img loading=\"lazy\" decoding=\"async\" class=\"aligncenter size-medium wp-image-38662\" src=\"https:\/\/blogsaverroes.juntadeandalucia.es\/eielreal\/files\/2024\/02\/IMG_4661-300x210.jpg\" alt=\"\" width=\"300\" height=\"210\" srcset=\"https:\/\/blogsaverroes.juntadeandalucia.es\/eielreal\/files\/2024\/02\/IMG_4661-300x210.jpg 300w, https:\/\/blogsaverroes.juntadeandalucia.es\/eielreal\/files\/2024\/02\/IMG_4661-1024x715.jpg 1024w, https:\/\/blogsaverroes.juntadeandalucia.es\/eielreal\/files\/2024\/02\/IMG_4661-768x536.jpg 768w, https:\/\/blogsaverroes.juntadeandalucia.es\/eielreal\/files\/2024\/02\/IMG_4661-1536x1073.jpg 1536w, https:\/\/blogsaverroes.juntadeandalucia.es\/eielreal\/files\/2024\/02\/IMG_4661-2048x1430.jpg 2048w, https:\/\/blogsaverroes.juntadeandalucia.es\/eielreal\/files\/2024\/02\/IMG_4661-700x489.jpg 700w, https:\/\/blogsaverroes.juntadeandalucia.es\/eielreal\/files\/2024\/02\/IMG_4661-scaled.jpg 1600w\" sizes=\"(max-width: 300px) 100vw, 300px\" \/><\/a><\/p>\n<div style=\"width: 412px;\" class=\"wp-video\"><video class=\"wp-video-shortcode\" id=\"video-38626-4\" width=\"412\" height=\"850\" preload=\"metadata\" controls=\"controls\"><source type=\"video\/mp4\" src=\"https:\/\/blogsaverroes.juntadeandalucia.es\/eielreal\/files\/2024\/02\/WhatsApp-Video-2024-02-23-at-15.15.36-1-1.mp4?_=4\" \/><a href=\"https:\/\/blogsaverroes.juntadeandalucia.es\/eielreal\/files\/2024\/02\/WhatsApp-Video-2024-02-23-at-15.15.36-1-1.mp4\">https:\/\/blogsaverroes.juntadeandalucia.es\/eielreal\/files\/2024\/02\/WhatsApp-Video-2024-02-23-at-15.15.36-1-1.mp4<\/a><\/video><\/div>\n<p style=\"text-align: justify\">Un d\u00eda muy completo y muy disfrutado con toda la comunidad educativa.<\/p>\n<h3 style=\"text-align: justify\">Si quieres ver todas las im\u00e1genes de este d\u00eda <strong>pincha en el siguiente enlace:<\/strong><\/h3>\n<p style=\"text-align: justify\"><span style=\"text-decoration: underline\"><strong><a title=\"DIA DE ANDALUC\u00cdA\" href=\"https:\/\/drive.google.com\/drive\/folders\/1_MAqmhZaRXN6RVwdv-4Md79kMzOGqGmE?usp=sharing\">IM\u00c1GENES DEL DIA DE ANDALUCIA 2024<\/a><\/strong><\/span><\/p>\n<p style=\"text-align: justify\">Feliz puente y Feliz D\u00eda de Andaluc\u00eda<\/p>\n<p>El Equipo Educativo de El Real<\/p>\n","protected":false},"excerpt":{"rendered":"<p>El 28 de febrero de 1980, se celebr\u00f3 el hist\u00f3rico refer\u00e9ndum sobre la iniciativa del proceso auton\u00f3mico en Andaluc\u00eda siguiendo la v\u00eda establecida en el art\u00edculo 151 de la Constituci\u00f3n Espa\u00f1ola. Dicho hito tiene&#46;&#46;&#46;<\/p>\n","protected":false},"author":1886,"featured_media":38667,"comment_status":"open","ping_status":"open","sticky":false,"template":"","format":"standard","meta":{"ngg_post_thumbnail":0,"footnotes":""},"categories":[1705,962],"tags":[1740566],"aioseo_notices":[],"_links":{"self":[{"href":"https:\/\/blogsaverroes.juntadeandalucia.es\/eielreal\/wp-json\/wp\/v2\/posts\/38626"}],"collection":[{"href":"https:\/\/blogsaverroes.juntadeandalucia.es\/eielreal\/wp-json\/wp\/v2\/posts"}],"about":[{"href":"https:\/\/blogsaverroes.juntadeandalucia.es\/eielreal\/wp-json\/wp\/v2\/types\/post"}],"author":[{"embeddable":true,"href":"https:\/\/blogsaverroes.juntadeandalucia.es\/eielreal\/wp-json\/wp\/v2\/users\/1886"}],"replies":[{"embeddable":true,"href":"https:\/\/blogsaverroes.juntadeandalucia.es\/eielreal\/wp-json\/wp\/v2\/comments?post=38626"}],"version-history":[{"count":11,"href":"https:\/\/blogsaverroes.juntadeandalucia.es\/eielreal\/wp-json\/wp\/v2\/posts\/38626\/revisions"}],"predecessor-version":[{"id":38704,"href":"https:\/\/blogsaverroes.juntadeandalucia.es\/eielreal\/wp-json\/wp\/v2\/posts\/38626\/revisions\/38704"}],"wp:featuredmedia":[{"embeddable":true,"href":"https:\/\/blogsaverroes.juntadeandalucia.es\/eielreal\/wp-json\/wp\/v2\/media\/38667"}],"wp:attachment":[{"href":"https:\/\/blogsaverroes.juntadeandalucia.es\/eielreal\/wp-json\/wp\/v2\/media?parent=38626"}],"wp:term":[{"taxonomy":"category","embeddable":true,"href":"https:\/\/blogsaverroes.juntadeandalucia.es\/eielreal\/wp-json\/wp\/v2\/categories?post=38626"},{"taxonomy":"post_tag","embeddable":true,"href":"https:\/\/blogsaverroes.juntadeandalucia.es\/eielreal\/wp-json\/wp\/v2\/tags?post=38626"}],"curies":[{"name":"wp","href":"https:\/\/api.w.org\/{rel}","templated":true}]}}