{"id":40091,"date":"2025-03-10T18:27:22","date_gmt":"2025-03-10T18:27:22","guid":{"rendered":"https:\/\/blogsaverroes.juntadeandalucia.es\/eielreal\/?p=40091"},"modified":"2025-03-10T18:33:43","modified_gmt":"2025-03-10T18:33:43","slug":"carnaval-2025","status":"publish","type":"post","link":"https:\/\/blogsaverroes.juntadeandalucia.es\/eielreal\/carnaval-2025\/","title":{"rendered":"CARNAVAL 2025"},"content":{"rendered":"<p>Queridas familias,<\/p>\n<p>Aunque el Carnaval no ha salido como ten\u00edamos previsto, no ha dejado al menos de celebrarse en nuestro centro.<\/p>\n<p>Los partes meteorol\u00f3gicos no pronosticaron buen tiempo para el d\u00eda del desfile y se decidi\u00f3 cancelarlo pese a que finalmente, no hubo lluvia.<\/p>\n<p>Queremos haceros llegar a todos y todas que el claustro lamenta este hecho pero a la vez,&nbsp; comprende lo que podr\u00eda haber supuesto seguir adelante con la salida si se hubieran cumplido los pron\u00f3sticos.<\/p>\n<p>Acierto o error&#8230;no sabemos la medida de cada opci\u00f3n.&nbsp;<\/p>\n<p>La organizaci\u00f3n de un desfile,&nbsp; su cancelaci\u00f3n y\/o aplazamiento suponen cambios que abarcan mucho m\u00e1s que una simple planificaci\u00f3n escolar&nbsp; por lo tanto, deben ser entendidas todas las circunstancias.<\/p>\n<p>Y como somos conscientes de que las familias esperabais el desfile de Carnaval con mucha ilusi\u00f3n y ganas queremos que al menos pod\u00e1is ver un peque\u00f1o v\u00eddeo de c\u00f3mo lo pasaron ese d\u00eda:<\/p>\n<p><a title=\"VIDEO CARNAVAL\" href=\"https:\/\/drive.google.com\/file\/d\/18nsv3gSom8hd_z2Hd0CDatqm1WjQjxdK\/view?usp=sharing\">PINCHA AQUI: VIDEO CARNAVAL<\/a><\/p>\n<p>&nbsp;<\/p>\n","protected":false},"excerpt":{"rendered":"<p>Queridas familias, Aunque el Carnaval no ha salido como ten\u00edamos previsto, no ha dejado al menos de celebrarse en nuestro centro. Los partes meteorol\u00f3gicos no pronosticaron buen tiempo para el d\u00eda del desfile y&#46;&#46;&#46;<\/p>\n","protected":false},"author":1886,"featured_media":40097,"comment_status":"open","ping_status":"open","sticky":false,"template":"","format":"standard","meta":{"ngg_post_thumbnail":0,"footnotes":""},"categories":[1705,1740669,962,11909],"tags":[1740680],"aioseo_notices":[],"_links":{"self":[{"href":"https:\/\/blogsaverroes.juntadeandalucia.es\/eielreal\/wp-json\/wp\/v2\/posts\/40091"}],"collection":[{"href":"https:\/\/blogsaverroes.juntadeandalucia.es\/eielreal\/wp-json\/wp\/v2\/posts"}],"about":[{"href":"https:\/\/blogsaverroes.juntadeandalucia.es\/eielreal\/wp-json\/wp\/v2\/types\/post"}],"author":[{"embeddable":true,"href":"https:\/\/blogsaverroes.juntadeandalucia.es\/eielreal\/wp-json\/wp\/v2\/users\/1886"}],"replies":[{"embeddable":true,"href":"https:\/\/blogsaverroes.juntadeandalucia.es\/eielreal\/wp-json\/wp\/v2\/comments?post=40091"}],"version-history":[{"count":1,"href":"https:\/\/blogsaverroes.juntadeandalucia.es\/eielreal\/wp-json\/wp\/v2\/posts\/40091\/revisions"}],"predecessor-version":[{"id":40093,"href":"https:\/\/blogsaverroes.juntadeandalucia.es\/eielreal\/wp-json\/wp\/v2\/posts\/40091\/revisions\/40093"}],"wp:featuredmedia":[{"embeddable":true,"href":"https:\/\/blogsaverroes.juntadeandalucia.es\/eielreal\/wp-json\/wp\/v2\/media\/40097"}],"wp:attachment":[{"href":"https:\/\/blogsaverroes.juntadeandalucia.es\/eielreal\/wp-json\/wp\/v2\/media?parent=40091"}],"wp:term":[{"taxonomy":"category","embeddable":true,"href":"https:\/\/blogsaverroes.juntadeandalucia.es\/eielreal\/wp-json\/wp\/v2\/categories?post=40091"},{"taxonomy":"post_tag","embeddable":true,"href":"https:\/\/blogsaverroes.juntadeandalucia.es\/eielreal\/wp-json\/wp\/v2\/tags?post=40091"}],"curies":[{"name":"wp","href":"https:\/\/api.w.org\/{rel}","templated":true}]}}