{"id":40238,"date":"2025-03-27T16:39:02","date_gmt":"2025-03-27T16:39:02","guid":{"rendered":"https:\/\/blogsaverroes.juntadeandalucia.es\/eielreal\/?p=40238"},"modified":"2025-03-27T16:51:07","modified_gmt":"2025-03-27T16:51:07","slug":"escuela-para-familias-prevencion-adicciones-al-uso-de-internet","status":"publish","type":"post","link":"https:\/\/blogsaverroes.juntadeandalucia.es\/eielreal\/escuela-para-familias-prevencion-adicciones-al-uso-de-internet\/","title":{"rendered":"ESCUELA PARA FAMILIAS: PREVENCION ADICCIONES AL USO DE INTERNET"},"content":{"rendered":"<h1><b>Escuela de Familias: Prevenci\u00f3n de Adicciones al Uso de Internet en Menores<\/b><\/h1>\n<p><span style=\"font-weight: 400\">En nuestro compromiso con la educaci\u00f3n integral de nuestros alumnos, recientemente hemos llevado a cabo una enriquecedora sesi\u00f3n de nuestra <\/span><b>Escuela de Familias<\/b><span style=\"font-weight: 400\">, en la que se ha&nbsp; abordado un tema de gran relevancia en la actualidad: <\/span><b>la prevenci\u00f3n de adicciones al uso de Internet en menores<\/b><span style=\"font-weight: 400\">.<\/span><\/p>\n<p><span style=\"font-weight: 400\">Durante la charla, una experta en psicolog\u00eda psicoeducativa especializada en adicciones: Mercedes Florido en compa\u00f1\u00eda de nuestra enfermera referente Roc\u00edo Moreno,&nbsp; nos han brindado herramientas clave para ayudar a nuestros hijos e hijas a desarrollar un uso saludable y equilibrado de la tecnolog\u00eda.<\/span><\/p>\n<p><a href=\"https:\/\/blogsaverroes.juntadeandalucia.es\/eielreal\/files\/2025\/03\/WhatsApp-Image-2025-03-21-at-19.39.52.jpeg\"><img loading=\"lazy\" decoding=\"async\" class=\"aligncenter size-medium wp-image-40240\" src=\"https:\/\/blogsaverroes.juntadeandalucia.es\/eielreal\/files\/2025\/03\/WhatsApp-Image-2025-03-21-at-19.39.52-300x225.jpeg\" alt=\"\" width=\"300\" height=\"225\" srcset=\"https:\/\/blogsaverroes.juntadeandalucia.es\/eielreal\/files\/2025\/03\/WhatsApp-Image-2025-03-21-at-19.39.52-300x225.jpeg 300w, https:\/\/blogsaverroes.juntadeandalucia.es\/eielreal\/files\/2025\/03\/WhatsApp-Image-2025-03-21-at-19.39.52-1024x768.jpeg 1024w, https:\/\/blogsaverroes.juntadeandalucia.es\/eielreal\/files\/2025\/03\/WhatsApp-Image-2025-03-21-at-19.39.52-768x576.jpeg 768w, https:\/\/blogsaverroes.juntadeandalucia.es\/eielreal\/files\/2025\/03\/WhatsApp-Image-2025-03-21-at-19.39.52-1536x1152.jpeg 1536w, https:\/\/blogsaverroes.juntadeandalucia.es\/eielreal\/files\/2025\/03\/WhatsApp-Image-2025-03-21-at-19.39.52-700x525.jpeg 700w, https:\/\/blogsaverroes.juntadeandalucia.es\/eielreal\/files\/2025\/03\/WhatsApp-Image-2025-03-21-at-19.39.52.jpeg 1600w\" sizes=\"(max-width: 300px) 100vw, 300px\" \/><\/a><\/p>\n<p><span style=\"font-weight: 400\">Se trataron aspectos como el impacto del uso excesivo de dispositivos digitales, las se\u00f1ales de alerta ante una posible adicci\u00f3n y estrategias para fomentar h\u00e1bitos digitales responsables.<\/span><\/p>\n<p><span style=\"font-weight: 400\">Algunas de las recomendaciones m\u00e1s destacadas fueron:<\/span><\/p>\n<p><span style=\"font-weight: 400\">\u2705 <\/span><b>Establecer l\u00edmites de tiempo de pantalla<\/b><span style=\"font-weight: 400\"> y fomentar otras actividades como el deporte y la realizaci\u00f3n de&nbsp; juegos tradicionales y populares .<\/span><span style=\"font-weight: 400\"><br \/>\n<\/span><span style=\"font-weight: 400\"> \u2705 <\/span><b>Supervisar y acompa\u00f1ar el uso de Internet<\/b><span style=\"font-weight: 400\">, ense\u00f1ando a diferenciar contenidos adecuados.<\/span><span style=\"font-weight: 400\"><br \/>\n<\/span><span style=\"font-weight: 400\"> \u2705 <\/span><b>Fomentar la comunicaci\u00f3n en familia<\/b><span style=\"font-weight: 400\">, creando espacios de confianza para hablar sobre los riesgos y beneficios de la tecnolog\u00eda.<\/span><span style=\"font-weight: 400\"><br \/>\n<\/span><span style=\"font-weight: 400\"> \u2705 <\/span><b>Ser un buen modelo a seguir<\/b><span style=\"font-weight: 400\">, regulando tambi\u00e9n nuestro propio uso de dispositivos digitales.<\/span><\/p>\n<p><span style=\"font-weight: 400\">La sesi\u00f3n permiti\u00f3 a las familias compartir experiencias y resolver dudas, generando un espacio de aprendizaje y reflexi\u00f3n muy valioso.<\/span><span style=\"font-weight: 400\">Desde nuestro centro educativo, continuaremos promoviendo este tipo de encuentros para seguir trabajando juntos en la formaci\u00f3n de nuestros peque\u00f1os, tanto dentro como fuera del aula.<\/span><\/p>\n<p><a href=\"https:\/\/blogsaverroes.juntadeandalucia.es\/eielreal\/files\/2025\/03\/charla.jpg\"><img loading=\"lazy\" decoding=\"async\" class=\"aligncenter size-medium wp-image-40241\" src=\"https:\/\/blogsaverroes.juntadeandalucia.es\/eielreal\/files\/2025\/03\/charla-300x166.jpg\" alt=\"\" width=\"300\" height=\"166\" srcset=\"https:\/\/blogsaverroes.juntadeandalucia.es\/eielreal\/files\/2025\/03\/charla-300x166.jpg 300w, https:\/\/blogsaverroes.juntadeandalucia.es\/eielreal\/files\/2025\/03\/charla-1024x568.jpg 1024w, https:\/\/blogsaverroes.juntadeandalucia.es\/eielreal\/files\/2025\/03\/charla-768x426.jpg 768w, https:\/\/blogsaverroes.juntadeandalucia.es\/eielreal\/files\/2025\/03\/charla-700x388.jpg 700w, https:\/\/blogsaverroes.juntadeandalucia.es\/eielreal\/files\/2025\/03\/charla.jpg 1415w\" sizes=\"(max-width: 300px) 100vw, 300px\" \/><\/a><\/p>\n<p><span style=\"font-weight: 400\">Agradecemos la participaci\u00f3n de todas las familias que nos acompa\u00f1aron y les animamos a seguir involucr\u00e1ndose en estas iniciativas.<\/span><\/p>\n<p><span style=\"font-weight: 400\"> \u00a1Juntos podemos construir un entorno digital seguro y saludable para nuestros ni\u00f1os y ni\u00f1as!<a href=\"https:\/\/blogsaverroes.juntadeandalucia.es\/eielreal\/files\/2025\/03\/dibujo-internet.jpg\"><img loading=\"lazy\" decoding=\"async\" class=\"aligncenter size-medium wp-image-40243\" src=\"https:\/\/blogsaverroes.juntadeandalucia.es\/eielreal\/files\/2025\/03\/dibujo-internet-300x159.jpg\" alt=\"\" width=\"300\" height=\"159\" srcset=\"https:\/\/blogsaverroes.juntadeandalucia.es\/eielreal\/files\/2025\/03\/dibujo-internet-300x159.jpg 300w, https:\/\/blogsaverroes.juntadeandalucia.es\/eielreal\/files\/2025\/03\/dibujo-internet-768x408.jpg 768w, https:\/\/blogsaverroes.juntadeandalucia.es\/eielreal\/files\/2025\/03\/dibujo-internet-700x372.jpg 700w, https:\/\/blogsaverroes.juntadeandalucia.es\/eielreal\/files\/2025\/03\/dibujo-internet.jpg 1019w\" sizes=\"(max-width: 300px) 100vw, 300px\" \/><\/a><\/span><\/p>\n","protected":false},"excerpt":{"rendered":"<p>Escuela de Familias: Prevenci\u00f3n de Adicciones al Uso de Internet en Menores En nuestro compromiso con la educaci\u00f3n integral de nuestros alumnos, recientemente hemos llevado a cabo una enriquecedora sesi\u00f3n de nuestra Escuela de&#46;&#46;&#46;<\/p>\n","protected":false},"author":1886,"featured_media":40120,"comment_status":"open","ping_status":"open","sticky":false,"template":"","format":"standard","meta":{"ngg_post_thumbnail":0,"footnotes":""},"categories":[1705,1740669,1696,11909],"tags":[],"aioseo_notices":[],"_links":{"self":[{"href":"https:\/\/blogsaverroes.juntadeandalucia.es\/eielreal\/wp-json\/wp\/v2\/posts\/40238"}],"collection":[{"href":"https:\/\/blogsaverroes.juntadeandalucia.es\/eielreal\/wp-json\/wp\/v2\/posts"}],"about":[{"href":"https:\/\/blogsaverroes.juntadeandalucia.es\/eielreal\/wp-json\/wp\/v2\/types\/post"}],"author":[{"embeddable":true,"href":"https:\/\/blogsaverroes.juntadeandalucia.es\/eielreal\/wp-json\/wp\/v2\/users\/1886"}],"replies":[{"embeddable":true,"href":"https:\/\/blogsaverroes.juntadeandalucia.es\/eielreal\/wp-json\/wp\/v2\/comments?post=40238"}],"version-history":[{"count":2,"href":"https:\/\/blogsaverroes.juntadeandalucia.es\/eielreal\/wp-json\/wp\/v2\/posts\/40238\/revisions"}],"predecessor-version":[{"id":40244,"href":"https:\/\/blogsaverroes.juntadeandalucia.es\/eielreal\/wp-json\/wp\/v2\/posts\/40238\/revisions\/40244"}],"wp:featuredmedia":[{"embeddable":true,"href":"https:\/\/blogsaverroes.juntadeandalucia.es\/eielreal\/wp-json\/wp\/v2\/media\/40120"}],"wp:attachment":[{"href":"https:\/\/blogsaverroes.juntadeandalucia.es\/eielreal\/wp-json\/wp\/v2\/media?parent=40238"}],"wp:term":[{"taxonomy":"category","embeddable":true,"href":"https:\/\/blogsaverroes.juntadeandalucia.es\/eielreal\/wp-json\/wp\/v2\/categories?post=40238"},{"taxonomy":"post_tag","embeddable":true,"href":"https:\/\/blogsaverroes.juntadeandalucia.es\/eielreal\/wp-json\/wp\/v2\/tags?post=40238"}],"curies":[{"name":"wp","href":"https:\/\/api.w.org\/{rel}","templated":true}]}}