{"id":40454,"date":"2025-04-29T18:51:56","date_gmt":"2025-04-29T18:51:56","guid":{"rendered":"https:\/\/blogsaverroes.juntadeandalucia.es\/eielreal\/?p=40454"},"modified":"2025-04-29T18:56:18","modified_gmt":"2025-04-29T18:56:18","slug":"semana-del-libro-celebramos-el-dia-del-libro-segunda-parte","status":"publish","type":"post","link":"https:\/\/blogsaverroes.juntadeandalucia.es\/eielreal\/semana-del-libro-celebramos-el-dia-del-libro-segunda-parte\/","title":{"rendered":"SEMANA DEL LIBRO. CELEBRAMOS EL D\u00cdA DEL LIBRO (SEGUNDA PARTE)"},"content":{"rendered":"<h5 style=\"text-align: center\"><strong>SEMANA DEL LIBRO<\/strong><\/h5>\n<h5>Buenas tardes queridas familias,<\/h5>\n<p style=\"text-align: justify\">Continuamos con la semana del libro y las actividades que hemos hecho el resto de la semana.<\/p>\n<h5><strong>Pero primero, un dato curioso \u00bfPor qu\u00e9 se celebra el 23 de abril?<\/strong><\/h5>\n<p style=\"text-align: justify\">Como ya hemos comentado otros cursos, le debemos su fecha de celebraci\u00f3n al fallecimiento de grandes escritores como: Miguel de Cervantes, William Shakespeare y el Inca Garcilaso de la Vega.<\/p>\n<p style=\"text-align: justify\">Pero, no siempre se celebr\u00f3 dicho d\u00eda, en sus inicios se estipul\u00f3 que fuera el 7 de octubre, coincidiendo as\u00ed con el d\u00eda que se cre\u00eda hab\u00eda nacido Miguel de Cervantes . Tras unos a\u00f1os surgieron las dudas y cr\u00edticas al d\u00eda elegido ya que no se sab\u00eda a ciencia cierta el d\u00eda exacto del nacimiento. Y por otra parte porque, teniendo en cuenta que se trata de una festividad callejera, se prestaba m\u00e1s a que fuera en primavera, con el buen tiempo, que no durante el oto\u00f1o.<\/p>\n<h5><strong>\u00bfC\u00f3mo lo hemos celebrado en nuestro colegio (Parte 2)?<\/strong><\/h5>\n<p style=\"text-align: justify\"><strong>MI\u00c9RCOLES 23 Y JUEVES 24 DE ABRIL. COLADA LITERARIA<\/strong><\/p>\n<p><a href=\"https:\/\/blogsaverroes.juntadeandalucia.es\/eielreal\/files\/2025\/04\/Pink-and-Yellow-Illustration-Self-Service-Laundry-Promotion-Instagram-Story.jpg\"><img loading=\"lazy\" decoding=\"async\" class=\"aligncenter size-medium wp-image-40453\" src=\"https:\/\/blogsaverroes.juntadeandalucia.es\/eielreal\/files\/2025\/04\/Pink-and-Yellow-Illustration-Self-Service-Laundry-Promotion-Instagram-Story-169x300.jpg\" alt=\"\" width=\"169\" height=\"300\" srcset=\"https:\/\/blogsaverroes.juntadeandalucia.es\/eielreal\/files\/2025\/04\/Pink-and-Yellow-Illustration-Self-Service-Laundry-Promotion-Instagram-Story-169x300.jpg 169w, https:\/\/blogsaverroes.juntadeandalucia.es\/eielreal\/files\/2025\/04\/Pink-and-Yellow-Illustration-Self-Service-Laundry-Promotion-Instagram-Story-576x1024.jpg 576w, https:\/\/blogsaverroes.juntadeandalucia.es\/eielreal\/files\/2025\/04\/Pink-and-Yellow-Illustration-Self-Service-Laundry-Promotion-Instagram-Story-768x1365.jpg 768w, https:\/\/blogsaverroes.juntadeandalucia.es\/eielreal\/files\/2025\/04\/Pink-and-Yellow-Illustration-Self-Service-Laundry-Promotion-Instagram-Story-864x1536.jpg 864w, https:\/\/blogsaverroes.juntadeandalucia.es\/eielreal\/files\/2025\/04\/Pink-and-Yellow-Illustration-Self-Service-Laundry-Promotion-Instagram-Story-700x1244.jpg 700w, https:\/\/blogsaverroes.juntadeandalucia.es\/eielreal\/files\/2025\/04\/Pink-and-Yellow-Illustration-Self-Service-Laundry-Promotion-Instagram-Story.jpg 900w\" sizes=\"(max-width: 169px) 100vw, 169px\" \/><\/a><\/p>\n<p style=\"text-align: justify\">Como ya sab\u00e9is para esta actividad os hemos pedido vuestra colaboraci\u00f3n, ya que quer\u00edamos que los protagonistas de nuestro colegio, los ni\u00f1os y ni\u00f1as, nos contaran cositas sobre uno de sus cuentos favoritos. Cada alumno\/a&nbsp; se ha llevado una prenda de vestir a casa donde deb\u00eda plasmar informaci\u00f3n sobre un cuento muy querido por \u00e9l\/ella y despu\u00e9s decorarlo.&nbsp;<a href=\"https:\/\/blogsaverroes.juntadeandalucia.es\/eielreal\/files\/2025\/04\/20250429_161559-COLLAGE.jpg\"><img loading=\"lazy\" decoding=\"async\" class=\"aligncenter size-medium wp-image-40494\" src=\"https:\/\/blogsaverroes.juntadeandalucia.es\/eielreal\/files\/2025\/04\/20250429_161559-COLLAGE-200x300.jpg\" alt=\"\" width=\"200\" height=\"300\" srcset=\"https:\/\/blogsaverroes.juntadeandalucia.es\/eielreal\/files\/2025\/04\/20250429_161559-COLLAGE-200x300.jpg 200w, https:\/\/blogsaverroes.juntadeandalucia.es\/eielreal\/files\/2025\/04\/20250429_161559-COLLAGE-683x1024.jpg 683w, https:\/\/blogsaverroes.juntadeandalucia.es\/eielreal\/files\/2025\/04\/20250429_161559-COLLAGE-768x1152.jpg 768w, https:\/\/blogsaverroes.juntadeandalucia.es\/eielreal\/files\/2025\/04\/20250429_161559-COLLAGE-1024x1536.jpg 1024w, https:\/\/blogsaverroes.juntadeandalucia.es\/eielreal\/files\/2025\/04\/20250429_161559-COLLAGE-1365x2048.jpg 1365w, https:\/\/blogsaverroes.juntadeandalucia.es\/eielreal\/files\/2025\/04\/20250429_161559-COLLAGE-700x1050.jpg 700w, https:\/\/blogsaverroes.juntadeandalucia.es\/eielreal\/files\/2025\/04\/20250429_161559-COLLAGE.jpg 1067w\" sizes=\"(max-width: 200px) 100vw, 200px\" \/><\/a>Con todos esos cuentos con forma de prendas de vestir hemos decorado la puerta de nuestra biblioteca y hemos creado una aut\u00e9ntica lavander\u00eda. \u00a1Ha quedado preciosa!&nbsp;<\/p>\n<p><a href=\"https:\/\/blogsaverroes.juntadeandalucia.es\/eielreal\/files\/2025\/04\/20250429_161302-COLLAGE.jpg\"><img loading=\"lazy\" decoding=\"async\" class=\"aligncenter size-medium wp-image-40493\" src=\"https:\/\/blogsaverroes.juntadeandalucia.es\/eielreal\/files\/2025\/04\/20250429_161302-COLLAGE-200x300.jpg\" alt=\"\" width=\"200\" height=\"300\" srcset=\"https:\/\/blogsaverroes.juntadeandalucia.es\/eielreal\/files\/2025\/04\/20250429_161302-COLLAGE-200x300.jpg 200w, https:\/\/blogsaverroes.juntadeandalucia.es\/eielreal\/files\/2025\/04\/20250429_161302-COLLAGE-683x1024.jpg 683w, https:\/\/blogsaverroes.juntadeandalucia.es\/eielreal\/files\/2025\/04\/20250429_161302-COLLAGE-768x1152.jpg 768w, https:\/\/blogsaverroes.juntadeandalucia.es\/eielreal\/files\/2025\/04\/20250429_161302-COLLAGE-1024x1536.jpg 1024w, https:\/\/blogsaverroes.juntadeandalucia.es\/eielreal\/files\/2025\/04\/20250429_161302-COLLAGE-1365x2048.jpg 1365w, https:\/\/blogsaverroes.juntadeandalucia.es\/eielreal\/files\/2025\/04\/20250429_161302-COLLAGE-700x1050.jpg 700w, https:\/\/blogsaverroes.juntadeandalucia.es\/eielreal\/files\/2025\/04\/20250429_161302-COLLAGE.jpg 1067w\" sizes=\"(max-width: 200px) 100vw, 200px\" \/><\/a><\/p>\n<p style=\"text-align: justify\">Pero no solo ha servido como decoraci\u00f3n, nuestros peque\u00f1os\/as han podido realizar un servicio de lavander\u00eda durante las hora del recreo del mi\u00e9rcoles 23 y jueves 24. Han lavado, tendido, planchado y doblado todos nuestros cuentos, a la vez que \u00edbamos relatando los diferentes t\u00edtulos, contando detalles sobre esas historias y los diferentes personajes.&nbsp;<\/p>\n<p><a href=\"https:\/\/blogsaverroes.juntadeandalucia.es\/eielreal\/files\/2025\/04\/20250429_162030-COLLAGE.jpg\"><img loading=\"lazy\" decoding=\"async\" class=\"aligncenter size-medium wp-image-40495\" src=\"https:\/\/blogsaverroes.juntadeandalucia.es\/eielreal\/files\/2025\/04\/20250429_162030-COLLAGE-200x300.jpg\" alt=\"\" width=\"200\" height=\"300\" srcset=\"https:\/\/blogsaverroes.juntadeandalucia.es\/eielreal\/files\/2025\/04\/20250429_162030-COLLAGE-200x300.jpg 200w, https:\/\/blogsaverroes.juntadeandalucia.es\/eielreal\/files\/2025\/04\/20250429_162030-COLLAGE-683x1024.jpg 683w, https:\/\/blogsaverroes.juntadeandalucia.es\/eielreal\/files\/2025\/04\/20250429_162030-COLLAGE-768x1152.jpg 768w, https:\/\/blogsaverroes.juntadeandalucia.es\/eielreal\/files\/2025\/04\/20250429_162030-COLLAGE-1024x1536.jpg 1024w, https:\/\/blogsaverroes.juntadeandalucia.es\/eielreal\/files\/2025\/04\/20250429_162030-COLLAGE-1365x2048.jpg 1365w, https:\/\/blogsaverroes.juntadeandalucia.es\/eielreal\/files\/2025\/04\/20250429_162030-COLLAGE-700x1050.jpg 700w\" sizes=\"(max-width: 200px) 100vw, 200px\" \/><\/a><\/p>\n<p>Aqu\u00ed os dejo un v\u00eddeo para que ve\u00e1is lo bien que lo hemos pasado.&nbsp;<\/p>\n<div style=\"width: 1080px;\" class=\"wp-video\"><!--[if lt IE 9]><script>document.createElement('video');<\/script><![endif]-->\n<video class=\"wp-video-shortcode\" id=\"video-40454-1\" width=\"1080\" height=\"1920\" preload=\"metadata\" controls=\"controls\"><source type=\"video\/mp4\" src=\"https:\/\/blogsaverroes.juntadeandalucia.es\/eielreal\/files\/2025\/04\/MOVIE-5.mp4?_=1\" \/><a href=\"https:\/\/blogsaverroes.juntadeandalucia.es\/eielreal\/files\/2025\/04\/MOVIE-5.mp4\">https:\/\/blogsaverroes.juntadeandalucia.es\/eielreal\/files\/2025\/04\/MOVIE-5.mp4<\/a><\/video><\/div>\n<p><strong>VIERNES 25 DE ABRIL. APADRINAMIENTO LECTOR<\/strong><\/p>\n<p>Como todos los a\u00f1os, no pod\u00edamos dejar de contar con la visita de nuestros alumnos\/as del colegio vecino Beato Juan Grande.&nbsp;<\/p>\n<p style=\"text-align: justify\">Los mayores del colegio, los alumnos de sexto de primaria nos han visitado para convertirse en aut\u00e9nticos contadores de cuentos. Por grupos, han ido rotando para contarnos los&nbsp; cuentos que se hab\u00edan preparado. Han realizado un trabajo maravilloso creando marionetas, escenarios, narrando historias o convirti\u00e9ndose en los personajes del cuento. \u00a1Millones de gracias! Muchos de ellos son antiguos alumnos\/as de nuestro colegio y ha sido muy bonito el reencuentro con sus se\u00f1os.&nbsp;<\/p>\n<p style=\"text-align: justify\">Para una mejor organizaci\u00f3n, esta actividad se ha realizado por niveles coincidiendo cada nivel con cada una de las tres clases de sexto. Hemos dividido las clases en 5 grupos y estos han ido rotando por los diferentes grupos de alumnos de sexto y nos han ido contando todos los cuentos.&nbsp;<\/p>\n<p>Aqu\u00ed os dejo unos v\u00eddeos de cada nivel.<\/p>\n<p>3 A\u00d1OS<\/p>\n<div style=\"width: 1080px;\" class=\"wp-video\"><video class=\"wp-video-shortcode\" id=\"video-40454-2\" width=\"1080\" height=\"1920\" preload=\"metadata\" controls=\"controls\"><source type=\"video\/mp4\" src=\"https:\/\/blogsaverroes.juntadeandalucia.es\/eielreal\/files\/2025\/04\/MOVIE-3-1.mp4?_=2\" \/><a href=\"https:\/\/blogsaverroes.juntadeandalucia.es\/eielreal\/files\/2025\/04\/MOVIE-3-1.mp4\">https:\/\/blogsaverroes.juntadeandalucia.es\/eielreal\/files\/2025\/04\/MOVIE-3-1.mp4<\/a><\/video><\/div>\n<p>4 A\u00d1OS<\/p>\n<div style=\"width: 360px;\" class=\"wp-video\"><video class=\"wp-video-shortcode\" id=\"video-40454-3\" width=\"360\" height=\"640\" preload=\"metadata\" controls=\"controls\"><source type=\"video\/mp4\" src=\"https:\/\/blogsaverroes.juntadeandalucia.es\/eielreal\/files\/2025\/04\/video.mp4?_=3\" \/><a href=\"https:\/\/blogsaverroes.juntadeandalucia.es\/eielreal\/files\/2025\/04\/video.mp4\">https:\/\/blogsaverroes.juntadeandalucia.es\/eielreal\/files\/2025\/04\/video.mp4<\/a><\/video><\/div>\n<p>5 A\u00d1OS<\/p>\n<div style=\"width: 1080px;\" class=\"wp-video\"><video class=\"wp-video-shortcode\" id=\"video-40454-4\" width=\"1080\" height=\"1920\" preload=\"metadata\" controls=\"controls\"><source type=\"video\/mp4\" src=\"https:\/\/blogsaverroes.juntadeandalucia.es\/eielreal\/files\/2025\/04\/MOVIE-6.mp4?_=4\" \/><a href=\"https:\/\/blogsaverroes.juntadeandalucia.es\/eielreal\/files\/2025\/04\/MOVIE-6.mp4\">https:\/\/blogsaverroes.juntadeandalucia.es\/eielreal\/files\/2025\/04\/MOVIE-6.mp4<\/a><\/video><\/div>\n<p style=\"text-align: justify\"><strong>CUENTACUENTOS BETSY CARACOLES<\/strong><\/p>\n<p style=\"text-align: justify\">\u00a1Pero esto no fue todo! La tarde del viernes tambi\u00e9n estuvo repleta de celebraciones literarias.<\/p>\n<p style=\"text-align: justify\">Se realiz\u00f3 un taller de cuentacuentos en la Biblioteca organizado por nuestra AMPA REAL KARMO. Hemos tenido a suerte de recibir la visita de la autora Lola Garc\u00eda, que nos cont\u00f3 la historia de \u00abBetsy caracoles\u00bb.<\/p>\n<p><a href=\"https:\/\/blogsaverroes.juntadeandalucia.es\/eielreal\/files\/2025\/04\/IMG-20250426-WA0000.jpg\"><img loading=\"lazy\" decoding=\"async\" class=\"aligncenter size-medium wp-image-40500\" src=\"https:\/\/blogsaverroes.juntadeandalucia.es\/eielreal\/files\/2025\/04\/IMG-20250426-WA0000-225x300.jpg\" alt=\"\" width=\"225\" height=\"300\" srcset=\"https:\/\/blogsaverroes.juntadeandalucia.es\/eielreal\/files\/2025\/04\/IMG-20250426-WA0000-225x300.jpg 225w, https:\/\/blogsaverroes.juntadeandalucia.es\/eielreal\/files\/2025\/04\/IMG-20250426-WA0000-768x1024.jpg 768w, https:\/\/blogsaverroes.juntadeandalucia.es\/eielreal\/files\/2025\/04\/IMG-20250426-WA0000-1152x1536.jpg 1152w, https:\/\/blogsaverroes.juntadeandalucia.es\/eielreal\/files\/2025\/04\/IMG-20250426-WA0000-700x933.jpg 700w, https:\/\/blogsaverroes.juntadeandalucia.es\/eielreal\/files\/2025\/04\/IMG-20250426-WA0000.jpg 1200w\" sizes=\"(max-width: 225px) 100vw, 225px\" \/><\/a><a href=\"https:\/\/blogsaverroes.juntadeandalucia.es\/eielreal\/files\/2025\/04\/20250429_191524-COLLAGE.jpg\"><img loading=\"lazy\" decoding=\"async\" class=\"aligncenter size-medium wp-image-40502\" src=\"https:\/\/blogsaverroes.juntadeandalucia.es\/eielreal\/files\/2025\/04\/20250429_191524-COLLAGE-169x300.jpg\" alt=\"\" width=\"169\" height=\"300\" srcset=\"https:\/\/blogsaverroes.juntadeandalucia.es\/eielreal\/files\/2025\/04\/20250429_191524-COLLAGE-169x300.jpg 169w, https:\/\/blogsaverroes.juntadeandalucia.es\/eielreal\/files\/2025\/04\/20250429_191524-COLLAGE-576x1024.jpg 576w, https:\/\/blogsaverroes.juntadeandalucia.es\/eielreal\/files\/2025\/04\/20250429_191524-COLLAGE-768x1365.jpg 768w, https:\/\/blogsaverroes.juntadeandalucia.es\/eielreal\/files\/2025\/04\/20250429_191524-COLLAGE-864x1536.jpg 864w, https:\/\/blogsaverroes.juntadeandalucia.es\/eielreal\/files\/2025\/04\/20250429_191524-COLLAGE-1152x2048.jpg 1152w, https:\/\/blogsaverroes.juntadeandalucia.es\/eielreal\/files\/2025\/04\/20250429_191524-COLLAGE-700x1244.jpg 700w, https:\/\/blogsaverroes.juntadeandalucia.es\/eielreal\/files\/2025\/04\/20250429_191524-COLLAGE.jpg 900w\" sizes=\"(max-width: 169px) 100vw, 169px\" \/><\/a><\/p>\n<p style=\"text-align: justify\">La biblioteca se llen\u00f3, como a nosotras tanto nos gusta, de familiares y de alumnos\/as que disfrutaron de una tarde de convivencia.&nbsp;<\/p>\n<p><a href=\"https:\/\/blogsaverroes.juntadeandalucia.es\/eielreal\/files\/2025\/04\/IMG-20250425-WA0087.jpg\"><img loading=\"lazy\" decoding=\"async\" class=\"aligncenter size-medium wp-image-40501\" src=\"https:\/\/blogsaverroes.juntadeandalucia.es\/eielreal\/files\/2025\/04\/IMG-20250425-WA0087-300x225.jpg\" alt=\"\" width=\"300\" height=\"225\" srcset=\"https:\/\/blogsaverroes.juntadeandalucia.es\/eielreal\/files\/2025\/04\/IMG-20250425-WA0087-300x225.jpg 300w, https:\/\/blogsaverroes.juntadeandalucia.es\/eielreal\/files\/2025\/04\/IMG-20250425-WA0087-1024x768.jpg 1024w, https:\/\/blogsaverroes.juntadeandalucia.es\/eielreal\/files\/2025\/04\/IMG-20250425-WA0087-768x576.jpg 768w, https:\/\/blogsaverroes.juntadeandalucia.es\/eielreal\/files\/2025\/04\/IMG-20250425-WA0087-1536x1152.jpg 1536w, https:\/\/blogsaverroes.juntadeandalucia.es\/eielreal\/files\/2025\/04\/IMG-20250425-WA0087-700x525.jpg 700w, https:\/\/blogsaverroes.juntadeandalucia.es\/eielreal\/files\/2025\/04\/IMG-20250425-WA0087.jpg 1600w\" sizes=\"(max-width: 300px) 100vw, 300px\" \/><\/a><\/p>\n<p style=\"text-align: justify\">Los peque\u00f1os\/as tambi\u00e9n pudieron disfrutar de muchas actividades preparadas con mucho cari\u00f1o por la Asociaci\u00f3n de Padre y Madres de Alumnos. MUCH\u00cdSIMAS GRACIAS POR PREPARARNOS UNA TARDE TAN ENTRETENIDA.&nbsp;<\/p>\n<p><a href=\"https:\/\/blogsaverroes.juntadeandalucia.es\/eielreal\/files\/2025\/04\/IMG-20250426-WA0002.jpg\"><img loading=\"lazy\" decoding=\"async\" class=\"aligncenter size-medium wp-image-40503\" src=\"https:\/\/blogsaverroes.juntadeandalucia.es\/eielreal\/files\/2025\/04\/IMG-20250426-WA0002-225x300.jpg\" alt=\"\" width=\"225\" height=\"300\" srcset=\"https:\/\/blogsaverroes.juntadeandalucia.es\/eielreal\/files\/2025\/04\/IMG-20250426-WA0002-225x300.jpg 225w, https:\/\/blogsaverroes.juntadeandalucia.es\/eielreal\/files\/2025\/04\/IMG-20250426-WA0002-768x1024.jpg 768w, https:\/\/blogsaverroes.juntadeandalucia.es\/eielreal\/files\/2025\/04\/IMG-20250426-WA0002-1152x1536.jpg 1152w, https:\/\/blogsaverroes.juntadeandalucia.es\/eielreal\/files\/2025\/04\/IMG-20250426-WA0002-700x933.jpg 700w, https:\/\/blogsaverroes.juntadeandalucia.es\/eielreal\/files\/2025\/04\/IMG-20250426-WA0002.jpg 1200w\" sizes=\"(max-width: 225px) 100vw, 225px\" \/><\/a> <a href=\"https:\/\/blogsaverroes.juntadeandalucia.es\/eielreal\/files\/2025\/04\/IMG-20250426-WA0003.jpg\"><img loading=\"lazy\" decoding=\"async\" class=\"aligncenter size-medium wp-image-40504\" src=\"https:\/\/blogsaverroes.juntadeandalucia.es\/eielreal\/files\/2025\/04\/IMG-20250426-WA0003-225x300.jpg\" alt=\"\" width=\"225\" height=\"300\" srcset=\"https:\/\/blogsaverroes.juntadeandalucia.es\/eielreal\/files\/2025\/04\/IMG-20250426-WA0003-225x300.jpg 225w, https:\/\/blogsaverroes.juntadeandalucia.es\/eielreal\/files\/2025\/04\/IMG-20250426-WA0003-768x1024.jpg 768w, https:\/\/blogsaverroes.juntadeandalucia.es\/eielreal\/files\/2025\/04\/IMG-20250426-WA0003-1152x1536.jpg 1152w, https:\/\/blogsaverroes.juntadeandalucia.es\/eielreal\/files\/2025\/04\/IMG-20250426-WA0003-700x933.jpg 700w, https:\/\/blogsaverroes.juntadeandalucia.es\/eielreal\/files\/2025\/04\/IMG-20250426-WA0003.jpg 1200w\" sizes=\"(max-width: 225px) 100vw, 225px\" \/><\/a><\/p>\n<p style=\"text-align: justify\">Como hab\u00e9is podido comprobar fue una semana muy completa rodeada de cuentos.<\/p>\n<p style=\"text-align: justify\">Gracias por todo, sin vuestra colaboraci\u00f3n no habr\u00eda sido posible.<\/p>\n<p style=\"text-align: right\">Coordinadora Biblioteca E.I. El Real, Pilar R. de la Osa<\/p>\n<p><a href=\"https:\/\/blogsaverroes.juntadeandalucia.es\/eielreal\/files\/2025\/03\/DINOLEO.png\"><img loading=\"lazy\" decoding=\"async\" class=\"wp-image-40192 alignright\" src=\"https:\/\/blogsaverroes.juntadeandalucia.es\/eielreal\/files\/2025\/03\/DINOLEO-300x185.png\" alt=\"\" width=\"138\" height=\"87\" data-wp-editing=\"1\"><\/a><\/p>\n","protected":false},"excerpt":{"rendered":"<p>SEMANA DEL LIBRO Buenas tardes queridas familias, Continuamos con la semana del libro y las actividades que hemos hecho el resto de la semana. Pero primero, un dato curioso \u00bfPor qu\u00e9 se celebra el&#46;&#46;&#46;<\/p>\n","protected":false},"author":1886,"featured_media":40453,"comment_status":"open","ping_status":"open","sticky":false,"template":"","format":"standard","meta":{"ngg_post_thumbnail":0,"footnotes":""},"categories":[1740669,1696,1740654,11909],"tags":[],"aioseo_notices":[],"_links":{"self":[{"href":"https:\/\/blogsaverroes.juntadeandalucia.es\/eielreal\/wp-json\/wp\/v2\/posts\/40454"}],"collection":[{"href":"https:\/\/blogsaverroes.juntadeandalucia.es\/eielreal\/wp-json\/wp\/v2\/posts"}],"about":[{"href":"https:\/\/blogsaverroes.juntadeandalucia.es\/eielreal\/wp-json\/wp\/v2\/types\/post"}],"author":[{"embeddable":true,"href":"https:\/\/blogsaverroes.juntadeandalucia.es\/eielreal\/wp-json\/wp\/v2\/users\/1886"}],"replies":[{"embeddable":true,"href":"https:\/\/blogsaverroes.juntadeandalucia.es\/eielreal\/wp-json\/wp\/v2\/comments?post=40454"}],"version-history":[{"count":13,"href":"https:\/\/blogsaverroes.juntadeandalucia.es\/eielreal\/wp-json\/wp\/v2\/posts\/40454\/revisions"}],"predecessor-version":[{"id":40511,"href":"https:\/\/blogsaverroes.juntadeandalucia.es\/eielreal\/wp-json\/wp\/v2\/posts\/40454\/revisions\/40511"}],"wp:featuredmedia":[{"embeddable":true,"href":"https:\/\/blogsaverroes.juntadeandalucia.es\/eielreal\/wp-json\/wp\/v2\/media\/40453"}],"wp:attachment":[{"href":"https:\/\/blogsaverroes.juntadeandalucia.es\/eielreal\/wp-json\/wp\/v2\/media?parent=40454"}],"wp:term":[{"taxonomy":"category","embeddable":true,"href":"https:\/\/blogsaverroes.juntadeandalucia.es\/eielreal\/wp-json\/wp\/v2\/categories?post=40454"},{"taxonomy":"post_tag","embeddable":true,"href":"https:\/\/blogsaverroes.juntadeandalucia.es\/eielreal\/wp-json\/wp\/v2\/tags?post=40454"}],"curies":[{"name":"wp","href":"https:\/\/api.w.org\/{rel}","templated":true}]}}