{"id":40921,"date":"2025-11-19T20:32:34","date_gmt":"2025-11-19T20:32:34","guid":{"rendered":"https:\/\/blogsaverroes.juntadeandalucia.es\/eielreal\/?p=40921"},"modified":"2025-11-19T20:32:34","modified_gmt":"2025-11-19T20:32:34","slug":"dia-del-flamenco-en-el-real","status":"publish","type":"post","link":"https:\/\/blogsaverroes.juntadeandalucia.es\/eielreal\/dia-del-flamenco-en-el-real\/","title":{"rendered":"DIA DEL FLAMENCO EN EL REAL"},"content":{"rendered":"<h2 data-start=\"148\" data-end=\"197\"><strong data-start=\"151\" data-end=\"197\">Celebramos el D\u00eda del Flamenco en Infantil<\/strong><\/h2>\n<p data-start=\"199\" data-end=\"499\">Hoy hemos vivido una jornada muy especial en nuestro cole: <strong data-start=\"258\" data-end=\"299\">\u00a1hemos celebrado el D\u00eda del Flamenco!<\/strong><br data-start=\"299\" data-end=\"302\">El Flamenco forma parte de nuestra cultura y nuestra identidad, y qu\u00e9 mejor manera de acercarlo a los m\u00e1s peque\u00f1os que <strong data-start=\"421\" data-end=\"498\">a trav\u00e9s del juego, la m\u00fasica, el arte y la participaci\u00f3n de las familias<\/strong>.<\/p>\n<p data-start=\"199\" data-end=\"499\"><a href=\"https:\/\/blogsaverroes.juntadeandalucia.es\/eielreal\/files\/2025\/11\/IMG20251114131916.jpg\"><img loading=\"lazy\" decoding=\"async\" class=\"aligncenter size-medium wp-image-40923\" src=\"https:\/\/blogsaverroes.juntadeandalucia.es\/eielreal\/files\/2025\/11\/IMG20251114131916-300x138.jpg\" alt=\"\" width=\"300\" height=\"138\" srcset=\"https:\/\/blogsaverroes.juntadeandalucia.es\/eielreal\/files\/2025\/11\/IMG20251114131916-300x138.jpg 300w, https:\/\/blogsaverroes.juntadeandalucia.es\/eielreal\/files\/2025\/11\/IMG20251114131916-1024x471.jpg 1024w, https:\/\/blogsaverroes.juntadeandalucia.es\/eielreal\/files\/2025\/11\/IMG20251114131916-768x353.jpg 768w, https:\/\/blogsaverroes.juntadeandalucia.es\/eielreal\/files\/2025\/11\/IMG20251114131916-1536x707.jpg 1536w, https:\/\/blogsaverroes.juntadeandalucia.es\/eielreal\/files\/2025\/11\/IMG20251114131916-2048x942.jpg 2048w, https:\/\/blogsaverroes.juntadeandalucia.es\/eielreal\/files\/2025\/11\/IMG20251114131916-980x450.jpg 980w, https:\/\/blogsaverroes.juntadeandalucia.es\/eielreal\/files\/2025\/11\/IMG20251114131916.jpg 1600w\" sizes=\"(max-width: 300px) 100vw, 300px\" \/><\/a><\/p>\n<h3 data-start=\"501\" data-end=\"534\"><strong data-start=\"505\" data-end=\"534\">Talleres con las familias<\/strong><\/h3>\n<p data-start=\"535\" data-end=\"863\">Las familias han sido protagonistas de este d\u00eda tan bonito.<\/p>\n<p data-start=\"535\" data-end=\"863\"><img loading=\"lazy\" decoding=\"async\" class=\"aligncenter size-medium wp-image-40930\" src=\"https:\/\/blogsaverroes.juntadeandalucia.es\/eielreal\/files\/2025\/11\/20251114_103506-300x169.jpg\" alt=\"\" width=\"300\" height=\"169\" srcset=\"https:\/\/blogsaverroes.juntadeandalucia.es\/eielreal\/files\/2025\/11\/20251114_103506-300x169.jpg 300w, https:\/\/blogsaverroes.juntadeandalucia.es\/eielreal\/files\/2025\/11\/20251114_103506-1024x576.jpg 1024w, https:\/\/blogsaverroes.juntadeandalucia.es\/eielreal\/files\/2025\/11\/20251114_103506-768x432.jpg 768w, https:\/\/blogsaverroes.juntadeandalucia.es\/eielreal\/files\/2025\/11\/20251114_103506-1536x864.jpg 1536w, https:\/\/blogsaverroes.juntadeandalucia.es\/eielreal\/files\/2025\/11\/20251114_103506-2048x1152.jpg 2048w, https:\/\/blogsaverroes.juntadeandalucia.es\/eielreal\/files\/2025\/11\/20251114_103506.jpg 1600w\" sizes=\"(max-width: 300px) 100vw, 300px\" \/><\/p>\n<p data-start=\"535\" data-end=\"863\">Han preparado y acompa\u00f1ado distintos <strong data-start=\"632\" data-end=\"670\">talleres de instrumentos musicales<\/strong>, donde los ni\u00f1os y ni\u00f1as han podido manipular, crear sonidos y experimentar con ritmos propios del flamenco.<\/p>\n<p data-start=\"535\" data-end=\"863\"><img loading=\"lazy\" decoding=\"async\" class=\"aligncenter size-medium wp-image-40928\" src=\"https:\/\/blogsaverroes.juntadeandalucia.es\/eielreal\/files\/2025\/11\/IMG_8202-225x300.jpg\" alt=\"\" width=\"225\" height=\"300\" srcset=\"https:\/\/blogsaverroes.juntadeandalucia.es\/eielreal\/files\/2025\/11\/IMG_8202-225x300.jpg 225w, https:\/\/blogsaverroes.juntadeandalucia.es\/eielreal\/files\/2025\/11\/IMG_8202-768x1024.jpg 768w, https:\/\/blogsaverroes.juntadeandalucia.es\/eielreal\/files\/2025\/11\/IMG_8202-1152x1536.jpg 1152w, https:\/\/blogsaverroes.juntadeandalucia.es\/eielreal\/files\/2025\/11\/IMG_8202-1536x2048.jpg 1536w, https:\/\/blogsaverroes.juntadeandalucia.es\/eielreal\/files\/2025\/11\/IMG_8202-rotated.jpg 1200w\" sizes=\"(max-width: 225px) 100vw, 225px\" \/><\/p>\n<p data-start=\"535\" data-end=\"863\"><a href=\"https:\/\/blogsaverroes.juntadeandalucia.es\/eielreal\/files\/2025\/11\/IMG_20251114_105415.jpg\"><img loading=\"lazy\" decoding=\"async\" class=\"aligncenter size-medium wp-image-40927\" src=\"https:\/\/blogsaverroes.juntadeandalucia.es\/eielreal\/files\/2025\/11\/IMG_20251114_105415-300x225.jpg\" alt=\"\" width=\"300\" height=\"225\" srcset=\"https:\/\/blogsaverroes.juntadeandalucia.es\/eielreal\/files\/2025\/11\/IMG_20251114_105415-300x225.jpg 300w, https:\/\/blogsaverroes.juntadeandalucia.es\/eielreal\/files\/2025\/11\/IMG_20251114_105415-1024x768.jpg 1024w, https:\/\/blogsaverroes.juntadeandalucia.es\/eielreal\/files\/2025\/11\/IMG_20251114_105415-768x576.jpg 768w, https:\/\/blogsaverroes.juntadeandalucia.es\/eielreal\/files\/2025\/11\/IMG_20251114_105415-1536x1152.jpg 1536w, https:\/\/blogsaverroes.juntadeandalucia.es\/eielreal\/files\/2025\/11\/IMG_20251114_105415-2048x1536.jpg 2048w, https:\/\/blogsaverroes.juntadeandalucia.es\/eielreal\/files\/2025\/11\/IMG_20251114_105415.jpg 1600w\" sizes=\"(max-width: 300px) 100vw, 300px\" \/><\/a><\/p>\n<p data-start=\"535\" data-end=\"863\">Palmas, cajones, sonajas, taconeos\u2026 \u00a1las aulas se han llenado de m\u00fasica!<\/p>\n<p data-start=\"535\" data-end=\"863\"><a href=\"https:\/\/blogsaverroes.juntadeandalucia.es\/eielreal\/files\/2025\/11\/20251114_104702.jpg\"><img loading=\"lazy\" decoding=\"async\" class=\"aligncenter size-medium wp-image-40929\" src=\"https:\/\/blogsaverroes.juntadeandalucia.es\/eielreal\/files\/2025\/11\/20251114_104702-300x169.jpg\" alt=\"\" width=\"300\" height=\"169\" srcset=\"https:\/\/blogsaverroes.juntadeandalucia.es\/eielreal\/files\/2025\/11\/20251114_104702-300x169.jpg 300w, https:\/\/blogsaverroes.juntadeandalucia.es\/eielreal\/files\/2025\/11\/20251114_104702-1024x576.jpg 1024w, https:\/\/blogsaverroes.juntadeandalucia.es\/eielreal\/files\/2025\/11\/20251114_104702-768x432.jpg 768w, https:\/\/blogsaverroes.juntadeandalucia.es\/eielreal\/files\/2025\/11\/20251114_104702-1536x864.jpg 1536w, https:\/\/blogsaverroes.juntadeandalucia.es\/eielreal\/files\/2025\/11\/20251114_104702-2048x1152.jpg 2048w, https:\/\/blogsaverroes.juntadeandalucia.es\/eielreal\/files\/2025\/11\/20251114_104702.jpg 1600w\" sizes=\"(max-width: 300px) 100vw, 300px\" \/><\/a><\/p>\n<p data-start=\"535\" data-end=\"863\"><a href=\"https:\/\/blogsaverroes.juntadeandalucia.es\/eielreal\/files\/2025\/11\/IMG-20251114-WA0014.jpg\"><img loading=\"lazy\" decoding=\"async\" class=\"aligncenter size-medium wp-image-40926\" src=\"https:\/\/blogsaverroes.juntadeandalucia.es\/eielreal\/files\/2025\/11\/IMG-20251114-WA0014-300x225.jpg\" alt=\"\" width=\"300\" height=\"225\" srcset=\"https:\/\/blogsaverroes.juntadeandalucia.es\/eielreal\/files\/2025\/11\/IMG-20251114-WA0014-300x225.jpg 300w, https:\/\/blogsaverroes.juntadeandalucia.es\/eielreal\/files\/2025\/11\/IMG-20251114-WA0014-1024x768.jpg 1024w, https:\/\/blogsaverroes.juntadeandalucia.es\/eielreal\/files\/2025\/11\/IMG-20251114-WA0014-768x576.jpg 768w, https:\/\/blogsaverroes.juntadeandalucia.es\/eielreal\/files\/2025\/11\/IMG-20251114-WA0014-1536x1152.jpg 1536w, https:\/\/blogsaverroes.juntadeandalucia.es\/eielreal\/files\/2025\/11\/IMG-20251114-WA0014.jpg 1600w\" sizes=\"(max-width: 300px) 100vw, 300px\" \/><\/a><\/p>\n<p data-start=\"535\" data-end=\"863\">&nbsp;<\/p>\n<p data-start=\"865\" data-end=\"962\">Agradecemos much\u00edsimo la implicaci\u00f3n de todas las familias que han participado con tanta ilusi\u00f3n.<\/p>\n<h3 data-start=\"964\" data-end=\"998\"><strong data-start=\"968\" data-end=\"998\">Proyecci\u00f3n de musicogramas<\/strong><\/h3>\n<p data-start=\"999\" data-end=\"1299\">Tambi\u00e9n hemos disfrutado de la escucha activa a trav\u00e9s de <strong data-start=\"1057\" data-end=\"1073\">musicogramas<\/strong>, que han ayudado a los peques a seguir y comprender algunos elementos musicales: silencios, intensidad, repeticiones\u2026<\/p>\n<p data-start=\"999\" data-end=\"1299\"><a href=\"https:\/\/blogsaverroes.juntadeandalucia.es\/eielreal\/files\/2025\/11\/IMG_6306-1.jpg\"><img loading=\"lazy\" decoding=\"async\" class=\"aligncenter size-medium wp-image-40931\" src=\"https:\/\/blogsaverroes.juntadeandalucia.es\/eielreal\/files\/2025\/11\/IMG_6306-1-300x225.jpg\" alt=\"\" width=\"300\" height=\"225\" srcset=\"https:\/\/blogsaverroes.juntadeandalucia.es\/eielreal\/files\/2025\/11\/IMG_6306-1-300x225.jpg 300w, https:\/\/blogsaverroes.juntadeandalucia.es\/eielreal\/files\/2025\/11\/IMG_6306-1-1024x768.jpg 1024w, https:\/\/blogsaverroes.juntadeandalucia.es\/eielreal\/files\/2025\/11\/IMG_6306-1-768x576.jpg 768w, https:\/\/blogsaverroes.juntadeandalucia.es\/eielreal\/files\/2025\/11\/IMG_6306-1-1536x1152.jpg 1536w, https:\/\/blogsaverroes.juntadeandalucia.es\/eielreal\/files\/2025\/11\/IMG_6306-1-2048x1536.jpg 2048w\" sizes=\"(max-width: 300px) 100vw, 300px\" \/><\/a><\/p>\n<p data-start=\"999\" data-end=\"1299\"><a href=\"https:\/\/www.youtube.com\/watch?v=6FwzFkizQXs&amp;list=RD6FwzFkizQXs&amp;start_radio=1\">ENLACE AL MUSICOGRAMA<\/a><\/p>\n<p data-start=\"999\" data-end=\"1299\">Ha sido muy bonito ver c\u00f3mo se mov\u00edan siguiendo el comp\u00e1s y c\u00f3mo reconoc\u00edan sonidos nuevos.<\/p>\n<p data-start=\"999\" data-end=\"1299\"><a href=\"https:\/\/blogsaverroes.juntadeandalucia.es\/eielreal\/files\/2025\/11\/IMG_20251114_103327.jpg\"><img loading=\"lazy\" decoding=\"async\" class=\"aligncenter size-medium wp-image-40932\" src=\"https:\/\/blogsaverroes.juntadeandalucia.es\/eielreal\/files\/2025\/11\/IMG_20251114_103327-300x225.jpg\" alt=\"\" width=\"300\" height=\"225\" srcset=\"https:\/\/blogsaverroes.juntadeandalucia.es\/eielreal\/files\/2025\/11\/IMG_20251114_103327-300x225.jpg 300w, https:\/\/blogsaverroes.juntadeandalucia.es\/eielreal\/files\/2025\/11\/IMG_20251114_103327-1024x768.jpg 1024w, https:\/\/blogsaverroes.juntadeandalucia.es\/eielreal\/files\/2025\/11\/IMG_20251114_103327-768x576.jpg 768w, https:\/\/blogsaverroes.juntadeandalucia.es\/eielreal\/files\/2025\/11\/IMG_20251114_103327-1536x1152.jpg 1536w, https:\/\/blogsaverroes.juntadeandalucia.es\/eielreal\/files\/2025\/11\/IMG_20251114_103327-2048x1536.jpg 2048w\" sizes=\"(max-width: 300px) 100vw, 300px\" \/><\/a><\/p>\n<h3 data-start=\"1301\" data-end=\"1335\"><strong data-start=\"1305\" data-end=\"1335\">Un cuento muy FLAMENCO<\/strong><\/h3>\n<p data-start=\"1336\" data-end=\"1606\">A continuaci\u00f3n, hemos contado un <strong data-start=\"1369\" data-end=\"1409\">cuento inspirado en el arte flamenco<\/strong>, lleno de colores, emociones y un personaje muy particular, el flamenco Renato que bailaba al son de buler\u00edas y tangos. Una historia que ha invitado a los ni\u00f1os y ni\u00f1as a acercarse al flamenco desde la imaginaci\u00f3n y la sensibilidad.<\/p>\n<p data-start=\"1336\" data-end=\"1606\"><a href=\"https:\/\/blogsaverroes.juntadeandalucia.es\/eielreal\/files\/2025\/11\/RENATO-NICANOR.jpg\"><img loading=\"lazy\" decoding=\"async\" class=\"aligncenter size-full wp-image-40933\" src=\"https:\/\/blogsaverroes.juntadeandalucia.es\/eielreal\/files\/2025\/11\/RENATO-NICANOR.jpg\" alt=\"\" width=\"221\" height=\"297\"><\/a><\/p>\n<p data-start=\"1336\" data-end=\"1606\">Narrado por el pap\u00e1 de Ana de 5 a\u00f1os B, Romualdo. Nos ha dejado un buen sabor de boca y ha abierto el camino a las actuaciones realizadas en nuestro sal\u00f3n de actos.<\/p>\n<p data-start=\"1336\" data-end=\"1606\"><img loading=\"lazy\" decoding=\"async\" class=\"aligncenter size-medium wp-image-40934\" src=\"https:\/\/blogsaverroes.juntadeandalucia.es\/eielreal\/files\/2025\/11\/IMG20251114124628-300x138.jpg\" alt=\"\" width=\"300\" height=\"138\" srcset=\"https:\/\/blogsaverroes.juntadeandalucia.es\/eielreal\/files\/2025\/11\/IMG20251114124628-300x138.jpg 300w, https:\/\/blogsaverroes.juntadeandalucia.es\/eielreal\/files\/2025\/11\/IMG20251114124628-1024x471.jpg 1024w, https:\/\/blogsaverroes.juntadeandalucia.es\/eielreal\/files\/2025\/11\/IMG20251114124628-768x353.jpg 768w, https:\/\/blogsaverroes.juntadeandalucia.es\/eielreal\/files\/2025\/11\/IMG20251114124628-1536x707.jpg 1536w, https:\/\/blogsaverroes.juntadeandalucia.es\/eielreal\/files\/2025\/11\/IMG20251114124628-2048x942.jpg 2048w, https:\/\/blogsaverroes.juntadeandalucia.es\/eielreal\/files\/2025\/11\/IMG20251114124628-980x450.jpg 980w\" sizes=\"(max-width: 300px) 100vw, 300px\" \/><a href=\"https:\/\/www.youtube.com\/watch?v=1TZV_Z_YdV4\">Renato Nicanor en youtube<\/a><\/p>\n<h3 data-start=\"1608\" data-end=\"1646\"><strong data-start=\"1612\" data-end=\"1646\">Espect\u00e1culo final de bailaoras<\/strong><\/h3>\n<p data-start=\"1647\" data-end=\"1924\">Para cerrar este d\u00eda tan especial, hemos disfrutado de un <strong data-start=\"1705\" data-end=\"1745\">maravilloso espect\u00e1culo de bailaoras<\/strong>, encabezadas por Manuela, madre de Candela de la clase de las ardillas.<\/p>\n<p>&nbsp;<\/p>\n<p data-start=\"1647\" data-end=\"1924\"><a href=\"https:\/\/blogsaverroes.juntadeandalucia.es\/eielreal\/files\/2025\/11\/IMG20251114132232-1.jpg\"><img loading=\"lazy\" decoding=\"async\" class=\"aligncenter size-medium wp-image-40936\" src=\"https:\/\/blogsaverroes.juntadeandalucia.es\/eielreal\/files\/2025\/11\/IMG20251114132232-1-300x138.jpg\" alt=\"\" width=\"300\" height=\"138\" srcset=\"https:\/\/blogsaverroes.juntadeandalucia.es\/eielreal\/files\/2025\/11\/IMG20251114132232-1-300x138.jpg 300w, https:\/\/blogsaverroes.juntadeandalucia.es\/eielreal\/files\/2025\/11\/IMG20251114132232-1-1024x471.jpg 1024w, https:\/\/blogsaverroes.juntadeandalucia.es\/eielreal\/files\/2025\/11\/IMG20251114132232-1-768x353.jpg 768w, https:\/\/blogsaverroes.juntadeandalucia.es\/eielreal\/files\/2025\/11\/IMG20251114132232-1-1536x707.jpg 1536w, https:\/\/blogsaverroes.juntadeandalucia.es\/eielreal\/files\/2025\/11\/IMG20251114132232-1-2048x942.jpg 2048w, https:\/\/blogsaverroes.juntadeandalucia.es\/eielreal\/files\/2025\/11\/IMG20251114132232-1-980x450.jpg 980w, https:\/\/blogsaverroes.juntadeandalucia.es\/eielreal\/files\/2025\/11\/IMG20251114132232-1.jpg 1600w\" sizes=\"(max-width: 300px) 100vw, 300px\" \/><\/a><\/p>\n<p data-start=\"1647\" data-end=\"1924\"><a href=\"https:\/\/blogsaverroes.juntadeandalucia.es\/eielreal\/files\/2025\/11\/IMG20251114132231_BURST000_COVER.jpg\"><img loading=\"lazy\" decoding=\"async\" class=\"aligncenter size-medium wp-image-40937\" src=\"https:\/\/blogsaverroes.juntadeandalucia.es\/eielreal\/files\/2025\/11\/IMG20251114132231_BURST000_COVER-300x138.jpg\" alt=\"\" width=\"300\" height=\"138\" srcset=\"https:\/\/blogsaverroes.juntadeandalucia.es\/eielreal\/files\/2025\/11\/IMG20251114132231_BURST000_COVER-300x138.jpg 300w, https:\/\/blogsaverroes.juntadeandalucia.es\/eielreal\/files\/2025\/11\/IMG20251114132231_BURST000_COVER-1024x471.jpg 1024w, https:\/\/blogsaverroes.juntadeandalucia.es\/eielreal\/files\/2025\/11\/IMG20251114132231_BURST000_COVER-768x353.jpg 768w, https:\/\/blogsaverroes.juntadeandalucia.es\/eielreal\/files\/2025\/11\/IMG20251114132231_BURST000_COVER-1536x707.jpg 1536w, https:\/\/blogsaverroes.juntadeandalucia.es\/eielreal\/files\/2025\/11\/IMG20251114132231_BURST000_COVER-2048x942.jpg 2048w, https:\/\/blogsaverroes.juntadeandalucia.es\/eielreal\/files\/2025\/11\/IMG20251114132231_BURST000_COVER-980x450.jpg 980w, https:\/\/blogsaverroes.juntadeandalucia.es\/eielreal\/files\/2025\/11\/IMG20251114132231_BURST000_COVER.jpg 1600w\" sizes=\"(max-width: 300px) 100vw, 300px\" \/><\/a><\/p>\n<p data-start=\"1647\" data-end=\"1924\"><a href=\"https:\/\/blogsaverroes.juntadeandalucia.es\/eielreal\/files\/2025\/11\/IMG_6343.jpg\"><img loading=\"lazy\" decoding=\"async\" class=\"aligncenter size-medium wp-image-40935\" src=\"https:\/\/blogsaverroes.juntadeandalucia.es\/eielreal\/files\/2025\/11\/IMG_6343-225x300.jpg\" alt=\"\" width=\"225\" height=\"300\" srcset=\"https:\/\/blogsaverroes.juntadeandalucia.es\/eielreal\/files\/2025\/11\/IMG_6343-225x300.jpg 225w, https:\/\/blogsaverroes.juntadeandalucia.es\/eielreal\/files\/2025\/11\/IMG_6343-768x1024.jpg 768w, https:\/\/blogsaverroes.juntadeandalucia.es\/eielreal\/files\/2025\/11\/IMG_6343-1152x1536.jpg 1152w, https:\/\/blogsaverroes.juntadeandalucia.es\/eielreal\/files\/2025\/11\/IMG_6343-1536x2048.jpg 1536w, https:\/\/blogsaverroes.juntadeandalucia.es\/eielreal\/files\/2025\/11\/IMG_6343.jpg 1200w\" sizes=\"(max-width: 225px) 100vw, 225px\" \/><\/a><\/p>\n<p data-start=\"1647\" data-end=\"1924\">Nos han llenado de arte, fuerza y emoci\u00f3n. Los peques han mirado con ojos muy abiertos cada movimiento, cada giro y cada taconeo. \u00a1Un momento m\u00e1gico para terminar la jornada!<\/p>\n<p data-start=\"1647\" data-end=\"1924\"><a href=\"https:\/\/blogsaverroes.juntadeandalucia.es\/eielreal\/files\/2025\/11\/IMG20251114131921.jpg\"><img loading=\"lazy\" decoding=\"async\" class=\"aligncenter size-medium wp-image-40938\" src=\"https:\/\/blogsaverroes.juntadeandalucia.es\/eielreal\/files\/2025\/11\/IMG20251114131921-300x138.jpg\" alt=\"\" width=\"300\" height=\"138\" srcset=\"https:\/\/blogsaverroes.juntadeandalucia.es\/eielreal\/files\/2025\/11\/IMG20251114131921-300x138.jpg 300w, https:\/\/blogsaverroes.juntadeandalucia.es\/eielreal\/files\/2025\/11\/IMG20251114131921-1024x471.jpg 1024w, https:\/\/blogsaverroes.juntadeandalucia.es\/eielreal\/files\/2025\/11\/IMG20251114131921-768x353.jpg 768w, https:\/\/blogsaverroes.juntadeandalucia.es\/eielreal\/files\/2025\/11\/IMG20251114131921-1536x707.jpg 1536w, https:\/\/blogsaverroes.juntadeandalucia.es\/eielreal\/files\/2025\/11\/IMG20251114131921-2048x942.jpg 2048w, https:\/\/blogsaverroes.juntadeandalucia.es\/eielreal\/files\/2025\/11\/IMG20251114131921-980x450.jpg 980w\" sizes=\"(max-width: 300px) 100vw, 300px\" \/><\/a><\/p>\n<p data-start=\"1647\" data-end=\"1924\"><a href=\"https:\/\/blogsaverroes.juntadeandalucia.es\/eielreal\/files\/2025\/11\/IMG20251114131919.jpg\"><img loading=\"lazy\" decoding=\"async\" class=\"aligncenter size-medium wp-image-40939\" src=\"https:\/\/blogsaverroes.juntadeandalucia.es\/eielreal\/files\/2025\/11\/IMG20251114131919-300x138.jpg\" alt=\"\" width=\"300\" height=\"138\" srcset=\"https:\/\/blogsaverroes.juntadeandalucia.es\/eielreal\/files\/2025\/11\/IMG20251114131919-300x138.jpg 300w, https:\/\/blogsaverroes.juntadeandalucia.es\/eielreal\/files\/2025\/11\/IMG20251114131919-1024x471.jpg 1024w, https:\/\/blogsaverroes.juntadeandalucia.es\/eielreal\/files\/2025\/11\/IMG20251114131919-768x353.jpg 768w, https:\/\/blogsaverroes.juntadeandalucia.es\/eielreal\/files\/2025\/11\/IMG20251114131919-1536x707.jpg 1536w, https:\/\/blogsaverroes.juntadeandalucia.es\/eielreal\/files\/2025\/11\/IMG20251114131919-2048x942.jpg 2048w, https:\/\/blogsaverroes.juntadeandalucia.es\/eielreal\/files\/2025\/11\/IMG20251114131919-980x450.jpg 980w, https:\/\/blogsaverroes.juntadeandalucia.es\/eielreal\/files\/2025\/11\/IMG20251114131919.jpg 1600w\" sizes=\"(max-width: 300px) 100vw, 300px\" \/><\/a><\/p>\n<hr data-start=\"1926\" data-end=\"1929\">\n<p data-start=\"1931\" data-end=\"2191\">Ha sido un d\u00eda lleno de participaci\u00f3n, descubrimientos y arte, en el que nuestras aulas se han llenado de m\u00fasica y alegr\u00eda.<\/p>\n<p data-start=\"1931\" data-end=\"2191\"><a href=\"https:\/\/blogsaverroes.juntadeandalucia.es\/eielreal\/files\/2025\/11\/IMG_20251114_122257-1.jpg\"><img loading=\"lazy\" decoding=\"async\" class=\"aligncenter size-medium wp-image-40940\" src=\"https:\/\/blogsaverroes.juntadeandalucia.es\/eielreal\/files\/2025\/11\/IMG_20251114_122257-1-300x225.jpg\" alt=\"\" width=\"300\" height=\"225\" srcset=\"https:\/\/blogsaverroes.juntadeandalucia.es\/eielreal\/files\/2025\/11\/IMG_20251114_122257-1-300x225.jpg 300w, https:\/\/blogsaverroes.juntadeandalucia.es\/eielreal\/files\/2025\/11\/IMG_20251114_122257-1-1024x769.jpg 1024w, https:\/\/blogsaverroes.juntadeandalucia.es\/eielreal\/files\/2025\/11\/IMG_20251114_122257-1-768x577.jpg 768w, https:\/\/blogsaverroes.juntadeandalucia.es\/eielreal\/files\/2025\/11\/IMG_20251114_122257-1-1536x1154.jpg 1536w, https:\/\/blogsaverroes.juntadeandalucia.es\/eielreal\/files\/2025\/11\/IMG_20251114_122257-1-2048x1538.jpg 2048w, https:\/\/blogsaverroes.juntadeandalucia.es\/eielreal\/files\/2025\/11\/IMG_20251114_122257-1.jpg 1600w\" sizes=\"(max-width: 300px) 100vw, 300px\" \/><\/a><br data-start=\"2054\" data-end=\"2057\"><strong data-start=\"2057\" data-end=\"2191\">\u00a1Gracias a todas las familias por compartir este d\u00eda con nosotros y por ayudar a que el Flamenco siga vivo entre los m\u00e1s peque\u00f1os!<\/strong><\/p>\n<p data-start=\"1931\" data-end=\"2191\"><a href=\"https:\/\/blogsaverroes.juntadeandalucia.es\/eielreal\/files\/2025\/11\/IMG20251114132843.jpg\"><img loading=\"lazy\" decoding=\"async\" class=\"aligncenter size-medium wp-image-40941\" src=\"https:\/\/blogsaverroes.juntadeandalucia.es\/eielreal\/files\/2025\/11\/IMG20251114132843-300x225.jpg\" alt=\"\" width=\"300\" height=\"225\" srcset=\"https:\/\/blogsaverroes.juntadeandalucia.es\/eielreal\/files\/2025\/11\/IMG20251114132843-300x225.jpg 300w, https:\/\/blogsaverroes.juntadeandalucia.es\/eielreal\/files\/2025\/11\/IMG20251114132843-1024x768.jpg 1024w, https:\/\/blogsaverroes.juntadeandalucia.es\/eielreal\/files\/2025\/11\/IMG20251114132843-768x576.jpg 768w, https:\/\/blogsaverroes.juntadeandalucia.es\/eielreal\/files\/2025\/11\/IMG20251114132843-1536x1152.jpg 1536w, https:\/\/blogsaverroes.juntadeandalucia.es\/eielreal\/files\/2025\/11\/IMG20251114132843-2048x1536.jpg 2048w\" sizes=\"(max-width: 300px) 100vw, 300px\" \/><\/a><\/p>\n<p data-start=\"1931\" data-end=\"2191\">Y al Ampa El Real- Karmo por dejarnos este espacio tan Flamenco en nuestro patio: GRACIAS<\/p>\n<p data-start=\"1931\" data-end=\"2191\">M\u00e1s im\u00e1genes de este d\u00eda pinchando <a href=\"https:\/\/drive.google.com\/drive\/folders\/1qs01zBLWxVucT1Cs9MmPvFK-m50AWWDN?usp=drive_link\"><strong>aqui<\/strong><\/a><\/p>\n<div style=\"width: 848px;\" class=\"wp-video\"><!--[if lt IE 9]><script>document.createElement('video');<\/script><![endif]-->\n<video class=\"wp-video-shortcode\" id=\"video-40921-1\" width=\"848\" height=\"480\" preload=\"metadata\" controls=\"controls\"><source type=\"video\/mp4\" src=\"https:\/\/blogsaverroes.juntadeandalucia.es\/eielreal\/files\/2025\/11\/flamenco.mp4?_=1\" \/><a href=\"https:\/\/blogsaverroes.juntadeandalucia.es\/eielreal\/files\/2025\/11\/flamenco.mp4\">https:\/\/blogsaverroes.juntadeandalucia.es\/eielreal\/files\/2025\/11\/flamenco.mp4<\/a><\/video><\/div>\n","protected":false},"excerpt":{"rendered":"<p>Celebramos el D\u00eda del Flamenco en Infantil Hoy hemos vivido una jornada muy especial en nuestro cole: \u00a1hemos celebrado el D\u00eda del Flamenco!El Flamenco forma parte de nuestra cultura y nuestra identidad, y qu\u00e9&#46;&#46;&#46;<\/p>\n","protected":false},"author":1886,"featured_media":40943,"comment_status":"open","ping_status":"open","sticky":false,"template":"","format":"standard","meta":{"ngg_post_thumbnail":0,"footnotes":""},"categories":[1705,5991,1696,1740703,962],"tags":[1740649],"aioseo_notices":[],"_links":{"self":[{"href":"https:\/\/blogsaverroes.juntadeandalucia.es\/eielreal\/wp-json\/wp\/v2\/posts\/40921"}],"collection":[{"href":"https:\/\/blogsaverroes.juntadeandalucia.es\/eielreal\/wp-json\/wp\/v2\/posts"}],"about":[{"href":"https:\/\/blogsaverroes.juntadeandalucia.es\/eielreal\/wp-json\/wp\/v2\/types\/post"}],"author":[{"embeddable":true,"href":"https:\/\/blogsaverroes.juntadeandalucia.es\/eielreal\/wp-json\/wp\/v2\/users\/1886"}],"replies":[{"embeddable":true,"href":"https:\/\/blogsaverroes.juntadeandalucia.es\/eielreal\/wp-json\/wp\/v2\/comments?post=40921"}],"version-history":[{"count":2,"href":"https:\/\/blogsaverroes.juntadeandalucia.es\/eielreal\/wp-json\/wp\/v2\/posts\/40921\/revisions"}],"predecessor-version":[{"id":40944,"href":"https:\/\/blogsaverroes.juntadeandalucia.es\/eielreal\/wp-json\/wp\/v2\/posts\/40921\/revisions\/40944"}],"wp:featuredmedia":[{"embeddable":true,"href":"https:\/\/blogsaverroes.juntadeandalucia.es\/eielreal\/wp-json\/wp\/v2\/media\/40943"}],"wp:attachment":[{"href":"https:\/\/blogsaverroes.juntadeandalucia.es\/eielreal\/wp-json\/wp\/v2\/media?parent=40921"}],"wp:term":[{"taxonomy":"category","embeddable":true,"href":"https:\/\/blogsaverroes.juntadeandalucia.es\/eielreal\/wp-json\/wp\/v2\/categories?post=40921"},{"taxonomy":"post_tag","embeddable":true,"href":"https:\/\/blogsaverroes.juntadeandalucia.es\/eielreal\/wp-json\/wp\/v2\/tags?post=40921"}],"curies":[{"name":"wp","href":"https:\/\/api.w.org\/{rel}","templated":true}]}}