{"id":41207,"date":"2026-03-01T20:40:08","date_gmt":"2026-03-01T20:40:08","guid":{"rendered":"https:\/\/blogsaverroes.juntadeandalucia.es\/eielreal\/?p=41207"},"modified":"2026-03-01T20:47:05","modified_gmt":"2026-03-01T20:47:05","slug":"el-real-con-valeria","status":"publish","type":"post","link":"https:\/\/blogsaverroes.juntadeandalucia.es\/eielreal\/el-real-con-valeria\/","title":{"rendered":"EL REAL CON VALERIA"},"content":{"rendered":"<blockquote><p>Nuestro Cole ,como no pod\u00eda ser menos, y como siempre ha demostrado en su trayectoria es y ser\u00e1 un cole solidario. Desde el Programa: Escuela Espacio de Paz y H\u00e1bitos de Vida Saludable pusimos en marcha la recogida de juguetes y de aportaci\u00f3n econ\u00f3mica solidaria para contribuir a que se cumpla el objetivo de Valeria y pueda vencer esta enfermedad rara lo antes posible. Hemos recogido 140 euros y muchos juguetes Todo estar\u00e1&nbsp; destinado<a href=\"https:\/\/blogsaverroes.juntadeandalucia.es\/eielreal\/files\/2026\/03\/hucha.jpg\"><img loading=\"lazy\" decoding=\"async\" class=\"alignright size-medium wp-image-41208\" src=\"https:\/\/blogsaverroes.juntadeandalucia.es\/eielreal\/files\/2026\/03\/hucha-169x300.jpg\" alt=\"\" width=\"169\" height=\"300\" srcset=\"https:\/\/blogsaverroes.juntadeandalucia.es\/eielreal\/files\/2026\/03\/hucha-169x300.jpg 169w, https:\/\/blogsaverroes.juntadeandalucia.es\/eielreal\/files\/2026\/03\/hucha-576x1024.jpg 576w, https:\/\/blogsaverroes.juntadeandalucia.es\/eielreal\/files\/2026\/03\/hucha-768x1365.jpg 768w, https:\/\/blogsaverroes.juntadeandalucia.es\/eielreal\/files\/2026\/03\/hucha-864x1536.jpg 864w, https:\/\/blogsaverroes.juntadeandalucia.es\/eielreal\/files\/2026\/03\/hucha.jpg 900w\" sizes=\"(max-width: 169px) 100vw, 169px\" \/><\/a> a comprar dulces para la chocolatada y t\u00f3mbola que tendr\u00e1 lugar los d\u00edas 7 y 8 de Marzo en el Real de la Feria. Concretamente en la Caseta de Baloncesto ,y a la que os invitamos a colaborar nuevamente. No nos queda mas que daros las GRACIAS a todos y todas.<\/p><\/blockquote>\n","protected":false},"excerpt":{"rendered":"<p>Nuestro Cole ,como no pod\u00eda ser menos, y como siempre ha demostrado en su trayectoria es y ser\u00e1 un cole solidario. Desde el Programa: Escuela Espacio de Paz y H\u00e1bitos de Vida Saludable pusimos&#46;&#46;&#46;<\/p>\n","protected":false},"author":1886,"featured_media":0,"comment_status":"open","ping_status":"open","sticky":false,"template":"","format":"standard","meta":{"ngg_post_thumbnail":0,"footnotes":""},"categories":[11909],"tags":[],"aioseo_notices":[],"_links":{"self":[{"href":"https:\/\/blogsaverroes.juntadeandalucia.es\/eielreal\/wp-json\/wp\/v2\/posts\/41207"}],"collection":[{"href":"https:\/\/blogsaverroes.juntadeandalucia.es\/eielreal\/wp-json\/wp\/v2\/posts"}],"about":[{"href":"https:\/\/blogsaverroes.juntadeandalucia.es\/eielreal\/wp-json\/wp\/v2\/types\/post"}],"author":[{"embeddable":true,"href":"https:\/\/blogsaverroes.juntadeandalucia.es\/eielreal\/wp-json\/wp\/v2\/users\/1886"}],"replies":[{"embeddable":true,"href":"https:\/\/blogsaverroes.juntadeandalucia.es\/eielreal\/wp-json\/wp\/v2\/comments?post=41207"}],"version-history":[{"count":3,"href":"https:\/\/blogsaverroes.juntadeandalucia.es\/eielreal\/wp-json\/wp\/v2\/posts\/41207\/revisions"}],"predecessor-version":[{"id":41211,"href":"https:\/\/blogsaverroes.juntadeandalucia.es\/eielreal\/wp-json\/wp\/v2\/posts\/41207\/revisions\/41211"}],"wp:attachment":[{"href":"https:\/\/blogsaverroes.juntadeandalucia.es\/eielreal\/wp-json\/wp\/v2\/media?parent=41207"}],"wp:term":[{"taxonomy":"category","embeddable":true,"href":"https:\/\/blogsaverroes.juntadeandalucia.es\/eielreal\/wp-json\/wp\/v2\/categories?post=41207"},{"taxonomy":"post_tag","embeddable":true,"href":"https:\/\/blogsaverroes.juntadeandalucia.es\/eielreal\/wp-json\/wp\/v2\/tags?post=41207"}],"curies":[{"name":"wp","href":"https:\/\/api.w.org\/{rel}","templated":true}]}}