{"id":4207,"date":"2016-04-07T17:43:01","date_gmt":"2016-04-07T17:43:01","guid":{"rendered":"http:\/\/blogsaverroes.juntadeandalucia.es\/eielreal\/?p=4207"},"modified":"2016-04-09T21:59:40","modified_gmt":"2016-04-09T21:59:40","slug":"todos-preparados","status":"publish","type":"post","link":"https:\/\/blogsaverroes.juntadeandalucia.es\/eielreal\/todos-preparados\/","title":{"rendered":"\u00a1Todos preparados!"},"content":{"rendered":"<p><a href=\"http:\/\/blogsaverroes.juntadeandalucia.es\/eielreal\/los-ninosas-de-3-anos-asaltan-el-castillo\/los-ninosa-de-3-anos-asaltan-el-castillo\/\"><img loading=\"lazy\" decoding=\"async\" class=\"alignnone  wp-image-4208\" src=\"http:\/\/blogsaverroes.juntadeandalucia.es\/eielreal\/files\/2016\/04\/3-a\u00f1os-36-300x169.jpg\" alt=\"3 a\u00f1os (36)\" width=\"282\" height=\"159\" srcset=\"https:\/\/blogsaverroes.juntadeandalucia.es\/eielreal\/files\/2016\/04\/3-a\u00f1os-36-300x169.jpg 300w, https:\/\/blogsaverroes.juntadeandalucia.es\/eielreal\/files\/2016\/04\/3-a\u00f1os-36-1024x576.jpg 1024w, https:\/\/blogsaverroes.juntadeandalucia.es\/eielreal\/files\/2016\/04\/3-a\u00f1os-36-700x393.jpg 700w, https:\/\/blogsaverroes.juntadeandalucia.es\/eielreal\/files\/2016\/04\/3-a\u00f1os-36.jpg 1600w\" sizes=\"(max-width: 282px) 100vw, 282px\" \/><\/a><a href=\"http:\/\/blogsaverroes.juntadeandalucia.es\/eielreal\/los-ninosas-de-4-anos-asaltan-el-castillo-2\/los-ninosas-de-4-anos-asaltan-el-castillo-2\/\"><img loading=\"lazy\" decoding=\"async\" class=\"alignnone  wp-image-4209\" src=\"http:\/\/blogsaverroes.juntadeandalucia.es\/eielreal\/files\/2016\/04\/4-a\u00f1os-40-300x169.jpg\" alt=\"4 a\u00f1os (40)\" width=\"291\" height=\"169\" \/><\/a>\u00a0<a href=\"http:\/\/blogsaverroes.juntadeandalucia.es\/eielreal\/los-alumnosas-de-5-anos-asaltan-el-castillo\/los-alumnosas-de-5-anos-asaltan-el-castillo\/\"><img loading=\"lazy\" decoding=\"async\" class=\" size-medium wp-image-4210 alignleft\" src=\"http:\/\/blogsaverroes.juntadeandalucia.es\/eielreal\/files\/2016\/04\/5-a\u00f1os-139-300x169.jpg\" alt=\"5 a\u00f1os (139)\" width=\"300\" height=\"169\" srcset=\"https:\/\/blogsaverroes.juntadeandalucia.es\/eielreal\/files\/2016\/04\/5-a\u00f1os-139-300x169.jpg 300w, https:\/\/blogsaverroes.juntadeandalucia.es\/eielreal\/files\/2016\/04\/5-a\u00f1os-139-1024x576.jpg 1024w, https:\/\/blogsaverroes.juntadeandalucia.es\/eielreal\/files\/2016\/04\/5-a\u00f1os-139-700x393.jpg 700w, https:\/\/blogsaverroes.juntadeandalucia.es\/eielreal\/files\/2016\/04\/5-a\u00f1os-139.jpg 1600w\" sizes=\"(max-width: 300px) 100vw, 300px\" \/><img loading=\"lazy\" decoding=\"async\" class=\"alignnone  wp-image-4211\" src=\"http:\/\/blogsaverroes.juntadeandalucia.es\/eielreal\/files\/2016\/04\/5-a\u00f1os-122-300x200.jpg\" alt=\"5 a\u00f1os (122)\" width=\"279\" height=\"190\" \/><\/a><\/p>\n<h3>Con la visita al Alc\u00e1zar de la Puerta de Sevilla de nuestro milenario pueblo, nos embarcamos en la historia medieval. Los ni\u00f1os y ni\u00f1as de 3, 4 y 5 a\u00f1os inician el Proyecto \u00abCastillos\u00bb que les llevar\u00e1 \u00a0tres meses de aventuras, descubrimiento, aprendizaje y diversi\u00f3n.<\/h3>\n<h3>\u00a1 TODOS PREPARADOS!<\/h3>\n<h4><a href=\"http:\/\/blogsaverroes.juntadeandalucia.es\/eielreal\/galeria-2\/\">(M\u00c1S IM\u00c1GENES EN LA GALER\u00cdA)<\/a><\/h4>\n","protected":false},"excerpt":{"rendered":"<p>\u00a0 Con la visita al Alc\u00e1zar de la Puerta de Sevilla de nuestro milenario pueblo, nos embarcamos en la historia medieval. Los ni\u00f1os y ni\u00f1as de 3, 4 y 5 a\u00f1os inician el Proyecto&#46;&#46;&#46;<\/p>\n","protected":false},"author":1886,"featured_media":4208,"comment_status":"open","ping_status":"open","sticky":false,"template":"","format":"standard","meta":{"ngg_post_thumbnail":0,"footnotes":""},"categories":[1705,826882,827092,827267],"tags":[],"aioseo_notices":[],"_links":{"self":[{"href":"https:\/\/blogsaverroes.juntadeandalucia.es\/eielreal\/wp-json\/wp\/v2\/posts\/4207"}],"collection":[{"href":"https:\/\/blogsaverroes.juntadeandalucia.es\/eielreal\/wp-json\/wp\/v2\/posts"}],"about":[{"href":"https:\/\/blogsaverroes.juntadeandalucia.es\/eielreal\/wp-json\/wp\/v2\/types\/post"}],"author":[{"embeddable":true,"href":"https:\/\/blogsaverroes.juntadeandalucia.es\/eielreal\/wp-json\/wp\/v2\/users\/1886"}],"replies":[{"embeddable":true,"href":"https:\/\/blogsaverroes.juntadeandalucia.es\/eielreal\/wp-json\/wp\/v2\/comments?post=4207"}],"version-history":[{"count":7,"href":"https:\/\/blogsaverroes.juntadeandalucia.es\/eielreal\/wp-json\/wp\/v2\/posts\/4207\/revisions"}],"predecessor-version":[{"id":4441,"href":"https:\/\/blogsaverroes.juntadeandalucia.es\/eielreal\/wp-json\/wp\/v2\/posts\/4207\/revisions\/4441"}],"wp:featuredmedia":[{"embeddable":true,"href":"https:\/\/blogsaverroes.juntadeandalucia.es\/eielreal\/wp-json\/wp\/v2\/media\/4208"}],"wp:attachment":[{"href":"https:\/\/blogsaverroes.juntadeandalucia.es\/eielreal\/wp-json\/wp\/v2\/media?parent=4207"}],"wp:term":[{"taxonomy":"category","embeddable":true,"href":"https:\/\/blogsaverroes.juntadeandalucia.es\/eielreal\/wp-json\/wp\/v2\/categories?post=4207"},{"taxonomy":"post_tag","embeddable":true,"href":"https:\/\/blogsaverroes.juntadeandalucia.es\/eielreal\/wp-json\/wp\/v2\/tags?post=4207"}],"curies":[{"name":"wp","href":"https:\/\/api.w.org\/{rel}","templated":true}]}}