{"id":4538,"date":"2016-04-20T18:47:22","date_gmt":"2016-04-20T18:47:22","guid":{"rendered":"http:\/\/blogsaverroes.juntadeandalucia.es\/eielreal\/?p=4538"},"modified":"2016-04-21T09:03:20","modified_gmt":"2016-04-21T09:03:20","slug":"el-monstruo-de-colores","status":"publish","type":"post","link":"https:\/\/blogsaverroes.juntadeandalucia.es\/eielreal\/el-monstruo-de-colores\/","title":{"rendered":"El Monstruo de Colores. Aula 3."},"content":{"rendered":"<p>Estamos trabajando los personajes de Los Castillos, nuestros alumnos\/as piensan que adem\u00e1s de reyes. princesas, caballeros, bufones, brujas&#8230;en las mazmorras de \u00e9stos tambi\u00e9n viv\u00edan MONSTRUOS&#8230; pero \u00bftodos son malos?<\/p>\n<p>Como se acerca el D\u00eda del Libro, a partir del Cuento El Monstruo de colores hemos trabajado con ellos\/as las EMOCIONES. pintando de distinto color nuestro simp\u00e1tico personaje seg\u00fan nuestro estado de \u00e1nimo: amarillo-alegr\u00eda, verde-tranquilos, rosa-queridos&#8230;<\/p>\n<p>Ah\u00ed llev\u00e1is un peque\u00f1o arcoiris fotogr\u00e1fico&#8230;<\/p>\n<p>Rosario<a href=\"http:\/\/blogsaverroes.juntadeandalucia.es\/eielreal\/files\/2016\/04\/20160420_1306001.jpg\"><img loading=\"lazy\" decoding=\"async\" class=\"aligncenter size-medium wp-image-4547\" src=\"http:\/\/blogsaverroes.juntadeandalucia.es\/eielreal\/files\/2016\/04\/20160420_1306001-300x169.jpg\" alt=\"20160420_130600[1]\" width=\"300\" height=\"169\" srcset=\"https:\/\/blogsaverroes.juntadeandalucia.es\/eielreal\/files\/2016\/04\/20160420_1306001-300x169.jpg 300w, https:\/\/blogsaverroes.juntadeandalucia.es\/eielreal\/files\/2016\/04\/20160420_1306001-1024x576.jpg 1024w, https:\/\/blogsaverroes.juntadeandalucia.es\/eielreal\/files\/2016\/04\/20160420_1306001-700x393.jpg 700w, https:\/\/blogsaverroes.juntadeandalucia.es\/eielreal\/files\/2016\/04\/20160420_1306001.jpg 1600w\" sizes=\"(max-width: 300px) 100vw, 300px\" \/><\/a> <a href=\"http:\/\/blogsaverroes.juntadeandalucia.es\/eielreal\/files\/2016\/04\/20160415_093125.jpg\"><img loading=\"lazy\" decoding=\"async\" class=\"aligncenter size-medium wp-image-4548\" src=\"http:\/\/blogsaverroes.juntadeandalucia.es\/eielreal\/files\/2016\/04\/20160415_093125-300x169.jpg\" alt=\"20160415_093125\" width=\"300\" height=\"169\" srcset=\"https:\/\/blogsaverroes.juntadeandalucia.es\/eielreal\/files\/2016\/04\/20160415_093125-300x169.jpg 300w, https:\/\/blogsaverroes.juntadeandalucia.es\/eielreal\/files\/2016\/04\/20160415_093125-1024x576.jpg 1024w, https:\/\/blogsaverroes.juntadeandalucia.es\/eielreal\/files\/2016\/04\/20160415_093125-700x393.jpg 700w, https:\/\/blogsaverroes.juntadeandalucia.es\/eielreal\/files\/2016\/04\/20160415_093125.jpg 1600w\" sizes=\"(max-width: 300px) 100vw, 300px\" \/><\/a> <a href=\"http:\/\/blogsaverroes.juntadeandalucia.es\/eielreal\/files\/2016\/04\/20160419_121058.jpg\"><img loading=\"lazy\" decoding=\"async\" class=\"aligncenter size-medium wp-image-4550\" src=\"http:\/\/blogsaverroes.juntadeandalucia.es\/eielreal\/files\/2016\/04\/20160419_121058-169x300.jpg\" alt=\"20160419_121058\" width=\"169\" height=\"300\" srcset=\"https:\/\/blogsaverroes.juntadeandalucia.es\/eielreal\/files\/2016\/04\/20160419_121058-169x300.jpg 169w, https:\/\/blogsaverroes.juntadeandalucia.es\/eielreal\/files\/2016\/04\/20160419_121058-576x1024.jpg 576w, https:\/\/blogsaverroes.juntadeandalucia.es\/eielreal\/files\/2016\/04\/20160419_121058-700x1244.jpg 700w, https:\/\/blogsaverroes.juntadeandalucia.es\/eielreal\/files\/2016\/04\/20160419_121058.jpg 900w\" sizes=\"(max-width: 169px) 100vw, 169px\" \/><\/a><\/p>\n<p><a href=\"http:\/\/blogsaverroes.juntadeandalucia.es\/eielreal\/files\/2016\/04\/20160420_1156191.jpg\"><img loading=\"lazy\" decoding=\"async\" class=\"aligncenter size-medium wp-image-4541\" src=\"http:\/\/blogsaverroes.juntadeandalucia.es\/eielreal\/files\/2016\/04\/20160420_1156191-300x169.jpg\" alt=\"20160420_115619[1]\" width=\"300\" height=\"169\" srcset=\"https:\/\/blogsaverroes.juntadeandalucia.es\/eielreal\/files\/2016\/04\/20160420_1156191-300x169.jpg 300w, https:\/\/blogsaverroes.juntadeandalucia.es\/eielreal\/files\/2016\/04\/20160420_1156191-1024x576.jpg 1024w, https:\/\/blogsaverroes.juntadeandalucia.es\/eielreal\/files\/2016\/04\/20160420_1156191-700x393.jpg 700w, https:\/\/blogsaverroes.juntadeandalucia.es\/eielreal\/files\/2016\/04\/20160420_1156191.jpg 1600w\" sizes=\"(max-width: 300px) 100vw, 300px\" \/><\/a> <a href=\"http:\/\/blogsaverroes.juntadeandalucia.es\/eielreal\/files\/2016\/04\/20160420_1154351.jpg\"><img loading=\"lazy\" decoding=\"async\" class=\"aligncenter size-medium wp-image-4543\" src=\"http:\/\/blogsaverroes.juntadeandalucia.es\/eielreal\/files\/2016\/04\/20160420_1154351-300x169.jpg\" alt=\"20160420_115435[1]\" width=\"300\" height=\"169\" srcset=\"https:\/\/blogsaverroes.juntadeandalucia.es\/eielreal\/files\/2016\/04\/20160420_1154351-300x169.jpg 300w, https:\/\/blogsaverroes.juntadeandalucia.es\/eielreal\/files\/2016\/04\/20160420_1154351-1024x576.jpg 1024w, https:\/\/blogsaverroes.juntadeandalucia.es\/eielreal\/files\/2016\/04\/20160420_1154351-700x393.jpg 700w, https:\/\/blogsaverroes.juntadeandalucia.es\/eielreal\/files\/2016\/04\/20160420_1154351.jpg 1600w\" sizes=\"(max-width: 300px) 100vw, 300px\" \/><\/a><\/p>\n","protected":false},"excerpt":{"rendered":"<p>Estamos trabajando los personajes de Los Castillos, nuestros alumnos\/as piensan que adem\u00e1s de reyes. princesas, caballeros, bufones, brujas&#8230;en las mazmorras de \u00e9stos tambi\u00e9n viv\u00edan MONSTRUOS&#8230; pero \u00bftodos son malos? Como se acerca el D\u00eda&#46;&#46;&#46;<\/p>\n","protected":false},"author":3183,"featured_media":4539,"comment_status":"open","ping_status":"open","sticky":false,"template":"","format":"standard","meta":{"ngg_post_thumbnail":0,"footnotes":""},"categories":[827092],"tags":[],"aioseo_notices":[],"_links":{"self":[{"href":"https:\/\/blogsaverroes.juntadeandalucia.es\/eielreal\/wp-json\/wp\/v2\/posts\/4538"}],"collection":[{"href":"https:\/\/blogsaverroes.juntadeandalucia.es\/eielreal\/wp-json\/wp\/v2\/posts"}],"about":[{"href":"https:\/\/blogsaverroes.juntadeandalucia.es\/eielreal\/wp-json\/wp\/v2\/types\/post"}],"author":[{"embeddable":true,"href":"https:\/\/blogsaverroes.juntadeandalucia.es\/eielreal\/wp-json\/wp\/v2\/users\/3183"}],"replies":[{"embeddable":true,"href":"https:\/\/blogsaverroes.juntadeandalucia.es\/eielreal\/wp-json\/wp\/v2\/comments?post=4538"}],"version-history":[{"count":2,"href":"https:\/\/blogsaverroes.juntadeandalucia.es\/eielreal\/wp-json\/wp\/v2\/posts\/4538\/revisions"}],"predecessor-version":[{"id":4564,"href":"https:\/\/blogsaverroes.juntadeandalucia.es\/eielreal\/wp-json\/wp\/v2\/posts\/4538\/revisions\/4564"}],"wp:featuredmedia":[{"embeddable":true,"href":"https:\/\/blogsaverroes.juntadeandalucia.es\/eielreal\/wp-json\/wp\/v2\/media\/4539"}],"wp:attachment":[{"href":"https:\/\/blogsaverroes.juntadeandalucia.es\/eielreal\/wp-json\/wp\/v2\/media?parent=4538"}],"wp:term":[{"taxonomy":"category","embeddable":true,"href":"https:\/\/blogsaverroes.juntadeandalucia.es\/eielreal\/wp-json\/wp\/v2\/categories?post=4538"},{"taxonomy":"post_tag","embeddable":true,"href":"https:\/\/blogsaverroes.juntadeandalucia.es\/eielreal\/wp-json\/wp\/v2\/tags?post=4538"}],"curies":[{"name":"wp","href":"https:\/\/api.w.org\/{rel}","templated":true}]}}