{"id":6108,"date":"2016-09-16T08:56:47","date_gmt":"2016-09-16T08:56:47","guid":{"rendered":"http:\/\/blogsaverroes.juntadeandalucia.es\/eielreal\/?p=6108"},"modified":"2016-09-21T14:15:32","modified_gmt":"2016-09-21T14:15:32","slug":"reunion-septiembre","status":"publish","type":"post","link":"https:\/\/blogsaverroes.juntadeandalucia.es\/eielreal\/reunion-septiembre\/","title":{"rendered":"Reuni\u00f3n para el jueves 22 de septiembre"},"content":{"rendered":"<h3 align=\"JUSTIFY\"><span style=\"font-size: medium\">Con motivo del inicio de la<b> Actividad Extraescolar de Ingl\u00e9s <\/b>a partir del pr\u00f3ximo lunes 3 de octubre, queremos convocar a todas las familias de nuestro Centro \u00a0a una<b> reuni\u00f3n<\/b> para el pr\u00f3ximo <\/span><\/h3>\n<h3 align=\"JUSTIFY\"><span style=\"font-size: medium\"><strong><span style=\"color: #000000\">JUEVES 22 DE SEPTIEMBRE A LAS 9:00 HORAS EN EL SAL\u00d3N DE NUESTRO COLEGIO<\/span>,<\/strong> donde el Headteacher de <span style=\"color: #ff0000\"><span style=\"font-family: 'Arial Black', sans-serif\"><i><span style=\"color: #ff0000\">International English Study Centre (IESC)<\/span> <\/i><\/span><\/span>os explicar\u00e1 el M\u00e9todo de ingl\u00e9s que se seguir\u00e1 en las clases, los niveles, el material que se entregar\u00e1 a los alumnos (Macmillan English Quest and Cambridge), las evaluaciones parciales que se ir\u00e1n haciendo, y los certificados que se entregar\u00e1n al finalizar cada curso. <\/span><\/h3>\n<h3 class=\"western\" align=\"JUSTIFY\"><span style=\"font-size: medium\">Con todo esto pretendemos dar un giro importante a la actividad de Ingl\u00e9s que tradicionalmente se ha impartido en nuestro Centro. Para ello contamos con<span style=\"color: #ff0000\"> <span style=\"font-family: 'Arial Black', sans-serif\"><i>International <\/i><\/span><span style=\"font-family: 'Arial Black', sans-serif\"><i>English Study Centre (IESC).<\/i><\/span><\/span><\/span><\/h3>\n<h3 class=\"western\" align=\"JUSTIFY\"><span style=\"font-size: medium\">Esta actividad estar\u00e1 en su caso bonificada de acuerdo con el Plan de Ayuda a las Familias Andaluzas. <\/span><\/h3>\n","protected":false},"excerpt":{"rendered":"<p>Con motivo del inicio de la Actividad Extraescolar de Ingl\u00e9s a partir del pr\u00f3ximo lunes 3 de octubre, queremos convocar a todas las familias de nuestro Centro \u00a0a una reuni\u00f3n para el pr\u00f3ximo JUEVES&#46;&#46;&#46;<\/p>\n","protected":false},"author":1886,"featured_media":0,"comment_status":"open","ping_status":"open","sticky":false,"template":"","format":"standard","meta":{"ngg_post_thumbnail":0,"footnotes":""},"categories":[1705,33],"tags":[],"aioseo_notices":[],"_links":{"self":[{"href":"https:\/\/blogsaverroes.juntadeandalucia.es\/eielreal\/wp-json\/wp\/v2\/posts\/6108"}],"collection":[{"href":"https:\/\/blogsaverroes.juntadeandalucia.es\/eielreal\/wp-json\/wp\/v2\/posts"}],"about":[{"href":"https:\/\/blogsaverroes.juntadeandalucia.es\/eielreal\/wp-json\/wp\/v2\/types\/post"}],"author":[{"embeddable":true,"href":"https:\/\/blogsaverroes.juntadeandalucia.es\/eielreal\/wp-json\/wp\/v2\/users\/1886"}],"replies":[{"embeddable":true,"href":"https:\/\/blogsaverroes.juntadeandalucia.es\/eielreal\/wp-json\/wp\/v2\/comments?post=6108"}],"version-history":[{"count":3,"href":"https:\/\/blogsaverroes.juntadeandalucia.es\/eielreal\/wp-json\/wp\/v2\/posts\/6108\/revisions"}],"predecessor-version":[{"id":6132,"href":"https:\/\/blogsaverroes.juntadeandalucia.es\/eielreal\/wp-json\/wp\/v2\/posts\/6108\/revisions\/6132"}],"wp:attachment":[{"href":"https:\/\/blogsaverroes.juntadeandalucia.es\/eielreal\/wp-json\/wp\/v2\/media?parent=6108"}],"wp:term":[{"taxonomy":"category","embeddable":true,"href":"https:\/\/blogsaverroes.juntadeandalucia.es\/eielreal\/wp-json\/wp\/v2\/categories?post=6108"},{"taxonomy":"post_tag","embeddable":true,"href":"https:\/\/blogsaverroes.juntadeandalucia.es\/eielreal\/wp-json\/wp\/v2\/tags?post=6108"}],"curies":[{"name":"wp","href":"https:\/\/api.w.org\/{rel}","templated":true}]}}