{"id":7304,"date":"2016-12-04T22:06:43","date_gmt":"2016-12-04T22:06:43","guid":{"rendered":"http:\/\/blogsaverroes.juntadeandalucia.es\/eielreal\/?p=7304"},"modified":"2016-12-04T22:07:32","modified_gmt":"2016-12-04T22:07:32","slug":"feliz-dia-de-la-constitucion","status":"publish","type":"post","link":"https:\/\/blogsaverroes.juntadeandalucia.es\/eielreal\/feliz-dia-de-la-constitucion\/","title":{"rendered":"Celebrando el \u00abd\u00eda de la Constituci\u00f3n\u00bb."},"content":{"rendered":"<p>Con unos d\u00edas de adelanto hemos celebrado el d\u00eda de la Constituci\u00f3n.<a href=\"http:\/\/blogsaverroes.juntadeandalucia.es\/eielreal\/files\/2016\/12\/IMG_6483.jpg\"><img loading=\"lazy\" decoding=\"async\" class=\"alignnone size-medium wp-image-7311\" src=\"http:\/\/blogsaverroes.juntadeandalucia.es\/eielreal\/files\/2016\/12\/IMG_6493-300x225.jpg\" alt=\"IMG_6493\" width=\"300\" height=\"225\" srcset=\"https:\/\/blogsaverroes.juntadeandalucia.es\/eielreal\/files\/2016\/12\/IMG_6493-300x225.jpg 300w, https:\/\/blogsaverroes.juntadeandalucia.es\/eielreal\/files\/2016\/12\/IMG_6493-1024x768.jpg 1024w, https:\/\/blogsaverroes.juntadeandalucia.es\/eielreal\/files\/2016\/12\/IMG_6493-700x525.jpg 700w, https:\/\/blogsaverroes.juntadeandalucia.es\/eielreal\/files\/2016\/12\/IMG_6493-24x18.jpg 24w, https:\/\/blogsaverroes.juntadeandalucia.es\/eielreal\/files\/2016\/12\/IMG_6493-36x27.jpg 36w, https:\/\/blogsaverroes.juntadeandalucia.es\/eielreal\/files\/2016\/12\/IMG_6493-48x36.jpg 48w, https:\/\/blogsaverroes.juntadeandalucia.es\/eielreal\/files\/2016\/12\/IMG_6493.jpg 1600w\" sizes=\"(max-width: 300px) 100vw, 300px\" \/><\/a><a href=\"http:\/\/blogsaverroes.juntadeandalucia.es\/eielreal\/files\/2016\/12\/IMG_6490.jpg\"><img loading=\"lazy\" decoding=\"async\" class=\"alignnone size-medium wp-image-7314\" src=\"http:\/\/blogsaverroes.juntadeandalucia.es\/eielreal\/files\/2016\/12\/IMG_6490-300x225.jpg\" alt=\"IMG_6490\" width=\"300\" height=\"225\" srcset=\"https:\/\/blogsaverroes.juntadeandalucia.es\/eielreal\/files\/2016\/12\/IMG_6490-300x225.jpg 300w, https:\/\/blogsaverroes.juntadeandalucia.es\/eielreal\/files\/2016\/12\/IMG_6490-1024x768.jpg 1024w, https:\/\/blogsaverroes.juntadeandalucia.es\/eielreal\/files\/2016\/12\/IMG_6490-700x525.jpg 700w, https:\/\/blogsaverroes.juntadeandalucia.es\/eielreal\/files\/2016\/12\/IMG_6490-24x18.jpg 24w, https:\/\/blogsaverroes.juntadeandalucia.es\/eielreal\/files\/2016\/12\/IMG_6490-36x27.jpg 36w, https:\/\/blogsaverroes.juntadeandalucia.es\/eielreal\/files\/2016\/12\/IMG_6490-48x36.jpg 48w, https:\/\/blogsaverroes.juntadeandalucia.es\/eielreal\/files\/2016\/12\/IMG_6490.jpg 1600w\" sizes=\"(max-width: 300px) 100vw, 300px\" \/><\/a><\/p>\n<p>Al ser un tema complejo para los infantiles, Magdalena, \u00a0la directora, de forma amena les \u00a0ha explicado por qu\u00e9 y desde cu\u00e1ndo \u00a0la bandera espa\u00f1ola es roja y amarilla.<\/p>\n<p><img loading=\"lazy\" decoding=\"async\" class=\" size-medium wp-image-7313 aligncenter\" src=\"http:\/\/blogsaverroes.juntadeandalucia.es\/eielreal\/files\/2016\/12\/IMG_6483-300x225.jpg\" alt=\"IMG_6483\" width=\"300\" height=\"225\" srcset=\"https:\/\/blogsaverroes.juntadeandalucia.es\/eielreal\/files\/2016\/12\/IMG_6483-300x225.jpg 300w, https:\/\/blogsaverroes.juntadeandalucia.es\/eielreal\/files\/2016\/12\/IMG_6483-1024x768.jpg 1024w, https:\/\/blogsaverroes.juntadeandalucia.es\/eielreal\/files\/2016\/12\/IMG_6483-700x525.jpg 700w, https:\/\/blogsaverroes.juntadeandalucia.es\/eielreal\/files\/2016\/12\/IMG_6483-24x18.jpg 24w, https:\/\/blogsaverroes.juntadeandalucia.es\/eielreal\/files\/2016\/12\/IMG_6483-36x27.jpg 36w, https:\/\/blogsaverroes.juntadeandalucia.es\/eielreal\/files\/2016\/12\/IMG_6483-48x36.jpg 48w, https:\/\/blogsaverroes.juntadeandalucia.es\/eielreal\/files\/2016\/12\/IMG_6483.jpg 1600w\" sizes=\"(max-width: 300px) 100vw, 300px\" \/><\/p>\n<p>Despu\u00e9s, todos los ni\u00f1os y ni\u00f1as han agitado ,al ritmo del himno nacional, sus banderas elaboradas en clase.<\/p>\n<p><a href=\"http:\/\/blogsaverroes.juntadeandalucia.es\/eielreal\/files\/2016\/12\/IMG_6488.jpg\"><img loading=\"lazy\" decoding=\"async\" class=\"alignnone size-medium wp-image-7308\" src=\"http:\/\/blogsaverroes.juntadeandalucia.es\/eielreal\/files\/2016\/12\/IMG_6488-300x225.jpg\" alt=\"IMG_6488\" width=\"300\" height=\"225\" srcset=\"https:\/\/blogsaverroes.juntadeandalucia.es\/eielreal\/files\/2016\/12\/IMG_6488-300x225.jpg 300w, https:\/\/blogsaverroes.juntadeandalucia.es\/eielreal\/files\/2016\/12\/IMG_6488-1024x768.jpg 1024w, https:\/\/blogsaverroes.juntadeandalucia.es\/eielreal\/files\/2016\/12\/IMG_6488-700x525.jpg 700w, https:\/\/blogsaverroes.juntadeandalucia.es\/eielreal\/files\/2016\/12\/IMG_6488-24x18.jpg 24w, https:\/\/blogsaverroes.juntadeandalucia.es\/eielreal\/files\/2016\/12\/IMG_6488-36x27.jpg 36w, https:\/\/blogsaverroes.juntadeandalucia.es\/eielreal\/files\/2016\/12\/IMG_6488-48x36.jpg 48w, https:\/\/blogsaverroes.juntadeandalucia.es\/eielreal\/files\/2016\/12\/IMG_6488.jpg 1600w\" sizes=\"(max-width: 300px) 100vw, 300px\" \/><\/a> <a href=\"http:\/\/blogsaverroes.juntadeandalucia.es\/eielreal\/files\/2016\/12\/IMG_6491.jpg\"><img loading=\"lazy\" decoding=\"async\" class=\"alignnone size-medium wp-image-7310\" src=\"http:\/\/blogsaverroes.juntadeandalucia.es\/eielreal\/files\/2016\/12\/IMG_6491-300x225.jpg\" alt=\"IMG_6491\" width=\"300\" height=\"225\" srcset=\"https:\/\/blogsaverroes.juntadeandalucia.es\/eielreal\/files\/2016\/12\/IMG_6491-300x225.jpg 300w, https:\/\/blogsaverroes.juntadeandalucia.es\/eielreal\/files\/2016\/12\/IMG_6491-1024x768.jpg 1024w, https:\/\/blogsaverroes.juntadeandalucia.es\/eielreal\/files\/2016\/12\/IMG_6491-700x525.jpg 700w, https:\/\/blogsaverroes.juntadeandalucia.es\/eielreal\/files\/2016\/12\/IMG_6491-24x18.jpg 24w, https:\/\/blogsaverroes.juntadeandalucia.es\/eielreal\/files\/2016\/12\/IMG_6491-36x27.jpg 36w, https:\/\/blogsaverroes.juntadeandalucia.es\/eielreal\/files\/2016\/12\/IMG_6491-48x36.jpg 48w, https:\/\/blogsaverroes.juntadeandalucia.es\/eielreal\/files\/2016\/12\/IMG_6491.jpg 1600w\" sizes=\"(max-width: 300px) 100vw, 300px\" \/><\/a><\/p>\n<p>Como broche de oro en \u00bb El d\u00eda de la Constituci\u00f3n\u00bb, han asistido a un divertido \u00a0teatrillo de marionetas \u00a0realizado \u00a0con mucha ilusi\u00f3n y cari\u00f1o \u00a0por maestros y maestras en el sal\u00f3n de nuestro Centro.<\/p>\n<p><a href=\"http:\/\/blogsaverroes.juntadeandalucia.es\/eielreal\/files\/2016\/12\/IMG_6512.jpg\"><img loading=\"lazy\" decoding=\"async\" class=\"alignnone size-medium wp-image-7309\" src=\"http:\/\/blogsaverroes.juntadeandalucia.es\/eielreal\/files\/2016\/12\/IMG_6512-300x225.jpg\" alt=\"IMG_6512\" width=\"300\" height=\"225\" srcset=\"https:\/\/blogsaverroes.juntadeandalucia.es\/eielreal\/files\/2016\/12\/IMG_6512-300x225.jpg 300w, https:\/\/blogsaverroes.juntadeandalucia.es\/eielreal\/files\/2016\/12\/IMG_6512-1024x768.jpg 1024w, https:\/\/blogsaverroes.juntadeandalucia.es\/eielreal\/files\/2016\/12\/IMG_6512-700x525.jpg 700w, https:\/\/blogsaverroes.juntadeandalucia.es\/eielreal\/files\/2016\/12\/IMG_6512-24x18.jpg 24w, https:\/\/blogsaverroes.juntadeandalucia.es\/eielreal\/files\/2016\/12\/IMG_6512-36x27.jpg 36w, https:\/\/blogsaverroes.juntadeandalucia.es\/eielreal\/files\/2016\/12\/IMG_6512-48x36.jpg 48w, https:\/\/blogsaverroes.juntadeandalucia.es\/eielreal\/files\/2016\/12\/IMG_6512.jpg 1600w\" sizes=\"(max-width: 300px) 100vw, 300px\" \/><\/a> <a href=\"http:\/\/blogsaverroes.juntadeandalucia.es\/eielreal\/files\/2016\/02\/IMG_6504.jpg\"><img loading=\"lazy\" decoding=\"async\" class=\"alignnone size-medium wp-image-7300\" src=\"http:\/\/blogsaverroes.juntadeandalucia.es\/eielreal\/files\/2016\/02\/IMG_6504-300x225.jpg\" alt=\"IMG_6504\" width=\"300\" height=\"225\" srcset=\"https:\/\/blogsaverroes.juntadeandalucia.es\/eielreal\/files\/2016\/02\/IMG_6504-300x225.jpg 300w, https:\/\/blogsaverroes.juntadeandalucia.es\/eielreal\/files\/2016\/02\/IMG_6504-1024x768.jpg 1024w, https:\/\/blogsaverroes.juntadeandalucia.es\/eielreal\/files\/2016\/02\/IMG_6504-700x525.jpg 700w, https:\/\/blogsaverroes.juntadeandalucia.es\/eielreal\/files\/2016\/02\/IMG_6504-24x18.jpg 24w, https:\/\/blogsaverroes.juntadeandalucia.es\/eielreal\/files\/2016\/02\/IMG_6504-36x27.jpg 36w, https:\/\/blogsaverroes.juntadeandalucia.es\/eielreal\/files\/2016\/02\/IMG_6504-48x36.jpg 48w, https:\/\/blogsaverroes.juntadeandalucia.es\/eielreal\/files\/2016\/02\/IMG_6504.jpg 1600w\" sizes=\"(max-width: 300px) 100vw, 300px\" \/><\/a><\/p>\n<p>Entre risas y admiraci\u00f3n, han podido entender un poquito m\u00e1s de derechos y obligaciones de los espa\u00f1oles y espa\u00f1olas, \u00a0y&#8230; de igualdad y respeto.<\/p>\n<p><a href=\"http:\/\/blogsaverroes.juntadeandalucia.es\/eielreal\/dia-de-la-constitucion\/\">M\u00e1s fotos en la galer\u00eda<\/a><\/p>\n<p>&nbsp;<\/p>\n","protected":false},"excerpt":{"rendered":"<p>Con unos d\u00edas de adelanto hemos celebrado el d\u00eda de la Constituci\u00f3n. Al ser un tema complejo para los infantiles, Magdalena, \u00a0la directora, de forma amena les \u00a0ha explicado por qu\u00e9 y desde cu\u00e1ndo&#46;&#46;&#46;<\/p>\n","protected":false},"author":1886,"featured_media":7302,"comment_status":"open","ping_status":"open","sticky":false,"template":"","format":"standard","meta":{"ngg_post_thumbnail":0,"footnotes":""},"categories":[962],"tags":[],"aioseo_notices":[],"_links":{"self":[{"href":"https:\/\/blogsaverroes.juntadeandalucia.es\/eielreal\/wp-json\/wp\/v2\/posts\/7304"}],"collection":[{"href":"https:\/\/blogsaverroes.juntadeandalucia.es\/eielreal\/wp-json\/wp\/v2\/posts"}],"about":[{"href":"https:\/\/blogsaverroes.juntadeandalucia.es\/eielreal\/wp-json\/wp\/v2\/types\/post"}],"author":[{"embeddable":true,"href":"https:\/\/blogsaverroes.juntadeandalucia.es\/eielreal\/wp-json\/wp\/v2\/users\/1886"}],"replies":[{"embeddable":true,"href":"https:\/\/blogsaverroes.juntadeandalucia.es\/eielreal\/wp-json\/wp\/v2\/comments?post=7304"}],"version-history":[{"count":4,"href":"https:\/\/blogsaverroes.juntadeandalucia.es\/eielreal\/wp-json\/wp\/v2\/posts\/7304\/revisions"}],"predecessor-version":[{"id":7316,"href":"https:\/\/blogsaverroes.juntadeandalucia.es\/eielreal\/wp-json\/wp\/v2\/posts\/7304\/revisions\/7316"}],"wp:featuredmedia":[{"embeddable":true,"href":"https:\/\/blogsaverroes.juntadeandalucia.es\/eielreal\/wp-json\/wp\/v2\/media\/7302"}],"wp:attachment":[{"href":"https:\/\/blogsaverroes.juntadeandalucia.es\/eielreal\/wp-json\/wp\/v2\/media?parent=7304"}],"wp:term":[{"taxonomy":"category","embeddable":true,"href":"https:\/\/blogsaverroes.juntadeandalucia.es\/eielreal\/wp-json\/wp\/v2\/categories?post=7304"},{"taxonomy":"post_tag","embeddable":true,"href":"https:\/\/blogsaverroes.juntadeandalucia.es\/eielreal\/wp-json\/wp\/v2\/tags?post=7304"}],"curies":[{"name":"wp","href":"https:\/\/api.w.org\/{rel}","templated":true}]}}