{"id":7387,"date":"2016-12-28T11:12:34","date_gmt":"2016-12-28T11:12:34","guid":{"rendered":"http:\/\/blogsaverroes.juntadeandalucia.es\/eielreal\/?p=7387"},"modified":"2016-12-28T15:38:47","modified_gmt":"2016-12-28T15:38:47","slug":"navidad-4-anos-b","status":"publish","type":"post","link":"https:\/\/blogsaverroes.juntadeandalucia.es\/eielreal\/navidad-4-anos-b\/","title":{"rendered":"Navidad 4 a\u00f1os B"},"content":{"rendered":"<p>RECOPILACI\u00d3N DE ACTIVIDADES NAVIDE\u00d1AS 4 A\u00d1OS B<\/p>\n<p>Muy buenas, lo prometido es deuda, a continuaci\u00f3n os dejo varias fotograf\u00edas que ilustran las actividades que hemos ido realizando con motivo de las fiestas navide\u00f1as. Espero que os guste.<\/p>\n<p><span style=\"text-decoration: underline\">Decorando las paredes del pasillo:<\/span><\/p>\n<p><a href=\"http:\/\/blogsaverroes.juntadeandalucia.es\/eielreal\/files\/2016\/12\/IMG-20161214-WA00081.jpg\"><img loading=\"lazy\" decoding=\"async\" class=\" size-medium wp-image-7388 aligncenter\" src=\"http:\/\/blogsaverroes.juntadeandalucia.es\/eielreal\/files\/2016\/12\/IMG-20161214-WA00081-300x168.jpg\" alt=\"IMG-20161214-WA0008[1]\" width=\"300\" height=\"168\" srcset=\"https:\/\/blogsaverroes.juntadeandalucia.es\/eielreal\/files\/2016\/12\/IMG-20161214-WA00081-300x168.jpg 300w, https:\/\/blogsaverroes.juntadeandalucia.es\/eielreal\/files\/2016\/12\/IMG-20161214-WA00081-1024x575.jpg 1024w, https:\/\/blogsaverroes.juntadeandalucia.es\/eielreal\/files\/2016\/12\/IMG-20161214-WA00081-700x393.jpg 700w, https:\/\/blogsaverroes.juntadeandalucia.es\/eielreal\/files\/2016\/12\/IMG-20161214-WA00081-24x13.jpg 24w, https:\/\/blogsaverroes.juntadeandalucia.es\/eielreal\/files\/2016\/12\/IMG-20161214-WA00081-36x20.jpg 36w, https:\/\/blogsaverroes.juntadeandalucia.es\/eielreal\/files\/2016\/12\/IMG-20161214-WA00081-48x27.jpg 48w, https:\/\/blogsaverroes.juntadeandalucia.es\/eielreal\/files\/2016\/12\/IMG-20161214-WA00081.jpg 1600w\" sizes=\"(max-width: 300px) 100vw, 300px\" \/><\/a><\/p>\n<p><span style=\"text-decoration: underline\">Visita al Bel\u00e9n\u00a0viviente del cole:<\/span><\/p>\n<p><a href=\"http:\/\/blogsaverroes.juntadeandalucia.es\/eielreal\/files\/2016\/12\/20161221_1048501.jpg\"><img loading=\"lazy\" decoding=\"async\" class=\"alignright  wp-image-7391\" src=\"http:\/\/blogsaverroes.juntadeandalucia.es\/eielreal\/files\/2016\/12\/20161221_1048501-300x169.jpg\" alt=\"20161221_104850[1]\" width=\"291\" height=\"169\" srcset=\"https:\/\/blogsaverroes.juntadeandalucia.es\/eielreal\/files\/2016\/12\/20161221_1048501-24x14.jpg 24w, https:\/\/blogsaverroes.juntadeandalucia.es\/eielreal\/files\/2016\/12\/20161221_1048501-36x20.jpg 36w, https:\/\/blogsaverroes.juntadeandalucia.es\/eielreal\/files\/2016\/12\/20161221_1048501-48x27.jpg 48w\" sizes=\"(max-width: 291px) 100vw, 291px\" \/><\/a> <a href=\"http:\/\/blogsaverroes.juntadeandalucia.es\/eielreal\/files\/2016\/12\/20161221_1048551.jpg\"><img loading=\"lazy\" decoding=\"async\" class=\"alignright size-medium wp-image-7392\" src=\"http:\/\/blogsaverroes.juntadeandalucia.es\/eielreal\/files\/2016\/12\/20161221_1048551-300x169.jpg\" alt=\"20161221_104855[1]\" width=\"300\" height=\"169\" srcset=\"https:\/\/blogsaverroes.juntadeandalucia.es\/eielreal\/files\/2016\/12\/20161221_1048551-300x169.jpg 300w, https:\/\/blogsaverroes.juntadeandalucia.es\/eielreal\/files\/2016\/12\/20161221_1048551-1024x576.jpg 1024w, https:\/\/blogsaverroes.juntadeandalucia.es\/eielreal\/files\/2016\/12\/20161221_1048551-700x393.jpg 700w, https:\/\/blogsaverroes.juntadeandalucia.es\/eielreal\/files\/2016\/12\/20161221_1048551-24x14.jpg 24w, https:\/\/blogsaverroes.juntadeandalucia.es\/eielreal\/files\/2016\/12\/20161221_1048551-36x20.jpg 36w, https:\/\/blogsaverroes.juntadeandalucia.es\/eielreal\/files\/2016\/12\/20161221_1048551-48x27.jpg 48w, https:\/\/blogsaverroes.juntadeandalucia.es\/eielreal\/files\/2016\/12\/20161221_1048551.jpg 1600w\" sizes=\"(max-width: 300px) 100vw, 300px\" \/><\/a><\/p>\n<p><span style=\"text-decoration: underline\">Villancico Rodolfo el Reno:<\/span><\/p>\n<p><a href=\"http:\/\/blogsaverroes.juntadeandalucia.es\/eielreal\/files\/2016\/12\/20161222_1037471-e1482922790920.jpg\"><img loading=\"lazy\" decoding=\"async\" class=\" wp-image-7389 size-medium alignleft\" style=\"direction: rtl\" src=\"http:\/\/blogsaverroes.juntadeandalucia.es\/eielreal\/files\/2016\/12\/20161222_1037471-e1482922790920-169x300.jpg\" alt=\"\" width=\"169\" height=\"300\" srcset=\"https:\/\/blogsaverroes.juntadeandalucia.es\/eielreal\/files\/2016\/12\/20161222_1037471-e1482922790920-169x300.jpg 169w, https:\/\/blogsaverroes.juntadeandalucia.es\/eielreal\/files\/2016\/12\/20161222_1037471-e1482922790920-576x1024.jpg 576w, https:\/\/blogsaverroes.juntadeandalucia.es\/eielreal\/files\/2016\/12\/20161222_1037471-e1482922790920-700x1244.jpg 700w, https:\/\/blogsaverroes.juntadeandalucia.es\/eielreal\/files\/2016\/12\/20161222_1037471-e1482922790920-14x24.jpg 14w, https:\/\/blogsaverroes.juntadeandalucia.es\/eielreal\/files\/2016\/12\/20161222_1037471-e1482922790920-20x36.jpg 20w, https:\/\/blogsaverroes.juntadeandalucia.es\/eielreal\/files\/2016\/12\/20161222_1037471-e1482922790920-27x48.jpg 27w, https:\/\/blogsaverroes.juntadeandalucia.es\/eielreal\/files\/2016\/12\/20161222_1037471-e1482922790920.jpg 900w\" sizes=\"(max-width: 169px) 100vw, 169px\" \/><\/a><\/p>\n<p><a href=\"http:\/\/blogsaverroes.juntadeandalucia.es\/eielreal\/files\/2016\/12\/20161222_1037521.jpg\"><img loading=\"lazy\" decoding=\"async\" class=\" size-medium wp-image-7390 aligncenter\" src=\"http:\/\/blogsaverroes.juntadeandalucia.es\/eielreal\/files\/2016\/12\/20161222_1037521-300x169.jpg\" alt=\"20161222_103752[1]\" width=\"300\" height=\"169\" srcset=\"https:\/\/blogsaverroes.juntadeandalucia.es\/eielreal\/files\/2016\/12\/20161222_1037521-300x169.jpg 300w, https:\/\/blogsaverroes.juntadeandalucia.es\/eielreal\/files\/2016\/12\/20161222_1037521-1024x576.jpg 1024w, https:\/\/blogsaverroes.juntadeandalucia.es\/eielreal\/files\/2016\/12\/20161222_1037521-700x393.jpg 700w, https:\/\/blogsaverroes.juntadeandalucia.es\/eielreal\/files\/2016\/12\/20161222_1037521-24x14.jpg 24w, https:\/\/blogsaverroes.juntadeandalucia.es\/eielreal\/files\/2016\/12\/20161222_1037521-36x20.jpg 36w, https:\/\/blogsaverroes.juntadeandalucia.es\/eielreal\/files\/2016\/12\/20161222_1037521-48x27.jpg 48w, https:\/\/blogsaverroes.juntadeandalucia.es\/eielreal\/files\/2016\/12\/20161222_1037521.jpg 1600w\" sizes=\"(max-width: 300px) 100vw, 300px\" \/><\/a><\/p>\n<p>Visita de los Reyes Magos y fiesta de Navidad vestidos de pastores-as:<\/p>\n<p><a href=\"http:\/\/blogsaverroes.juntadeandalucia.es\/eielreal\/files\/2016\/12\/20161223_0923011.jpg\"><img loading=\"lazy\" decoding=\"async\" class=\"alignright  wp-image-7393\" src=\"http:\/\/blogsaverroes.juntadeandalucia.es\/eielreal\/files\/2016\/12\/20161223_0923011-300x169.jpg\" alt=\"20161223_092301[1]\" width=\"282\" height=\"164\" srcset=\"https:\/\/blogsaverroes.juntadeandalucia.es\/eielreal\/files\/2016\/12\/20161223_0923011-24x14.jpg 24w, https:\/\/blogsaverroes.juntadeandalucia.es\/eielreal\/files\/2016\/12\/20161223_0923011-36x20.jpg 36w, https:\/\/blogsaverroes.juntadeandalucia.es\/eielreal\/files\/2016\/12\/20161223_0923011-48x27.jpg 48w\" sizes=\"(max-width: 282px) 100vw, 282px\" \/><\/a><a href=\"http:\/\/blogsaverroes.juntadeandalucia.es\/eielreal\/files\/2016\/12\/20161223_1003001.jpg\"><img loading=\"lazy\" decoding=\"async\" class=\"alignright size-medium wp-image-7395\" src=\"http:\/\/blogsaverroes.juntadeandalucia.es\/eielreal\/files\/2016\/12\/20161223_1003001-300x169.jpg\" alt=\"20161223_100300[1]\" width=\"300\" height=\"169\" srcset=\"https:\/\/blogsaverroes.juntadeandalucia.es\/eielreal\/files\/2016\/12\/20161223_1003001-300x169.jpg 300w, https:\/\/blogsaverroes.juntadeandalucia.es\/eielreal\/files\/2016\/12\/20161223_1003001-1024x576.jpg 1024w, https:\/\/blogsaverroes.juntadeandalucia.es\/eielreal\/files\/2016\/12\/20161223_1003001-700x393.jpg 700w, https:\/\/blogsaverroes.juntadeandalucia.es\/eielreal\/files\/2016\/12\/20161223_1003001-24x14.jpg 24w, https:\/\/blogsaverroes.juntadeandalucia.es\/eielreal\/files\/2016\/12\/20161223_1003001-36x20.jpg 36w, https:\/\/blogsaverroes.juntadeandalucia.es\/eielreal\/files\/2016\/12\/20161223_1003001-48x27.jpg 48w, https:\/\/blogsaverroes.juntadeandalucia.es\/eielreal\/files\/2016\/12\/20161223_1003001.jpg 1600w\" sizes=\"(max-width: 300px) 100vw, 300px\" \/><\/a><\/p>\n<p>&nbsp;<\/p>\n<p>&nbsp;<\/p>\n<p>&nbsp;<\/p>\n<p>&nbsp;<\/p>\n<p>&nbsp;<\/p>\n<p><a href=\"http:\/\/blogsaverroes.juntadeandalucia.es\/eielreal\/files\/2016\/12\/20161223_0924541-e1482923340778.jpg\"><img loading=\"lazy\" decoding=\"async\" class=\" size-medium wp-image-7394 aligncenter\" src=\"http:\/\/blogsaverroes.juntadeandalucia.es\/eielreal\/files\/2016\/12\/20161223_0924541-e1482923340778-225x300.jpg\" alt=\"20161223_092454[1]\" width=\"225\" height=\"300\" srcset=\"https:\/\/blogsaverroes.juntadeandalucia.es\/eielreal\/files\/2016\/12\/20161223_0924541-e1482923340778-225x300.jpg 225w, https:\/\/blogsaverroes.juntadeandalucia.es\/eielreal\/files\/2016\/12\/20161223_0924541-e1482923340778-768x1024.jpg 768w, https:\/\/blogsaverroes.juntadeandalucia.es\/eielreal\/files\/2016\/12\/20161223_0924541-e1482923340778-700x933.jpg 700w, https:\/\/blogsaverroes.juntadeandalucia.es\/eielreal\/files\/2016\/12\/20161223_0924541-e1482923340778-18x24.jpg 18w, https:\/\/blogsaverroes.juntadeandalucia.es\/eielreal\/files\/2016\/12\/20161223_0924541-e1482923340778-27x36.jpg 27w, https:\/\/blogsaverroes.juntadeandalucia.es\/eielreal\/files\/2016\/12\/20161223_0924541-e1482923340778-36x48.jpg 36w, https:\/\/blogsaverroes.juntadeandalucia.es\/eielreal\/files\/2016\/12\/20161223_0924541-e1482923340778.jpg 1200w\" sizes=\"(max-width: 225px) 100vw, 225px\" \/><\/a><\/p>\n","protected":false},"excerpt":{"rendered":"<p>RECOPILACI\u00d3N DE ACTIVIDADES NAVIDE\u00d1AS 4 A\u00d1OS B Muy buenas, lo prometido es deuda, a continuaci\u00f3n os dejo varias fotograf\u00edas que ilustran las actividades que hemos ido realizando con motivo de las fiestas navide\u00f1as. Espero&#46;&#46;&#46;<\/p>\n","protected":false},"author":3183,"featured_media":7396,"comment_status":"open","ping_status":"open","sticky":false,"template":"","format":"standard","meta":{"ngg_post_thumbnail":0,"footnotes":""},"categories":[562422],"tags":[],"aioseo_notices":[],"_links":{"self":[{"href":"https:\/\/blogsaverroes.juntadeandalucia.es\/eielreal\/wp-json\/wp\/v2\/posts\/7387"}],"collection":[{"href":"https:\/\/blogsaverroes.juntadeandalucia.es\/eielreal\/wp-json\/wp\/v2\/posts"}],"about":[{"href":"https:\/\/blogsaverroes.juntadeandalucia.es\/eielreal\/wp-json\/wp\/v2\/types\/post"}],"author":[{"embeddable":true,"href":"https:\/\/blogsaverroes.juntadeandalucia.es\/eielreal\/wp-json\/wp\/v2\/users\/3183"}],"replies":[{"embeddable":true,"href":"https:\/\/blogsaverroes.juntadeandalucia.es\/eielreal\/wp-json\/wp\/v2\/comments?post=7387"}],"version-history":[{"count":8,"href":"https:\/\/blogsaverroes.juntadeandalucia.es\/eielreal\/wp-json\/wp\/v2\/posts\/7387\/revisions"}],"predecessor-version":[{"id":7404,"href":"https:\/\/blogsaverroes.juntadeandalucia.es\/eielreal\/wp-json\/wp\/v2\/posts\/7387\/revisions\/7404"}],"wp:featuredmedia":[{"embeddable":true,"href":"https:\/\/blogsaverroes.juntadeandalucia.es\/eielreal\/wp-json\/wp\/v2\/media\/7396"}],"wp:attachment":[{"href":"https:\/\/blogsaverroes.juntadeandalucia.es\/eielreal\/wp-json\/wp\/v2\/media?parent=7387"}],"wp:term":[{"taxonomy":"category","embeddable":true,"href":"https:\/\/blogsaverroes.juntadeandalucia.es\/eielreal\/wp-json\/wp\/v2\/categories?post=7387"},{"taxonomy":"post_tag","embeddable":true,"href":"https:\/\/blogsaverroes.juntadeandalucia.es\/eielreal\/wp-json\/wp\/v2\/tags?post=7387"}],"curies":[{"name":"wp","href":"https:\/\/api.w.org\/{rel}","templated":true}]}}