{"id":7811,"date":"2017-01-03T18:42:19","date_gmt":"2017-01-03T18:42:19","guid":{"rendered":"http:\/\/blogsaverroes.juntadeandalucia.es\/eielreal\/?p=7811"},"modified":"2017-01-03T18:42:19","modified_gmt":"2017-01-03T18:42:19","slug":"navidad-2016-3anosb","status":"publish","type":"post","link":"https:\/\/blogsaverroes.juntadeandalucia.es\/eielreal\/navidad-2016-3anosb\/","title":{"rendered":"NAVIDAD 2016   3a\u00f1osB"},"content":{"rendered":"<div id=\"attachment_7792\" style=\"width: 310px\" class=\"wp-caption alignright\"><a href=\"http:\/\/blogsaverroes.juntadeandalucia.es\/eielreal\/files\/2017\/01\/1.jpg\"><img loading=\"lazy\" decoding=\"async\" aria-describedby=\"caption-attachment-7792\" class=\"size-medium wp-image-7792\" src=\"http:\/\/blogsaverroes.juntadeandalucia.es\/eielreal\/files\/2017\/01\/1-300x180.jpg\" alt=\"Cuento de Navidad narrado por Davinia.\" width=\"300\" height=\"180\" srcset=\"https:\/\/blogsaverroes.juntadeandalucia.es\/eielreal\/files\/2017\/01\/1-300x180.jpg 300w, https:\/\/blogsaverroes.juntadeandalucia.es\/eielreal\/files\/2017\/01\/1-1024x614.jpg 1024w, https:\/\/blogsaverroes.juntadeandalucia.es\/eielreal\/files\/2017\/01\/1-700x420.jpg 700w, https:\/\/blogsaverroes.juntadeandalucia.es\/eielreal\/files\/2017\/01\/1-24x14.jpg 24w, https:\/\/blogsaverroes.juntadeandalucia.es\/eielreal\/files\/2017\/01\/1-36x22.jpg 36w, https:\/\/blogsaverroes.juntadeandalucia.es\/eielreal\/files\/2017\/01\/1-48x29.jpg 48w, https:\/\/blogsaverroes.juntadeandalucia.es\/eielreal\/files\/2017\/01\/1.jpg 1600w\" sizes=\"(max-width: 300px) 100vw, 300px\" \/><\/a><p id=\"caption-attachment-7792\" class=\"wp-caption-text\">Cuento de Navidad narrado por Davinia.<\/p><\/div>\n<div id=\"attachment_7793\" style=\"width: 310px\" class=\"wp-caption alignright\"><a href=\"http:\/\/blogsaverroes.juntadeandalucia.es\/eielreal\/files\/2017\/01\/2.jpg\"><img loading=\"lazy\" decoding=\"async\" aria-describedby=\"caption-attachment-7793\" class=\"size-medium wp-image-7793\" src=\"http:\/\/blogsaverroes.juntadeandalucia.es\/eielreal\/files\/2017\/01\/2-300x180.jpg\" alt=\"Ensayando el villancico con las panderetas.\" width=\"300\" height=\"180\" srcset=\"https:\/\/blogsaverroes.juntadeandalucia.es\/eielreal\/files\/2017\/01\/2-300x180.jpg 300w, https:\/\/blogsaverroes.juntadeandalucia.es\/eielreal\/files\/2017\/01\/2-1024x614.jpg 1024w, https:\/\/blogsaverroes.juntadeandalucia.es\/eielreal\/files\/2017\/01\/2-700x420.jpg 700w, https:\/\/blogsaverroes.juntadeandalucia.es\/eielreal\/files\/2017\/01\/2-24x14.jpg 24w, https:\/\/blogsaverroes.juntadeandalucia.es\/eielreal\/files\/2017\/01\/2-36x22.jpg 36w, https:\/\/blogsaverroes.juntadeandalucia.es\/eielreal\/files\/2017\/01\/2-48x29.jpg 48w, https:\/\/blogsaverroes.juntadeandalucia.es\/eielreal\/files\/2017\/01\/2.jpg 1600w\" sizes=\"(max-width: 300px) 100vw, 300px\" \/><\/a><p id=\"caption-attachment-7793\" class=\"wp-caption-text\">Ensayando el villancico con las panderetas.<\/p><\/div>\n<div id=\"attachment_7794\" style=\"width: 190px\" class=\"wp-caption alignright\"><a href=\"http:\/\/blogsaverroes.juntadeandalucia.es\/eielreal\/files\/2017\/01\/3.jpg\"><img loading=\"lazy\" decoding=\"async\" aria-describedby=\"caption-attachment-7794\" class=\"size-medium wp-image-7794\" src=\"http:\/\/blogsaverroes.juntadeandalucia.es\/eielreal\/files\/2017\/01\/3-180x300.jpg\" alt=\"Cantamos nuestro villancico a la familia y a nuestro cole.\" width=\"180\" height=\"300\" srcset=\"https:\/\/blogsaverroes.juntadeandalucia.es\/eielreal\/files\/2017\/01\/3-180x300.jpg 180w, https:\/\/blogsaverroes.juntadeandalucia.es\/eielreal\/files\/2017\/01\/3-614x1024.jpg 614w, https:\/\/blogsaverroes.juntadeandalucia.es\/eielreal\/files\/2017\/01\/3-700x1167.jpg 700w, https:\/\/blogsaverroes.juntadeandalucia.es\/eielreal\/files\/2017\/01\/3-14x24.jpg 14w, https:\/\/blogsaverroes.juntadeandalucia.es\/eielreal\/files\/2017\/01\/3-22x36.jpg 22w, https:\/\/blogsaverroes.juntadeandalucia.es\/eielreal\/files\/2017\/01\/3-29x48.jpg 29w, https:\/\/blogsaverroes.juntadeandalucia.es\/eielreal\/files\/2017\/01\/3.jpg 960w\" sizes=\"(max-width: 180px) 100vw, 180px\" \/><\/a><p id=\"caption-attachment-7794\" class=\"wp-caption-text\">Cantamos nuestro villancico a la familia y a nuestro cole.<\/p><\/div>\n<div id=\"attachment_7795\" style=\"width: 190px\" class=\"wp-caption alignright\"><a href=\"http:\/\/blogsaverroes.juntadeandalucia.es\/eielreal\/files\/2017\/01\/4.jpg\"><img loading=\"lazy\" decoding=\"async\" aria-describedby=\"caption-attachment-7795\" class=\"size-medium wp-image-7795\" src=\"http:\/\/blogsaverroes.juntadeandalucia.es\/eielreal\/files\/2017\/01\/4-180x300.jpg\" alt=\"LLevamos los alimentos al Ni\u00f1o Jes\u00fas.\" width=\"180\" height=\"300\" srcset=\"https:\/\/blogsaverroes.juntadeandalucia.es\/eielreal\/files\/2017\/01\/4-180x300.jpg 180w, https:\/\/blogsaverroes.juntadeandalucia.es\/eielreal\/files\/2017\/01\/4-614x1024.jpg 614w, https:\/\/blogsaverroes.juntadeandalucia.es\/eielreal\/files\/2017\/01\/4-700x1167.jpg 700w, https:\/\/blogsaverroes.juntadeandalucia.es\/eielreal\/files\/2017\/01\/4-14x24.jpg 14w, https:\/\/blogsaverroes.juntadeandalucia.es\/eielreal\/files\/2017\/01\/4-22x36.jpg 22w, https:\/\/blogsaverroes.juntadeandalucia.es\/eielreal\/files\/2017\/01\/4-29x48.jpg 29w, https:\/\/blogsaverroes.juntadeandalucia.es\/eielreal\/files\/2017\/01\/4.jpg 960w\" sizes=\"(max-width: 180px) 100vw, 180px\" \/><\/a><p id=\"caption-attachment-7795\" class=\"wp-caption-text\">LLevamos los alimentos al Ni\u00f1o Jes\u00fas.<\/p><\/div>\n<p><a href=\"http:\/\/blogsaverroes.juntadeandalucia.es\/eielreal\/files\/2017\/01\/5.jpg\"><img loading=\"lazy\" decoding=\"async\" class=\"alignright size-medium wp-image-7796\" src=\"http:\/\/blogsaverroes.juntadeandalucia.es\/eielreal\/files\/2017\/01\/5-180x300.jpg\" alt=\"5\" width=\"180\" height=\"300\" srcset=\"https:\/\/blogsaverroes.juntadeandalucia.es\/eielreal\/files\/2017\/01\/5-180x300.jpg 180w, https:\/\/blogsaverroes.juntadeandalucia.es\/eielreal\/files\/2017\/01\/5-614x1024.jpg 614w, https:\/\/blogsaverroes.juntadeandalucia.es\/eielreal\/files\/2017\/01\/5-700x1167.jpg 700w, https:\/\/blogsaverroes.juntadeandalucia.es\/eielreal\/files\/2017\/01\/5-14x24.jpg 14w, https:\/\/blogsaverroes.juntadeandalucia.es\/eielreal\/files\/2017\/01\/5-22x36.jpg 22w, https:\/\/blogsaverroes.juntadeandalucia.es\/eielreal\/files\/2017\/01\/5-29x48.jpg 29w, https:\/\/blogsaverroes.juntadeandalucia.es\/eielreal\/files\/2017\/01\/5.jpg 960w\" sizes=\"(max-width: 180px) 100vw, 180px\" \/><\/a><a href=\"http:\/\/blogsaverroes.juntadeandalucia.es\/eielreal\/files\/2017\/01\/6.jpg\"><img loading=\"lazy\" decoding=\"async\" class=\"alignright size-medium wp-image-7797\" src=\"http:\/\/blogsaverroes.juntadeandalucia.es\/eielreal\/files\/2017\/01\/6-300x180.jpg\" alt=\"6\" width=\"300\" height=\"180\" srcset=\"https:\/\/blogsaverroes.juntadeandalucia.es\/eielreal\/files\/2017\/01\/6-300x180.jpg 300w, https:\/\/blogsaverroes.juntadeandalucia.es\/eielreal\/files\/2017\/01\/6-1024x614.jpg 1024w, https:\/\/blogsaverroes.juntadeandalucia.es\/eielreal\/files\/2017\/01\/6-700x420.jpg 700w, https:\/\/blogsaverroes.juntadeandalucia.es\/eielreal\/files\/2017\/01\/6-24x14.jpg 24w, https:\/\/blogsaverroes.juntadeandalucia.es\/eielreal\/files\/2017\/01\/6-36x22.jpg 36w, https:\/\/blogsaverroes.juntadeandalucia.es\/eielreal\/files\/2017\/01\/6-48x29.jpg 48w, https:\/\/blogsaverroes.juntadeandalucia.es\/eielreal\/files\/2017\/01\/6.jpg 1600w\" sizes=\"(max-width: 300px) 100vw, 300px\" \/><\/a><\/p>\n<div id=\"attachment_7798\" style=\"width: 310px\" class=\"wp-caption alignright\"><a href=\"http:\/\/blogsaverroes.juntadeandalucia.es\/eielreal\/files\/2017\/01\/7.jpg\"><img loading=\"lazy\" decoding=\"async\" aria-describedby=\"caption-attachment-7798\" class=\"size-medium wp-image-7798\" src=\"http:\/\/blogsaverroes.juntadeandalucia.es\/eielreal\/files\/2017\/01\/7-300x180.jpg\" alt=\"De pastorcitos y pastorcitas para recibir a los Reyes Magos.\" width=\"300\" height=\"180\" srcset=\"https:\/\/blogsaverroes.juntadeandalucia.es\/eielreal\/files\/2017\/01\/7-300x180.jpg 300w, https:\/\/blogsaverroes.juntadeandalucia.es\/eielreal\/files\/2017\/01\/7-1024x614.jpg 1024w, https:\/\/blogsaverroes.juntadeandalucia.es\/eielreal\/files\/2017\/01\/7-700x420.jpg 700w, https:\/\/blogsaverroes.juntadeandalucia.es\/eielreal\/files\/2017\/01\/7-24x14.jpg 24w, https:\/\/blogsaverroes.juntadeandalucia.es\/eielreal\/files\/2017\/01\/7-36x22.jpg 36w, https:\/\/blogsaverroes.juntadeandalucia.es\/eielreal\/files\/2017\/01\/7-48x29.jpg 48w, https:\/\/blogsaverroes.juntadeandalucia.es\/eielreal\/files\/2017\/01\/7.jpg 1600w\" sizes=\"(max-width: 300px) 100vw, 300px\" \/><\/a><p id=\"caption-attachment-7798\" class=\"wp-caption-text\">De pastorcitos y pastorcitas para recibir a los Reyes Magos.<\/p><\/div>\n<p><a href=\"http:\/\/blogsaverroes.juntadeandalucia.es\/eielreal\/files\/2017\/01\/8.jpg\"><img loading=\"lazy\" decoding=\"async\" class=\"alignright size-medium wp-image-7799\" src=\"http:\/\/blogsaverroes.juntadeandalucia.es\/eielreal\/files\/2017\/01\/8-300x180.jpg\" alt=\"8\" width=\"300\" height=\"180\" srcset=\"https:\/\/blogsaverroes.juntadeandalucia.es\/eielreal\/files\/2017\/01\/8-300x180.jpg 300w, https:\/\/blogsaverroes.juntadeandalucia.es\/eielreal\/files\/2017\/01\/8-1024x614.jpg 1024w, https:\/\/blogsaverroes.juntadeandalucia.es\/eielreal\/files\/2017\/01\/8-700x420.jpg 700w, https:\/\/blogsaverroes.juntadeandalucia.es\/eielreal\/files\/2017\/01\/8-24x14.jpg 24w, https:\/\/blogsaverroes.juntadeandalucia.es\/eielreal\/files\/2017\/01\/8-36x22.jpg 36w, https:\/\/blogsaverroes.juntadeandalucia.es\/eielreal\/files\/2017\/01\/8-48x29.jpg 48w, https:\/\/blogsaverroes.juntadeandalucia.es\/eielreal\/files\/2017\/01\/8.jpg 1600w\" sizes=\"(max-width: 300px) 100vw, 300px\" \/><\/a><a href=\"http:\/\/blogsaverroes.juntadeandalucia.es\/eielreal\/files\/2017\/01\/9.jpg\"><img loading=\"lazy\" decoding=\"async\" class=\"alignright size-medium wp-image-7800\" src=\"http:\/\/blogsaverroes.juntadeandalucia.es\/eielreal\/files\/2017\/01\/9-300x180.jpg\" alt=\"9\" width=\"300\" height=\"180\" srcset=\"https:\/\/blogsaverroes.juntadeandalucia.es\/eielreal\/files\/2017\/01\/9-300x180.jpg 300w, https:\/\/blogsaverroes.juntadeandalucia.es\/eielreal\/files\/2017\/01\/9-1024x614.jpg 1024w, https:\/\/blogsaverroes.juntadeandalucia.es\/eielreal\/files\/2017\/01\/9-700x420.jpg 700w, https:\/\/blogsaverroes.juntadeandalucia.es\/eielreal\/files\/2017\/01\/9-24x14.jpg 24w, https:\/\/blogsaverroes.juntadeandalucia.es\/eielreal\/files\/2017\/01\/9-36x22.jpg 36w, https:\/\/blogsaverroes.juntadeandalucia.es\/eielreal\/files\/2017\/01\/9-48x29.jpg 48w, https:\/\/blogsaverroes.juntadeandalucia.es\/eielreal\/files\/2017\/01\/9.jpg 1600w\" sizes=\"(max-width: 300px) 100vw, 300px\" \/><\/a><a href=\"http:\/\/blogsaverroes.juntadeandalucia.es\/eielreal\/files\/2017\/01\/10.jpg\"><img loading=\"lazy\" decoding=\"async\" class=\"alignright size-medium wp-image-7801\" src=\"http:\/\/blogsaverroes.juntadeandalucia.es\/eielreal\/files\/2017\/01\/10-180x300.jpg\" alt=\"10\" width=\"180\" height=\"300\" srcset=\"https:\/\/blogsaverroes.juntadeandalucia.es\/eielreal\/files\/2017\/01\/10-180x300.jpg 180w, https:\/\/blogsaverroes.juntadeandalucia.es\/eielreal\/files\/2017\/01\/10-614x1024.jpg 614w, https:\/\/blogsaverroes.juntadeandalucia.es\/eielreal\/files\/2017\/01\/10-700x1167.jpg 700w, https:\/\/blogsaverroes.juntadeandalucia.es\/eielreal\/files\/2017\/01\/10-14x24.jpg 14w, https:\/\/blogsaverroes.juntadeandalucia.es\/eielreal\/files\/2017\/01\/10-22x36.jpg 22w, https:\/\/blogsaverroes.juntadeandalucia.es\/eielreal\/files\/2017\/01\/10-29x48.jpg 29w, https:\/\/blogsaverroes.juntadeandalucia.es\/eielreal\/files\/2017\/01\/10.jpg 960w\" sizes=\"(max-width: 180px) 100vw, 180px\" \/><\/a><a href=\"http:\/\/blogsaverroes.juntadeandalucia.es\/eielreal\/files\/2017\/01\/11.jpg\"><img loading=\"lazy\" decoding=\"async\" class=\"alignright size-medium wp-image-7802\" src=\"http:\/\/blogsaverroes.juntadeandalucia.es\/eielreal\/files\/2017\/01\/11-300x180.jpg\" alt=\"11\" width=\"300\" height=\"180\" srcset=\"https:\/\/blogsaverroes.juntadeandalucia.es\/eielreal\/files\/2017\/01\/11-300x180.jpg 300w, https:\/\/blogsaverroes.juntadeandalucia.es\/eielreal\/files\/2017\/01\/11-1024x614.jpg 1024w, https:\/\/blogsaverroes.juntadeandalucia.es\/eielreal\/files\/2017\/01\/11-700x420.jpg 700w, https:\/\/blogsaverroes.juntadeandalucia.es\/eielreal\/files\/2017\/01\/11-24x14.jpg 24w, https:\/\/blogsaverroes.juntadeandalucia.es\/eielreal\/files\/2017\/01\/11-36x22.jpg 36w, https:\/\/blogsaverroes.juntadeandalucia.es\/eielreal\/files\/2017\/01\/11-48x29.jpg 48w, https:\/\/blogsaverroes.juntadeandalucia.es\/eielreal\/files\/2017\/01\/11.jpg 1600w\" sizes=\"(max-width: 300px) 100vw, 300px\" \/><\/a><\/p>\n<div id=\"attachment_7803\" style=\"width: 190px\" class=\"wp-caption alignright\"><a href=\"http:\/\/blogsaverroes.juntadeandalucia.es\/eielreal\/files\/2017\/01\/12.jpg\"><img loading=\"lazy\" decoding=\"async\" aria-describedby=\"caption-attachment-7803\" class=\"size-medium wp-image-7803\" src=\"http:\/\/blogsaverroes.juntadeandalucia.es\/eielreal\/files\/2017\/01\/12-180x300.jpg\" alt=\"Divirti\u00e9ndonos en el patio con el simp\u00e1tico dinosaurio de la se\u00f1orita Rosario. Qu\u00e9 d\u00edas m\u00e1s bonitos y qu\u00e9 bien lo hemos pasado.  TERE\" width=\"180\" height=\"300\" srcset=\"https:\/\/blogsaverroes.juntadeandalucia.es\/eielreal\/files\/2017\/01\/12-180x300.jpg 180w, https:\/\/blogsaverroes.juntadeandalucia.es\/eielreal\/files\/2017\/01\/12-614x1024.jpg 614w, https:\/\/blogsaverroes.juntadeandalucia.es\/eielreal\/files\/2017\/01\/12-700x1167.jpg 700w, https:\/\/blogsaverroes.juntadeandalucia.es\/eielreal\/files\/2017\/01\/12-14x24.jpg 14w, https:\/\/blogsaverroes.juntadeandalucia.es\/eielreal\/files\/2017\/01\/12-22x36.jpg 22w, https:\/\/blogsaverroes.juntadeandalucia.es\/eielreal\/files\/2017\/01\/12-29x48.jpg 29w, https:\/\/blogsaverroes.juntadeandalucia.es\/eielreal\/files\/2017\/01\/12.jpg 960w\" sizes=\"(max-width: 180px) 100vw, 180px\" \/><\/a><p id=\"caption-attachment-7803\" class=\"wp-caption-text\">Divirti\u00e9ndonos en el patio con el simp\u00e1tico dinosaurio de la se\u00f1orita Rosario.<br \/>Qu\u00e9 d\u00edas m\u00e1s bonitos y qu\u00e9 bien lo hemos pasado.<br \/>TERE<\/p><\/div>\n","protected":false},"excerpt":{"rendered":"","protected":false},"author":3183,"featured_media":7794,"comment_status":"open","ping_status":"open","sticky":false,"template":"","format":"standard","meta":{"ngg_post_thumbnail":0,"footnotes":""},"categories":[11909],"tags":[],"aioseo_notices":[],"_links":{"self":[{"href":"https:\/\/blogsaverroes.juntadeandalucia.es\/eielreal\/wp-json\/wp\/v2\/posts\/7811"}],"collection":[{"href":"https:\/\/blogsaverroes.juntadeandalucia.es\/eielreal\/wp-json\/wp\/v2\/posts"}],"about":[{"href":"https:\/\/blogsaverroes.juntadeandalucia.es\/eielreal\/wp-json\/wp\/v2\/types\/post"}],"author":[{"embeddable":true,"href":"https:\/\/blogsaverroes.juntadeandalucia.es\/eielreal\/wp-json\/wp\/v2\/users\/3183"}],"replies":[{"embeddable":true,"href":"https:\/\/blogsaverroes.juntadeandalucia.es\/eielreal\/wp-json\/wp\/v2\/comments?post=7811"}],"version-history":[{"count":1,"href":"https:\/\/blogsaverroes.juntadeandalucia.es\/eielreal\/wp-json\/wp\/v2\/posts\/7811\/revisions"}],"predecessor-version":[{"id":7816,"href":"https:\/\/blogsaverroes.juntadeandalucia.es\/eielreal\/wp-json\/wp\/v2\/posts\/7811\/revisions\/7816"}],"wp:featuredmedia":[{"embeddable":true,"href":"https:\/\/blogsaverroes.juntadeandalucia.es\/eielreal\/wp-json\/wp\/v2\/media\/7794"}],"wp:attachment":[{"href":"https:\/\/blogsaverroes.juntadeandalucia.es\/eielreal\/wp-json\/wp\/v2\/media?parent=7811"}],"wp:term":[{"taxonomy":"category","embeddable":true,"href":"https:\/\/blogsaverroes.juntadeandalucia.es\/eielreal\/wp-json\/wp\/v2\/categories?post=7811"},{"taxonomy":"post_tag","embeddable":true,"href":"https:\/\/blogsaverroes.juntadeandalucia.es\/eielreal\/wp-json\/wp\/v2\/tags?post=7811"}],"curies":[{"name":"wp","href":"https:\/\/api.w.org\/{rel}","templated":true}]}}