{"id":8234,"date":"2017-01-17T10:42:05","date_gmt":"2017-01-17T10:42:05","guid":{"rendered":"http:\/\/blogsaverroes.juntadeandalucia.es\/eielreal\/?p=8234"},"modified":"2017-01-17T10:44:53","modified_gmt":"2017-01-17T10:44:53","slug":"programa-de-consumo-de-frutas-y-hortalizas","status":"publish","type":"post","link":"https:\/\/blogsaverroes.juntadeandalucia.es\/eielreal\/programa-de-consumo-de-frutas-y-hortalizas\/","title":{"rendered":"Programa de consumo de frutas y hortalizas"},"content":{"rendered":"<p style=\"text-align: center\"><a href=\"http:\/\/blogsaverroes.juntadeandalucia.es\/eielreal\/files\/2017\/01\/FRUTA.jpg\"><img loading=\"lazy\" decoding=\"async\" class=\"alignnone size-full wp-image-8239\" src=\"http:\/\/blogsaverroes.juntadeandalucia.es\/eielreal\/files\/2017\/01\/FRUTA.jpg\" alt=\"FRUTA\" width=\"224\" height=\"224\" srcset=\"https:\/\/blogsaverroes.juntadeandalucia.es\/eielreal\/files\/2017\/01\/FRUTA.jpg 224w, https:\/\/blogsaverroes.juntadeandalucia.es\/eielreal\/files\/2017\/01\/FRUTA-150x150.jpg 150w, https:\/\/blogsaverroes.juntadeandalucia.es\/eielreal\/files\/2017\/01\/FRUTA-100x100.jpg 100w, https:\/\/blogsaverroes.juntadeandalucia.es\/eielreal\/files\/2017\/01\/FRUTA-24x24.jpg 24w, https:\/\/blogsaverroes.juntadeandalucia.es\/eielreal\/files\/2017\/01\/FRUTA-36x36.jpg 36w, https:\/\/blogsaverroes.juntadeandalucia.es\/eielreal\/files\/2017\/01\/FRUTA-48x48.jpg 48w\" sizes=\"(max-width: 224px) 100vw, 224px\" \/><\/a><\/p>\n<p lang=\"es-ES\" align=\"JUSTIFY\"><span style=\"font-family: 'Arial Unicode MS', sans-serif\"><span style=\"color: #000000\"><span style=\"font-family: Arial, sans-serif\"><span style=\"font-size: medium\">A Nuestro Centro, por llevar a cabo el <\/span><\/span><\/span><span style=\"color: #000000\"><span style=\"font-family: Arial, sans-serif\"><span style=\"font-size: medium\"><b>PROYECTO CRECIENDO EN SALUD,<\/b><\/span><\/span><\/span><span style=\"color: #000000\"><span style=\"font-family: Arial, sans-serif\"><span style=\"font-size: medium\">\u00a0se le ha concedido el\u00a0<\/span><\/span><\/span><strong><span style=\"color: #000000\"><span style=\"font-family: Arial, sans-serif\"><span style=\"font-size: medium\">\u00abPlan de Consumo de Fruta en las Escuelas Andaluzas\u00bb.<\/span><\/span><\/span><\/strong><\/span><\/p>\n<p lang=\"es-ES\" align=\"JUSTIFY\"><span style=\"font-family: 'Arial Unicode MS', sans-serif\"><strong><span style=\"color: #000000\"><span style=\"font-family: Arial, sans-serif\"><span style=\"font-size: medium\"> Es un plan de distribuci\u00f3n de fruta en los centros docentes sostenidos con fondos p\u00fablicos de Andaluc\u00eda que pone en marcha Las Consejer\u00edas de Educaci\u00f3n, de Salud y de Agricultura y Pesca, <\/span><\/span><\/span><\/strong><span style=\"color: #000000\"><span style=\"font-family: Arial, sans-serif\"><span style=\"font-size: medium\">y que naci\u00f3 por<\/span><\/span><\/span> <span style=\"color: #000000\"><span style=\"font-family: Arial, sans-serif\"><span style=\"font-size: medium\">iniciativa europea para fomentar el consumo de frutas y hortalizas en los escolares.<\/span><\/span><\/span><\/span><\/p>\n<p lang=\"es-ES\" align=\"JUSTIFY\"><span style=\"font-family: 'Arial Unicode MS', sans-serif\"><span style=\"color: #000000\"><span style=\"font-family: Arial, sans-serif\"><span style=\"font-size: medium\"><b>OBJETIVOS del plan: <\/b><\/span><\/span><\/span><span style=\"color: #000000\"><span style=\"font-family: Arial, sans-serif\"><span style=\"font-size: medium\"><b>Distribuci\u00f3n <\/b><\/span><\/span><\/span><span style=\"color: #000000\"><span style=\"font-family: Arial, sans-serif\"><span style=\"font-size: medium\"><b>gratuita <\/b><\/span><\/span><\/span><span style=\"color: #000000\"><span style=\"font-family: Arial, sans-serif\"><span style=\"font-size: medium\">de m\u00e1s de <\/span><\/span><\/span><span style=\"color: #000000\"><span style=\"font-family: Verdana, Geneva\"><span style=\"font-size: medium\">5.940.435 <\/span><\/span><\/span><span style=\"color: #000000\"><span style=\"font-family: Arial, sans-serif\"><span style=\"font-size: medium\"> raciones de fruta fresca, tomate cherry, zanahoria, fruta fresca m\u00ednimamente procesada y gazpacho refrigerado. <\/span><\/span><\/span><span style=\"color: #000000\"><span style=\"font-family: Arial, sans-serif\"><span style=\"font-size: medium\"><b>Destinatarios: <\/b><\/span><\/span><\/span> <span style=\"color: #000000\"><span style=\"font-family: Verdana, Geneva\"><span style=\"font-size: medium\">m\u00e1s de 396.000 alumnos y alumnas de C<\/span><\/span><\/span><span style=\"color: #000000\"><span style=\"font-family: Arial, sans-serif\"><span style=\"font-size: medium\">entros Escolares andaluces<\/span><\/span><\/span><\/span><\/p>\n<p lang=\"es-ES\" align=\"JUSTIFY\"><span style=\"font-family: 'Arial Unicode MS', sans-serif\"><span style=\"color: #000000\"><span style=\"font-family: Verdana, Geneva\"><span style=\"font-size: medium\"> La distribuci\u00f3n comenzar\u00e1 el <\/span><\/span><\/span><strong><span style=\"color: #000000\"><span style=\"font-family: Verdana, Geneva\"><span style=\"font-size: medium\"><b>17 de Enero y finalizar\u00e1 en el mes de Mayo<\/b><\/span><\/span><\/span><\/strong><span style=\"color: #000000\"><span style=\"font-family: Verdana, Geneva\"><span style=\"font-size: medium\">. <\/span><\/span><\/span><\/span><\/p>\n<p lang=\"es-ES\" align=\"JUSTIFY\"><span style=\"color: #000000\"><span style=\"font-family: Arial, sans-serif\"><span style=\"font-size: medium\"><b>\u00bfC\u00d3MO SE VA A LLEVAR A CABO?<\/b><\/span><\/span><\/span><\/p>\n<p lang=\"es-ES\" align=\"JUSTIFY\"><span style=\"color: #000000\"><span style=\"font-family: Arial, sans-serif\"><span style=\"font-size: medium\"><b>\u00a0<\/b><\/span><\/span><\/span><span style=\"color: #000000\"><span style=\"font-family: Arial, sans-serif\"><span style=\"font-size: medium\">Cada env\u00edo trae productos para consumir en los tres d\u00edas siguientes (mi\u00e9rcoles, jueves y viernes). De su reparto se encargar\u00e1 el personal docente. <\/span><\/span><\/span><\/p>\n<p lang=\"es-ES\" align=\"JUSTIFY\"><span style=\"color: #000000\"><span style=\"font-family: Arial, sans-serif\"><span style=\"font-size: medium\"><b>\u00bfQU\u00c9 DEBEN TRAER LOS NI\u00d1OS\/AS AL COLEGIO LOS D\u00cdAS QUE HAYA FRUTA? :<\/b><\/span><\/span><\/span><\/p>\n<p lang=\"es-ES\" align=\"JUSTIFY\"><span style=\"font-family: 'Arial Unicode MS', sans-serif\"><span style=\"color: #000000\"><span style=\"font-family: Arial, sans-serif\"><span style=\"font-size: medium\">Por tratarse de un programa relacionado con la salud y el cuidado del medio ambiente,los alumnos\/as <\/span><\/span><\/span><span style=\"color: #000000\"><span style=\"font-family: Arial, sans-serif\"><span style=\"font-size: medium\"><b>deber\u00e1n traer esos tres d\u00edas un tapper en sus mochilas<\/b><\/span><\/span><\/span><span style=\"color: #000000\"><span style=\"font-family: Arial, sans-serif\"><span style=\"font-size: medium\">, as\u00ed como tenedor y cucharilla, evitando recipientes de un solo uso. Tendr\u00e1n escrito su nombre con rotulador permanente para evitar confusiones.<\/span><\/span><\/span><\/span><\/p>\n<p lang=\"es-ES\" align=\"JUSTIFY\"><span style=\"color: #000000\"><span style=\"font-family: Arial, sans-serif\"><span style=\"font-size: medium\"><b>\u00bfCOMO SABEMOS LOS D\u00cdAS QUE EN EL COLEGIO SE REPARTE FRUTA?<\/b><\/span><\/span><\/span><\/p>\n<p lang=\"es-ES\" align=\"JUSTIFY\"><span style=\"color: #000000\"><span style=\"font-family: Arial, sans-serif\"><span style=\"font-size: medium\">En los tablones de anuncio del centro y de las aulas se publicar\u00e1 el calendario de las entregas.<\/span><\/span><\/span><\/p>\n<p lang=\"es-ES\" align=\"JUSTIFY\"><span style=\"color: #000000\"><span style=\"font-family: Arial, sans-serif\"><span style=\"font-size: medium\"><b>\u00bfDEBEMOS METER ESOS D\u00cdAS EN LAS MOCHILAS DE LOS NI\u00d1OS\/AS UN COMPLEMENTO AL DESAYUNO?<\/b><\/span><\/span><\/span><\/p>\n<p lang=\"es-ES\" align=\"JUSTIFY\"><span style=\"color: #000000\"><span style=\"font-family: Arial, sans-serif\"><span style=\"font-size: medium\">Esta opci\u00f3n la dejamos a criterio de las familias.<\/span><\/span><\/span><\/p>\n<p lang=\"es-ES\" align=\"JUSTIFY\"><span style=\"font-family: 'Arial Unicode MS', sans-serif\"> <span style=\"color: #000000\"><span style=\"font-family: Arial, sans-serif\"><span style=\"font-size: medium\"><b>Aprovechemos esta ocasi\u00f3n para fomentar el consumo de frutas en nuestros hijos\/as, anim\u00e1ndolos a probar nuevos alimentos y a crear nuevos h\u00e1bitos alimenticios sanos.<\/b><\/span><\/span><\/span><\/span><\/p>\n<p lang=\"es-ES\" align=\"JUSTIFY\"><span style=\"color: #000000\"><span style=\"font-family: Arial, sans-serif\"><span style=\"font-size: medium\"><b> Deseamos que sea una experiencia grata para todos.<\/b><\/span><\/span><\/span><\/p>\n<p lang=\"es-ES\" align=\"JUSTIFY\"><strong>M\u00c1S INFORMACI\u00d3N PICANDO ENCIMA:<\/strong><\/p>\n<p lang=\"es-ES\" align=\"JUSTIFY\"><a href=\"http:\/\/blogsaverroes.juntadeandalucia.es\/eielreal\/files\/2017\/01\/FRUTAS-MES-DE-ENERO-17.pdf\">FRUTAS MES DE ENERO 17<\/a><\/p>\n<p lang=\"es-ES\" align=\"JUSTIFY\"><a href=\"http:\/\/blogsaverroes.juntadeandalucia.es\/eielreal\/files\/2017\/01\/PROYECTO-CRECIENDO-EN-SALUD-EL-REAL.pdf\">PROYECTO CRECIENDO EN SALUD EL REAL<\/a><\/p>\n<p><a href=\"http:\/\/blogsaverroes.juntadeandalucia.es\/eielreal\/files\/2017\/01\/Dossier-Creciendo-en-Salud-2016_17.pdf\">Dossier Creciendo en Salud 2016_17<\/a><\/p>\n<p lang=\"es-ES\" align=\"JUSTIFY\"><span lang=\"zxx\"><u><a href=\"http:\/\/www.frutanova.es\/\"><b>http:\/\/www.frutanova.es\/<\/b><\/a><\/u><\/span><\/p>\n<p lang=\"es-ES\" align=\"JUSTIFY\">\n","protected":false},"excerpt":{"rendered":"<p>A Nuestro Centro, por llevar a cabo el PROYECTO CRECIENDO EN SALUD,\u00a0se le ha concedido el\u00a0\u00abPlan de Consumo de Fruta en las Escuelas Andaluzas\u00bb. Es un plan de distribuci\u00f3n de fruta en los centros&#46;&#46;&#46;<\/p>\n","protected":false},"author":1886,"featured_media":8239,"comment_status":"open","ping_status":"open","sticky":false,"template":"","format":"standard","meta":{"ngg_post_thumbnail":0,"footnotes":""},"categories":[1705],"tags":[],"aioseo_notices":[],"_links":{"self":[{"href":"https:\/\/blogsaverroes.juntadeandalucia.es\/eielreal\/wp-json\/wp\/v2\/posts\/8234"}],"collection":[{"href":"https:\/\/blogsaverroes.juntadeandalucia.es\/eielreal\/wp-json\/wp\/v2\/posts"}],"about":[{"href":"https:\/\/blogsaverroes.juntadeandalucia.es\/eielreal\/wp-json\/wp\/v2\/types\/post"}],"author":[{"embeddable":true,"href":"https:\/\/blogsaverroes.juntadeandalucia.es\/eielreal\/wp-json\/wp\/v2\/users\/1886"}],"replies":[{"embeddable":true,"href":"https:\/\/blogsaverroes.juntadeandalucia.es\/eielreal\/wp-json\/wp\/v2\/comments?post=8234"}],"version-history":[{"count":3,"href":"https:\/\/blogsaverroes.juntadeandalucia.es\/eielreal\/wp-json\/wp\/v2\/posts\/8234\/revisions"}],"predecessor-version":[{"id":8241,"href":"https:\/\/blogsaverroes.juntadeandalucia.es\/eielreal\/wp-json\/wp\/v2\/posts\/8234\/revisions\/8241"}],"wp:featuredmedia":[{"embeddable":true,"href":"https:\/\/blogsaverroes.juntadeandalucia.es\/eielreal\/wp-json\/wp\/v2\/media\/8239"}],"wp:attachment":[{"href":"https:\/\/blogsaverroes.juntadeandalucia.es\/eielreal\/wp-json\/wp\/v2\/media?parent=8234"}],"wp:term":[{"taxonomy":"category","embeddable":true,"href":"https:\/\/blogsaverroes.juntadeandalucia.es\/eielreal\/wp-json\/wp\/v2\/categories?post=8234"},{"taxonomy":"post_tag","embeddable":true,"href":"https:\/\/blogsaverroes.juntadeandalucia.es\/eielreal\/wp-json\/wp\/v2\/tags?post=8234"}],"curies":[{"name":"wp","href":"https:\/\/api.w.org\/{rel}","templated":true}]}}