{"id":1337,"date":"2021-05-30T16:56:47","date_gmt":"2021-05-30T15:56:47","guid":{"rendered":"https:\/\/blogsaverroes.juntadeandalucia.es\/eilajulianita\/?p=1337"},"modified":"2021-05-30T17:06:28","modified_gmt":"2021-05-30T16:06:28","slug":"nuestro-centro","status":"publish","type":"post","link":"https:\/\/blogsaverroes.juntadeandalucia.es\/eilajulianita\/nuestro-centro\/","title":{"rendered":"Nuestro Centro"},"content":{"rendered":"<table style=\"height: 465px;width: 121.673%;border-collapse: collapse\">\n<tbody>\n<tr style=\"height: 465px\">\n<td style=\"width: 58.4683%;height: 465px\" colspan=\"2\">\n<p style=\"text-align: center\"><span style=\"font-size: 12pt\"><strong><span style=\"font-family: 'comic sans ms', sans-serif\">Estos son los datos de nuestro centro:<\/span><\/strong><\/span><\/p>\n<p style=\"text-align: center\"><span style=\"font-family: 'comic sans ms', sans-serif;font-size: 12pt\"><strong>EI &#8220;LA JULIANITA&#8221;<\/strong><\/span><\/p>\n<p style=\"text-align: center\"><span style=\"font-size: 12pt\"><strong style=\"font-family: 'comic sans ms', sans-serif\">C\/ CAMINO DE LINARES S\/N<\/strong><\/span><\/p>\n<p style=\"text-align: center\"><span style=\"font-size: 12pt\"><span style=\"font-family: 'comic sans ms', sans-serif\"><strong>21200 ARACEN<\/strong><\/span><strong style=\"font-family: 'comic sans ms', sans-serif\">A (HUELVA)<\/strong><\/span><\/p>\n<p style=\"text-align: center\"><span style=\"font-family: 'comic sans ms', sans-serif;font-size: 12pt\"><strong>TEL\u00c9FONOS: 959 12 95 33&nbsp; DIRECCI\u00d3N: 671 56 60 65&nbsp; FAX: 959 12 95 34<\/strong><\/span><\/p>\n<p style=\"text-align: center\"><span style=\"font-family: 'comic sans ms', sans-serif;font-size: 12pt\"><strong>E- MAIL: 21600994.edu@juntadeandalucia.es<\/strong><\/span><\/p>\n<p style=\"text-align: center\"><span style=\"font-family: 'comic sans ms', sans-serif;font-size: 12pt\"><strong><a href=\"https:\/\/www.facebook.com\/profile.php?id=100055657225577\">FACEBOOK<\/a><\/strong><\/span><\/p>\n<p style=\"text-align: center\"><span style=\"font-family: 'comic sans ms', sans-serif;font-size: 12pt\"><strong><a href=\"https:\/\/blogsaverroes.juntadeandalucia.es\/eilajulianita\/\">AVERROES<\/a><\/strong><\/span><\/p>\n<p><span style=\"font-size: 12pt\">Si necesitas saber m\u00e1s, aqu\u00ed tienes el enlace a nuestra ubicaci\u00f3n<\/span><\/p>\n<p><span style=\"font-size: 12pt\"><a href=\"https:\/\/goo.gl\/maps\/7CPu5v4MMH6ggJ8A7\">https:\/\/goo.gl\/maps\/7CPu5v4MMH6ggJ8A7<\/a>&nbsp;<\/span><\/p>\n<p><span style=\"font-size: 12pt\"><img loading=\"lazy\" decoding=\"async\" class=\"alignnone wp-image-1120\" src=\"https:\/\/blogsaverroes.juntadeandalucia.es\/eilajulianita\/files\/2021\/05\/Captura-de-pantalla-305-300x198.png\" alt=\"\" width=\"243\" height=\"161\" srcset=\"https:\/\/blogsaverroes.juntadeandalucia.es\/eilajulianita\/files\/2021\/05\/Captura-de-pantalla-305-300x198.png 300w, https:\/\/blogsaverroes.juntadeandalucia.es\/eilajulianita\/files\/2021\/05\/Captura-de-pantalla-305-768x506.png 768w, https:\/\/blogsaverroes.juntadeandalucia.es\/eilajulianita\/files\/2021\/05\/Captura-de-pantalla-305-700x461.png 700w, https:\/\/blogsaverroes.juntadeandalucia.es\/eilajulianita\/files\/2021\/05\/Captura-de-pantalla-305.png 923w\" sizes=\"(max-width: 243px) 100vw, 243px\" \/><\/span><\/p>\n<p><span style=\"font-size: 12pt\"><img loading=\"lazy\" decoding=\"async\" class=\"wp-image-1110 alignnone\" style=\"font-family: 'Open Sans', sans-serif\" src=\"https:\/\/blogsaverroes.juntadeandalucia.es\/eilajulianita\/files\/2021\/05\/Captura-de-pantalla-304-300x137.png\" alt=\"\" width=\"234\" height=\"107\" srcset=\"https:\/\/blogsaverroes.juntadeandalucia.es\/eilajulianita\/files\/2021\/05\/Captura-de-pantalla-304-300x137.png 300w, https:\/\/blogsaverroes.juntadeandalucia.es\/eilajulianita\/files\/2021\/05\/Captura-de-pantalla-304-1024x469.png 1024w, https:\/\/blogsaverroes.juntadeandalucia.es\/eilajulianita\/files\/2021\/05\/Captura-de-pantalla-304-768x351.png 768w, https:\/\/blogsaverroes.juntadeandalucia.es\/eilajulianita\/files\/2021\/05\/Captura-de-pantalla-304-700x320.png 700w, https:\/\/blogsaverroes.juntadeandalucia.es\/eilajulianita\/files\/2021\/05\/Captura-de-pantalla-304.png 1366w\" sizes=\"(max-width: 234px) 100vw, 234px\" \/><\/span><\/td>\n<\/tr>\n<\/tbody>\n<\/table>\n","protected":false},"excerpt":{"rendered":"<p>Estos son los datos de nuestro centro: EI &#8220;LA JULIANITA&#8221; C\/ CAMINO DE LINARES S\/N 21200 ARACENA (HUELVA) TEL\u00c9FONOS: 959 12 95 33&nbsp; DIRECCI\u00d3N: 671 56 60 65&nbsp; FAX: 959 12 95 34 E-&#46;&#46;&#46;<\/p>\n","protected":false},"author":12977,"featured_media":1280,"comment_status":"open","ping_status":"open","sticky":true,"template":"","format":"gallery","meta":{"ngg_post_thumbnail":0,"footnotes":""},"categories":[51],"tags":[],"aioseo_notices":[],"_links":{"self":[{"href":"https:\/\/blogsaverroes.juntadeandalucia.es\/eilajulianita\/wp-json\/wp\/v2\/posts\/1337"}],"collection":[{"href":"https:\/\/blogsaverroes.juntadeandalucia.es\/eilajulianita\/wp-json\/wp\/v2\/posts"}],"about":[{"href":"https:\/\/blogsaverroes.juntadeandalucia.es\/eilajulianita\/wp-json\/wp\/v2\/types\/post"}],"author":[{"embeddable":true,"href":"https:\/\/blogsaverroes.juntadeandalucia.es\/eilajulianita\/wp-json\/wp\/v2\/users\/12977"}],"replies":[{"embeddable":true,"href":"https:\/\/blogsaverroes.juntadeandalucia.es\/eilajulianita\/wp-json\/wp\/v2\/comments?post=1337"}],"version-history":[{"count":2,"href":"https:\/\/blogsaverroes.juntadeandalucia.es\/eilajulianita\/wp-json\/wp\/v2\/posts\/1337\/revisions"}],"predecessor-version":[{"id":1350,"href":"https:\/\/blogsaverroes.juntadeandalucia.es\/eilajulianita\/wp-json\/wp\/v2\/posts\/1337\/revisions\/1350"}],"wp:featuredmedia":[{"embeddable":true,"href":"https:\/\/blogsaverroes.juntadeandalucia.es\/eilajulianita\/wp-json\/wp\/v2\/media\/1280"}],"wp:attachment":[{"href":"https:\/\/blogsaverroes.juntadeandalucia.es\/eilajulianita\/wp-json\/wp\/v2\/media?parent=1337"}],"wp:term":[{"taxonomy":"category","embeddable":true,"href":"https:\/\/blogsaverroes.juntadeandalucia.es\/eilajulianita\/wp-json\/wp\/v2\/categories?post=1337"},{"taxonomy":"post_tag","embeddable":true,"href":"https:\/\/blogsaverroes.juntadeandalucia.es\/eilajulianita\/wp-json\/wp\/v2\/tags?post=1337"}],"curies":[{"name":"wp","href":"https:\/\/api.w.org\/{rel}","templated":true}]}}