{"id":1674,"date":"2022-05-09T09:23:34","date_gmt":"2022-05-09T08:23:34","guid":{"rendered":"https:\/\/blogsaverroes.juntadeandalucia.es\/eilajulianita\/?p=1674"},"modified":"2022-05-14T19:25:19","modified_gmt":"2022-05-14T18:25:19","slug":"concursos","status":"publish","type":"post","link":"https:\/\/blogsaverroes.juntadeandalucia.es\/eilajulianita\/concursos\/","title":{"rendered":"CONCURSOS"},"content":{"rendered":"<div class=\"\" data-block=\"true\" data-editor=\"1mvtk\" data-offset-key=\"9hogc-0-0\">\n<div class=\"_1mf _1mj\" style=\"text-align: center\" data-offset-key=\"9hogc-0-0\"><span data-offset-key=\"9hogc-0-0\"><img loading=\"lazy\" decoding=\"async\" class=\"alignnone size-medium wp-image-1675\" src=\"https:\/\/blogsaverroes.juntadeandalucia.es\/eilajulianita\/files\/2022\/05\/IMG20220506135247-225x300.jpg\" alt=\"\" width=\"225\" height=\"300\" srcset=\"https:\/\/blogsaverroes.juntadeandalucia.es\/eilajulianita\/files\/2022\/05\/IMG20220506135247-225x300.jpg 225w, https:\/\/blogsaverroes.juntadeandalucia.es\/eilajulianita\/files\/2022\/05\/IMG20220506135247-768x1024.jpg 768w, https:\/\/blogsaverroes.juntadeandalucia.es\/eilajulianita\/files\/2022\/05\/IMG20220506135247-1152x1536.jpg 1152w, https:\/\/blogsaverroes.juntadeandalucia.es\/eilajulianita\/files\/2022\/05\/IMG20220506135247-1536x2048.jpg 1536w, https:\/\/blogsaverroes.juntadeandalucia.es\/eilajulianita\/files\/2022\/05\/IMG20220506135247-700x933.jpg 700w, https:\/\/blogsaverroes.juntadeandalucia.es\/eilajulianita\/files\/2022\/05\/IMG20220506135247-scaled.jpg 1920w\" sizes=\"(max-width: 225px) 100vw, 225px\" \/><\/span><\/div>\n<\/div>\n<div class=\"\" data-block=\"true\" data-editor=\"1mvtk\" data-offset-key=\"eq8ku-0-0\">\n<div class=\"_1mf _1mj\" data-offset-key=\"eq8ku-0-0\"><span data-offset-key=\"eq8ku-0-0\">Si record\u00e1is hace alg\u00fan tiempo presentamos nuestro video del d\u00eda del reciclaje, que pod\u00e9is encontrar en esta p\u00e1gina a dos concursos, uno de la Fundaci\u00f3n Caser a nivel andaluz y, otro de la empresa UHU a nivel nacional.<\/span><\/div>\n<\/div>\n<div class=\"\" data-block=\"true\" data-editor=\"1mvtk\" data-offset-key=\"17bjh-0-0\">\n<div class=\"_1mf _1mj\" data-offset-key=\"17bjh-0-0\"><span data-offset-key=\"17bjh-0-0\">Era bastante complicado y en ninguno de los dos hemos tenido suerte, aunque como siempre le decimos a nuestros\/as alumnos\/as lo importante es participar y, a\u00fan as\u00ed tambi\u00e9n hemos tenido un peque\u00f1o detalle por parte de la \u00faltima empresa que nos ha mandado un kit de material escolar.<\/span><\/div>\n<\/div>\n<div class=\"\" data-block=\"true\" data-editor=\"1mvtk\" data-offset-key=\"8q8v6-0-0\">\n<div class=\"_1mf _1mj\" data-offset-key=\"8q8v6-0-0\"><span class=\"diy96o5h\"><span data-offset-key=\"8q8v6-1-0\">#EEP<\/span><\/span> <span class=\"diy96o5h\"><span data-offset-key=\"8q8v6-3-0\">#convivenciapositiva<\/span><\/span> <span class=\"diy96o5h\"><span data-offset-key=\"8q8v6-5-0\">#micolemola<\/span><\/span> <span class=\"diy96o5h\" data-offset-key=\"8q8v6-7-0\"><span data-offset-key=\"8q8v6-7-0\">Gabinete Paz Igualdad<\/span><\/span> <span class=\"diy96o5h\" data-offset-key=\"8q8v6-9-0\"><span data-offset-key=\"8q8v6-9-0\">Programa para la Innovaci\u00f3n Educativa Aldea<\/span><\/span><\/div>\n<\/div>\n","protected":false},"excerpt":{"rendered":"<p>Si record\u00e1is hace alg\u00fan tiempo presentamos nuestro video del d\u00eda del reciclaje, que pod\u00e9is encontrar en esta p\u00e1gina a dos concursos, uno de la Fundaci\u00f3n Caser a nivel andaluz y, otro de la empresa&#46;&#46;&#46;<\/p>\n","protected":false},"author":8503,"featured_media":0,"comment_status":"open","ping_status":"open","sticky":false,"template":"","format":"standard","meta":{"ngg_post_thumbnail":0,"footnotes":""},"categories":[4],"tags":[],"aioseo_notices":[],"_links":{"self":[{"href":"https:\/\/blogsaverroes.juntadeandalucia.es\/eilajulianita\/wp-json\/wp\/v2\/posts\/1674"}],"collection":[{"href":"https:\/\/blogsaverroes.juntadeandalucia.es\/eilajulianita\/wp-json\/wp\/v2\/posts"}],"about":[{"href":"https:\/\/blogsaverroes.juntadeandalucia.es\/eilajulianita\/wp-json\/wp\/v2\/types\/post"}],"author":[{"embeddable":true,"href":"https:\/\/blogsaverroes.juntadeandalucia.es\/eilajulianita\/wp-json\/wp\/v2\/users\/8503"}],"replies":[{"embeddable":true,"href":"https:\/\/blogsaverroes.juntadeandalucia.es\/eilajulianita\/wp-json\/wp\/v2\/comments?post=1674"}],"version-history":[{"count":1,"href":"https:\/\/blogsaverroes.juntadeandalucia.es\/eilajulianita\/wp-json\/wp\/v2\/posts\/1674\/revisions"}],"predecessor-version":[{"id":1676,"href":"https:\/\/blogsaverroes.juntadeandalucia.es\/eilajulianita\/wp-json\/wp\/v2\/posts\/1674\/revisions\/1676"}],"wp:attachment":[{"href":"https:\/\/blogsaverroes.juntadeandalucia.es\/eilajulianita\/wp-json\/wp\/v2\/media?parent=1674"}],"wp:term":[{"taxonomy":"category","embeddable":true,"href":"https:\/\/blogsaverroes.juntadeandalucia.es\/eilajulianita\/wp-json\/wp\/v2\/categories?post=1674"},{"taxonomy":"post_tag","embeddable":true,"href":"https:\/\/blogsaverroes.juntadeandalucia.es\/eilajulianita\/wp-json\/wp\/v2\/tags?post=1674"}],"curies":[{"name":"wp","href":"https:\/\/api.w.org\/{rel}","templated":true}]}}