{"id":1678,"date":"2022-05-06T11:40:14","date_gmt":"2022-05-06T10:40:14","guid":{"rendered":"https:\/\/blogsaverroes.juntadeandalucia.es\/eilajulianita\/?p=1678"},"modified":"2022-05-14T19:42:35","modified_gmt":"2022-05-14T18:42:35","slug":"placa-pacto-de-estado","status":"publish","type":"post","link":"https:\/\/blogsaverroes.juntadeandalucia.es\/eilajulianita\/placa-pacto-de-estado\/","title":{"rendered":"PLACA PACTO DE ESTADO"},"content":{"rendered":"<div class=\"\" data-block=\"true\" data-editor=\"4jc8k\" data-offset-key=\"3osvd-0-0\">\n<div class=\"_1mf _1mj\" style=\"text-align: center\" data-offset-key=\"3osvd-0-0\"><span data-offset-key=\"3osvd-0-0\"><img loading=\"lazy\" decoding=\"async\" class=\"alignnone size-medium wp-image-1679\" src=\"https:\/\/blogsaverroes.juntadeandalucia.es\/eilajulianita\/files\/2022\/05\/IMG20220505085453-225x300.jpg\" alt=\"\" width=\"225\" height=\"300\" srcset=\"https:\/\/blogsaverroes.juntadeandalucia.es\/eilajulianita\/files\/2022\/05\/IMG20220505085453-225x300.jpg 225w, https:\/\/blogsaverroes.juntadeandalucia.es\/eilajulianita\/files\/2022\/05\/IMG20220505085453-768x1024.jpg 768w, https:\/\/blogsaverroes.juntadeandalucia.es\/eilajulianita\/files\/2022\/05\/IMG20220505085453-1152x1536.jpg 1152w, https:\/\/blogsaverroes.juntadeandalucia.es\/eilajulianita\/files\/2022\/05\/IMG20220505085453-1536x2048.jpg 1536w, https:\/\/blogsaverroes.juntadeandalucia.es\/eilajulianita\/files\/2022\/05\/IMG20220505085453-700x933.jpg 700w, https:\/\/blogsaverroes.juntadeandalucia.es\/eilajulianita\/files\/2022\/05\/IMG20220505085453-scaled.jpg 1920w\" sizes=\"(max-width: 225px) 100vw, 225px\" \/><\/span><\/div>\n<div class=\"_1mf _1mj\" style=\"text-align: center\" data-offset-key=\"3osvd-0-0\"><span data-offset-key=\"3osvd-0-0\">Y aqu\u00ed os dejamos la incorporaci\u00f3n de una \u00faltima placa para nuestro cole, en la que se refleja que <\/span><span data-offset-key=\"3osvd-1-0\">participamos<\/span><span data-offset-key=\"3osvd-2-0\"> en Pacto de Estado contra la Violencia de G\u00e9nero, haciendo con nuestros\/as peque\u00f1ines multitud de actividades para que germinen en ellos\/as y, dentro de un futuro no muy lejano hagan de \u00e9sta una sociedad mucho mejor.<\/span><\/div>\n<\/div>\n<div class=\"\" data-block=\"true\" data-editor=\"4jc8k\" data-offset-key=\"tamp-0-0\">\n<div class=\"_1mf _1mj\" data-offset-key=\"tamp-0-0\"><span class=\"diy96o5h\"><span data-offset-key=\"tamp-0-0\">#EEP<\/span><\/span> <span class=\"diy96o5h\"><span data-offset-key=\"tamp-2-0\">#micolemola<\/span><\/span> <span class=\"diy96o5h\"><span data-offset-key=\"tamp-4-0\">#convivenciapositiva<\/span><\/span> <span class=\"diy96o5h\" data-offset-key=\"tamp-6-0\"><span data-offset-key=\"tamp-6-0\">Gabinete Paz Igualdad<\/span><\/span> <span class=\"diy96o5h\"><span data-offset-key=\"tamp-8-0\">#pactodeestadocontralaviolenciadegenero<\/span><\/span><\/div>\n<\/div>\n","protected":false},"excerpt":{"rendered":"<p>Y aqu\u00ed os dejamos la incorporaci\u00f3n de una \u00faltima placa para nuestro cole, en la que se refleja que participamos en Pacto de Estado contra la Violencia de G\u00e9nero, haciendo con nuestros\/as peque\u00f1ines multitud&#46;&#46;&#46;<\/p>\n","protected":false},"author":8503,"featured_media":0,"comment_status":"open","ping_status":"open","sticky":false,"template":"","format":"standard","meta":{"ngg_post_thumbnail":0,"footnotes":""},"categories":[4],"tags":[],"aioseo_notices":[],"_links":{"self":[{"href":"https:\/\/blogsaverroes.juntadeandalucia.es\/eilajulianita\/wp-json\/wp\/v2\/posts\/1678"}],"collection":[{"href":"https:\/\/blogsaverroes.juntadeandalucia.es\/eilajulianita\/wp-json\/wp\/v2\/posts"}],"about":[{"href":"https:\/\/blogsaverroes.juntadeandalucia.es\/eilajulianita\/wp-json\/wp\/v2\/types\/post"}],"author":[{"embeddable":true,"href":"https:\/\/blogsaverroes.juntadeandalucia.es\/eilajulianita\/wp-json\/wp\/v2\/users\/8503"}],"replies":[{"embeddable":true,"href":"https:\/\/blogsaverroes.juntadeandalucia.es\/eilajulianita\/wp-json\/wp\/v2\/comments?post=1678"}],"version-history":[{"count":1,"href":"https:\/\/blogsaverroes.juntadeandalucia.es\/eilajulianita\/wp-json\/wp\/v2\/posts\/1678\/revisions"}],"predecessor-version":[{"id":1680,"href":"https:\/\/blogsaverroes.juntadeandalucia.es\/eilajulianita\/wp-json\/wp\/v2\/posts\/1678\/revisions\/1680"}],"wp:attachment":[{"href":"https:\/\/blogsaverroes.juntadeandalucia.es\/eilajulianita\/wp-json\/wp\/v2\/media?parent=1678"}],"wp:term":[{"taxonomy":"category","embeddable":true,"href":"https:\/\/blogsaverroes.juntadeandalucia.es\/eilajulianita\/wp-json\/wp\/v2\/categories?post=1678"},{"taxonomy":"post_tag","embeddable":true,"href":"https:\/\/blogsaverroes.juntadeandalucia.es\/eilajulianita\/wp-json\/wp\/v2\/tags?post=1678"}],"curies":[{"name":"wp","href":"https:\/\/api.w.org\/{rel}","templated":true}]}}