{"id":2008,"date":"2023-02-02T10:15:19","date_gmt":"2023-02-02T09:15:19","guid":{"rendered":"https:\/\/blogsaverroes.juntadeandalucia.es\/eilajulianita\/?p=2008"},"modified":"2023-03-11T22:44:22","modified_gmt":"2023-03-11T21:44:22","slug":"parque-infantil-2","status":"publish","type":"post","link":"https:\/\/blogsaverroes.juntadeandalucia.es\/eilajulianita\/parque-infantil-2\/","title":{"rendered":"PARQUE INFANTIL"},"content":{"rendered":"<p>Nuestros peques, expectantes observan como se empieza a construir el parque infantil.<br \/>\n<span class=\"xv78j7m\">Gabinete Paz Igualdad Huelva<\/span> <span class=\"xv78j7m\">Programa para la Innovaci\u00f3n Educativa, H\u00e1bitos de Vida Saludable<\/span> <span class=\"xv78j7m\">Programa para la Innovaci\u00f3n Educativa Aldea<\/span> <span class=\"xv78j7m\">Ampa El Tobog\u00e1n<\/span> <span class=\"xv78j7m\">Ayuntamiento Aracena<\/span><\/p>\n<p style=\"text-align: center\"><img loading=\"lazy\" decoding=\"async\" class=\"alignnone size-medium wp-image-2009\" src=\"https:\/\/blogsaverroes.juntadeandalucia.es\/eilajulianita\/files\/2023\/03\/IMG20230202104055-300x225.jpg\" alt=\"\" width=\"300\" height=\"225\" srcset=\"https:\/\/blogsaverroes.juntadeandalucia.es\/eilajulianita\/files\/2023\/03\/IMG20230202104055-300x225.jpg 300w, https:\/\/blogsaverroes.juntadeandalucia.es\/eilajulianita\/files\/2023\/03\/IMG20230202104055-1024x768.jpg 1024w, https:\/\/blogsaverroes.juntadeandalucia.es\/eilajulianita\/files\/2023\/03\/IMG20230202104055-768x576.jpg 768w, https:\/\/blogsaverroes.juntadeandalucia.es\/eilajulianita\/files\/2023\/03\/IMG20230202104055-1536x1152.jpg 1536w, https:\/\/blogsaverroes.juntadeandalucia.es\/eilajulianita\/files\/2023\/03\/IMG20230202104055-2048x1536.jpg 2048w, https:\/\/blogsaverroes.juntadeandalucia.es\/eilajulianita\/files\/2023\/03\/IMG20230202104055-700x525.jpg 700w\" sizes=\"(max-width: 300px) 100vw, 300px\" \/> <img loading=\"lazy\" decoding=\"async\" class=\"alignnone size-medium wp-image-2011\" src=\"https:\/\/blogsaverroes.juntadeandalucia.es\/eilajulianita\/files\/2023\/03\/IMG20230202112715-300x225.jpg\" alt=\"\" width=\"300\" height=\"225\" srcset=\"https:\/\/blogsaverroes.juntadeandalucia.es\/eilajulianita\/files\/2023\/03\/IMG20230202112715-300x225.jpg 300w, https:\/\/blogsaverroes.juntadeandalucia.es\/eilajulianita\/files\/2023\/03\/IMG20230202112715-1024x768.jpg 1024w, https:\/\/blogsaverroes.juntadeandalucia.es\/eilajulianita\/files\/2023\/03\/IMG20230202112715-768x576.jpg 768w, https:\/\/blogsaverroes.juntadeandalucia.es\/eilajulianita\/files\/2023\/03\/IMG20230202112715-1536x1152.jpg 1536w, https:\/\/blogsaverroes.juntadeandalucia.es\/eilajulianita\/files\/2023\/03\/IMG20230202112715-2048x1536.jpg 2048w, https:\/\/blogsaverroes.juntadeandalucia.es\/eilajulianita\/files\/2023\/03\/IMG20230202112715-700x525.jpg 700w\" sizes=\"(max-width: 300px) 100vw, 300px\" \/> <img loading=\"lazy\" decoding=\"async\" class=\"alignnone size-medium wp-image-2012\" src=\"https:\/\/blogsaverroes.juntadeandalucia.es\/eilajulianita\/files\/2023\/03\/IMG20230202124014-300x225.jpg\" alt=\"\" width=\"300\" height=\"225\" srcset=\"https:\/\/blogsaverroes.juntadeandalucia.es\/eilajulianita\/files\/2023\/03\/IMG20230202124014-300x225.jpg 300w, https:\/\/blogsaverroes.juntadeandalucia.es\/eilajulianita\/files\/2023\/03\/IMG20230202124014-1024x768.jpg 1024w, https:\/\/blogsaverroes.juntadeandalucia.es\/eilajulianita\/files\/2023\/03\/IMG20230202124014-768x576.jpg 768w, https:\/\/blogsaverroes.juntadeandalucia.es\/eilajulianita\/files\/2023\/03\/IMG20230202124014-1536x1152.jpg 1536w, https:\/\/blogsaverroes.juntadeandalucia.es\/eilajulianita\/files\/2023\/03\/IMG20230202124014-2048x1536.jpg 2048w, https:\/\/blogsaverroes.juntadeandalucia.es\/eilajulianita\/files\/2023\/03\/IMG20230202124014-700x525.jpg 700w\" sizes=\"(max-width: 300px) 100vw, 300px\" \/> <img loading=\"lazy\" decoding=\"async\" class=\"alignnone size-medium wp-image-2013\" src=\"https:\/\/blogsaverroes.juntadeandalucia.es\/eilajulianita\/files\/2023\/03\/IMG20230202141909-300x225.jpg\" alt=\"\" width=\"300\" height=\"225\" srcset=\"https:\/\/blogsaverroes.juntadeandalucia.es\/eilajulianita\/files\/2023\/03\/IMG20230202141909-300x225.jpg 300w, https:\/\/blogsaverroes.juntadeandalucia.es\/eilajulianita\/files\/2023\/03\/IMG20230202141909-1024x768.jpg 1024w, https:\/\/blogsaverroes.juntadeandalucia.es\/eilajulianita\/files\/2023\/03\/IMG20230202141909-768x576.jpg 768w, https:\/\/blogsaverroes.juntadeandalucia.es\/eilajulianita\/files\/2023\/03\/IMG20230202141909-1536x1152.jpg 1536w, https:\/\/blogsaverroes.juntadeandalucia.es\/eilajulianita\/files\/2023\/03\/IMG20230202141909-2048x1536.jpg 2048w, https:\/\/blogsaverroes.juntadeandalucia.es\/eilajulianita\/files\/2023\/03\/IMG20230202141909-700x525.jpg 700w\" sizes=\"(max-width: 300px) 100vw, 300px\" \/> <img loading=\"lazy\" decoding=\"async\" class=\"alignnone size-medium wp-image-2014\" src=\"https:\/\/blogsaverroes.juntadeandalucia.es\/eilajulianita\/files\/2023\/03\/IMG20230202095149-300x225.jpg\" alt=\"\" width=\"300\" height=\"225\" srcset=\"https:\/\/blogsaverroes.juntadeandalucia.es\/eilajulianita\/files\/2023\/03\/IMG20230202095149-300x225.jpg 300w, https:\/\/blogsaverroes.juntadeandalucia.es\/eilajulianita\/files\/2023\/03\/IMG20230202095149-1024x768.jpg 1024w, https:\/\/blogsaverroes.juntadeandalucia.es\/eilajulianita\/files\/2023\/03\/IMG20230202095149-768x576.jpg 768w, https:\/\/blogsaverroes.juntadeandalucia.es\/eilajulianita\/files\/2023\/03\/IMG20230202095149-1536x1152.jpg 1536w, https:\/\/blogsaverroes.juntadeandalucia.es\/eilajulianita\/files\/2023\/03\/IMG20230202095149-2048x1536.jpg 2048w, https:\/\/blogsaverroes.juntadeandalucia.es\/eilajulianita\/files\/2023\/03\/IMG20230202095149-700x525.jpg 700w\" sizes=\"(max-width: 300px) 100vw, 300px\" \/><\/p>\n","protected":false},"excerpt":{"rendered":"<p>Nuestros peques, expectantes observan como se empieza a construir el parque infantil. Gabinete Paz Igualdad Huelva Programa para la Innovaci\u00f3n Educativa, H\u00e1bitos de Vida Saludable Programa para la Innovaci\u00f3n Educativa Aldea Ampa El Tobog\u00e1n&#46;&#46;&#46;<\/p>\n","protected":false},"author":8503,"featured_media":0,"comment_status":"open","ping_status":"open","sticky":false,"template":"","format":"standard","meta":{"ngg_post_thumbnail":0,"footnotes":""},"categories":[4],"tags":[],"aioseo_notices":[],"_links":{"self":[{"href":"https:\/\/blogsaverroes.juntadeandalucia.es\/eilajulianita\/wp-json\/wp\/v2\/posts\/2008"}],"collection":[{"href":"https:\/\/blogsaverroes.juntadeandalucia.es\/eilajulianita\/wp-json\/wp\/v2\/posts"}],"about":[{"href":"https:\/\/blogsaverroes.juntadeandalucia.es\/eilajulianita\/wp-json\/wp\/v2\/types\/post"}],"author":[{"embeddable":true,"href":"https:\/\/blogsaverroes.juntadeandalucia.es\/eilajulianita\/wp-json\/wp\/v2\/users\/8503"}],"replies":[{"embeddable":true,"href":"https:\/\/blogsaverroes.juntadeandalucia.es\/eilajulianita\/wp-json\/wp\/v2\/comments?post=2008"}],"version-history":[{"count":1,"href":"https:\/\/blogsaverroes.juntadeandalucia.es\/eilajulianita\/wp-json\/wp\/v2\/posts\/2008\/revisions"}],"predecessor-version":[{"id":2015,"href":"https:\/\/blogsaverroes.juntadeandalucia.es\/eilajulianita\/wp-json\/wp\/v2\/posts\/2008\/revisions\/2015"}],"wp:attachment":[{"href":"https:\/\/blogsaverroes.juntadeandalucia.es\/eilajulianita\/wp-json\/wp\/v2\/media?parent=2008"}],"wp:term":[{"taxonomy":"category","embeddable":true,"href":"https:\/\/blogsaverroes.juntadeandalucia.es\/eilajulianita\/wp-json\/wp\/v2\/categories?post=2008"},{"taxonomy":"post_tag","embeddable":true,"href":"https:\/\/blogsaverroes.juntadeandalucia.es\/eilajulianita\/wp-json\/wp\/v2\/tags?post=2008"}],"curies":[{"name":"wp","href":"https:\/\/api.w.org\/{rel}","templated":true}]}}