{"id":2442,"date":"2024-02-09T10:45:15","date_gmt":"2024-02-09T09:45:15","guid":{"rendered":"https:\/\/blogsaverroes.juntadeandalucia.es\/eilajulianita\/?p=2442"},"modified":"2024-02-10T21:33:01","modified_gmt":"2024-02-10T20:33:01","slug":"carnaval-2024","status":"publish","type":"post","link":"https:\/\/blogsaverroes.juntadeandalucia.es\/eilajulianita\/carnaval-2024\/","title":{"rendered":"CARNAVAL 2024"},"content":{"rendered":"<div class=\"xdj266r x11i5rnm xat24cr x1mh8g0r x1vvkbs x126k92a\">\n<div dir=\"auto\">&nbsp;<\/div>\n<div dir=\"auto\">Hoy a pesar de la lluvia y del mal tiempo hemos disfrutado a lo grande, hemos lucido nuestros bonitos disfraces dando un toque de color y alegr\u00eda a nuestro cole y, hemos bailado y re\u00eddo mucho gracias a todas las comparsas, murgas y chirigotas que han venido a nuestro cole, un mill\u00f3n de gracias a todos\/as y todas.<\/div>\n<\/div>\n<div class=\"x11i5rnm xat24cr x1mh8g0r x1vvkbs xtlvy1s x126k92a\">\n<div dir=\"auto\">Nuestra cebolla, este a\u00f1o muy flamenca ella gracias a nuestra <a class=\"x1i10hfl xjbqb8w x1ejq31n xd10rxx x1sy0etr x17r0tee x972fbf xcfux6l x1qhh985 xm0m39n x9f619 x1ypdohk xt0psk2 xe8uvvx xdj266r x11i5rnm xat24cr x1mh8g0r xexx8yu x4uap5 x18d9i69 xkhd6sd x16tdsg8 x1hl2dhg xggy1nq x1a2a7pz xt0b8zv x1fey0fg xo1l8bm\" role=\"link\" href=\"https:\/\/www.facebook.com\/profile.php?id=100010647941863&amp;__cft__[0]=AZVMb5IV5Y9aWB8FVwu--W5b83GabC3UdFXNZXD0h3_k-jt4KM-yuiIR9sr_ONkCCXlb2wNKD7EY7jNbMInna1d_pWQvIYK_v7tRWbrLr_sxfM25o3sX7qsFBmHdOXUZN9-qS2Gg75BOsjVAJFOCVINPq-YJv8jx8nkvUpC5s_0_oYAmE_oADspGmz4MafMDFZ4&amp;__tn__=-]K-R\"><span class=\"xt0psk2\">Ampa El Tobog\u00e1n<\/span><\/a> se ha quedado sin pasacalles y, no la hemos podido quemar \u00bfqu\u00e9 pasar\u00e1 ahora con ella?<\/div>\n<\/div>\n<div class=\"x11i5rnm xat24cr x1mh8g0r x1vvkbs xtlvy1s x126k92a\">\n<div dir=\"auto\"><a class=\"x1i10hfl xjbqb8w x1ejq31n xd10rxx x1sy0etr x17r0tee x972fbf xcfux6l x1qhh985 xm0m39n x9f619 x1ypdohk xt0psk2 xe8uvvx xdj266r x11i5rnm xat24cr x1mh8g0r xexx8yu x4uap5 x18d9i69 xkhd6sd x16tdsg8 x1hl2dhg xggy1nq x1a2a7pz xt0b8zv x1fey0fg xo1l8bm\" role=\"link\" href=\"https:\/\/www.facebook.com\/ordenacioneduhu?__cft__[0]=AZVMb5IV5Y9aWB8FVwu--W5b83GabC3UdFXNZXD0h3_k-jt4KM-yuiIR9sr_ONkCCXlb2wNKD7EY7jNbMInna1d_pWQvIYK_v7tRWbrLr_sxfM25o3sX7qsFBmHdOXUZN9-qS2Gg75BOsjVAJFOCVINPq-YJv8jx8nkvUpC5s_0_oYAmE_oADspGmz4MafMDFZ4&amp;__tn__=-]K-R\"><span class=\"xt0psk2\">Ordenacion Educativa Huelva<\/span><\/a> <a class=\"x1i10hfl xjbqb8w x1ejq31n xd10rxx x1sy0etr x17r0tee x972fbf xcfux6l x1qhh985 xm0m39n x9f619 x1ypdohk xt0psk2 xe8uvvx xdj266r x11i5rnm xat24cr x1mh8g0r xexx8yu x4uap5 x18d9i69 xkhd6sd x16tdsg8 x1hl2dhg xggy1nq x1a2a7pz xt0b8zv x1fey0fg xo1l8bm\" role=\"link\" href=\"https:\/\/www.facebook.com\/profile.php?id=100064807455903&amp;__cft__[0]=AZVMb5IV5Y9aWB8FVwu--W5b83GabC3UdFXNZXD0h3_k-jt4KM-yuiIR9sr_ONkCCXlb2wNKD7EY7jNbMInna1d_pWQvIYK_v7tRWbrLr_sxfM25o3sX7qsFBmHdOXUZN9-qS2Gg75BOsjVAJFOCVINPq-YJv8jx8nkvUpC5s_0_oYAmE_oADspGmz4MafMDFZ4&amp;__tn__=-]K-R\"><span class=\"xt0psk2\">Gabinete Paz Igualdad Huelva<\/span><\/a> <a class=\"x1i10hfl xjbqb8w x1ejq31n xd10rxx x1sy0etr x17r0tee x972fbf xcfux6l x1qhh985 xm0m39n x9f619 x1ypdohk xt0psk2 xe8uvvx xdj266r x11i5rnm xat24cr x1mh8g0r xexx8yu x4uap5 x18d9i69 xkhd6sd x16tdsg8 x1hl2dhg xggy1nq x1a2a7pz xt0b8zv x1fey0fg xo1l8bm\" role=\"link\" href=\"https:\/\/www.facebook.com\/ayuntamientodearacena?__cft__[0]=AZVMb5IV5Y9aWB8FVwu--W5b83GabC3UdFXNZXD0h3_k-jt4KM-yuiIR9sr_ONkCCXlb2wNKD7EY7jNbMInna1d_pWQvIYK_v7tRWbrLr_sxfM25o3sX7qsFBmHdOXUZN9-qS2Gg75BOsjVAJFOCVINPq-YJv8jx8nkvUpC5s_0_oYAmE_oADspGmz4MafMDFZ4&amp;__tn__=-]K-R\"><span class=\"xt0psk2\">Ayuntamiento Aracena<\/span><\/a><\/div>\n<\/div>\n<div dir=\"auto\">&nbsp;<\/div>\n<div dir=\"auto\">\n<div style=\"width: 1920px;\" class=\"wp-video\"><!--[if lt IE 9]><script>document.createElement('video');<\/script><![endif]-->\n<video class=\"wp-video-shortcode\" id=\"video-2442-1\" width=\"1920\" height=\"1080\" preload=\"metadata\" controls=\"controls\"><source type=\"video\/mp4\" src=\"https:\/\/blogsaverroes.juntadeandalucia.es\/eilajulianita\/files\/2024\/02\/video-carnaval-2024.mp4?_=1\" \/><a href=\"https:\/\/blogsaverroes.juntadeandalucia.es\/eilajulianita\/files\/2024\/02\/video-carnaval-2024.mp4\">https:\/\/blogsaverroes.juntadeandalucia.es\/eilajulianita\/files\/2024\/02\/video-carnaval-2024.mp4<\/a><\/video><\/div>\n<\/div>\n","protected":false},"excerpt":{"rendered":"<p>&nbsp; Hoy a pesar de la lluvia y del mal tiempo hemos disfrutado a lo grande, hemos lucido nuestros bonitos disfraces dando un toque de color y alegr\u00eda a nuestro cole y, hemos bailado&#46;&#46;&#46;<\/p>\n","protected":false},"author":8503,"featured_media":0,"comment_status":"open","ping_status":"open","sticky":false,"template":"","format":"standard","meta":{"ngg_post_thumbnail":0,"footnotes":""},"categories":[4],"tags":[],"aioseo_notices":[],"_links":{"self":[{"href":"https:\/\/blogsaverroes.juntadeandalucia.es\/eilajulianita\/wp-json\/wp\/v2\/posts\/2442"}],"collection":[{"href":"https:\/\/blogsaverroes.juntadeandalucia.es\/eilajulianita\/wp-json\/wp\/v2\/posts"}],"about":[{"href":"https:\/\/blogsaverroes.juntadeandalucia.es\/eilajulianita\/wp-json\/wp\/v2\/types\/post"}],"author":[{"embeddable":true,"href":"https:\/\/blogsaverroes.juntadeandalucia.es\/eilajulianita\/wp-json\/wp\/v2\/users\/8503"}],"replies":[{"embeddable":true,"href":"https:\/\/blogsaverroes.juntadeandalucia.es\/eilajulianita\/wp-json\/wp\/v2\/comments?post=2442"}],"version-history":[{"count":1,"href":"https:\/\/blogsaverroes.juntadeandalucia.es\/eilajulianita\/wp-json\/wp\/v2\/posts\/2442\/revisions"}],"predecessor-version":[{"id":2444,"href":"https:\/\/blogsaverroes.juntadeandalucia.es\/eilajulianita\/wp-json\/wp\/v2\/posts\/2442\/revisions\/2444"}],"wp:attachment":[{"href":"https:\/\/blogsaverroes.juntadeandalucia.es\/eilajulianita\/wp-json\/wp\/v2\/media?parent=2442"}],"wp:term":[{"taxonomy":"category","embeddable":true,"href":"https:\/\/blogsaverroes.juntadeandalucia.es\/eilajulianita\/wp-json\/wp\/v2\/categories?post=2442"},{"taxonomy":"post_tag","embeddable":true,"href":"https:\/\/blogsaverroes.juntadeandalucia.es\/eilajulianita\/wp-json\/wp\/v2\/tags?post=2442"}],"curies":[{"name":"wp","href":"https:\/\/api.w.org\/{rel}","templated":true}]}}