{"id":3206,"date":"2025-09-17T09:32:44","date_gmt":"2025-09-17T08:32:44","guid":{"rendered":"https:\/\/blogsaverroes.juntadeandalucia.es\/eilajulianita\/?p=3206"},"modified":"2025-09-17T09:32:44","modified_gmt":"2025-09-17T08:32:44","slug":"virus-del-nilo","status":"publish","type":"post","link":"https:\/\/blogsaverroes.juntadeandalucia.es\/eilajulianita\/virus-del-nilo\/","title":{"rendered":"VIRUS DEL NILO"},"content":{"rendered":"<div class=\"xdj266r x14z9mp xat24cr x1lziwak x1vvkbs x126k92a\">\n<div dir=\"auto\">&nbsp;<\/div>\n<\/div>\n<div class=\"x14z9mp xat24cr x1lziwak x1vvkbs xtlvy1s x126k92a\">\n<div dir=\"auto\">Queridas familias:<\/div>\n<\/div>\n<div class=\"x14z9mp xat24cr x1lziwak x1vvkbs xtlvy1s x126k92a\">\n<div dir=\"auto\">Desde nuestra Delegaci\u00f3n Territorial de Educaci\u00f3n nos piden que demos difusi\u00f3n a esta infograf\u00eda relativa al virus del Nilo occidental.<\/div>\n<\/div>\n<div class=\"x14z9mp xat24cr x1lziwak x1vvkbs xtlvy1s x126k92a\">\n<div dir=\"auto\">Un saludo.<\/div>\n<\/div>\n<div class=\"x14z9mp xat24cr x1lziwak x1vvkbs xtlvy1s x126k92a\">\n<div dir=\"auto\">EI &#8220;La Julianita&#8221;<\/div>\n<div dir=\"auto\"><span class=\"html-span xdj266r x14z9mp xat24cr x1lziwak xexx8yu xyri2b x18d9i69 x1c1uobl x1hl2dhg x16tdsg8 x1vvkbs\"><a class=\"x1i10hfl xjbqb8w x1ejq31n x18oe1m7 x1sy0etr xstzfhl x972fbf x10w94by x1qhh985 x14e42zd x9f619 x1ypdohk xt0psk2 x3ct3a4 xdj266r x14z9mp xat24cr x1lziwak xexx8yu xyri2b x18d9i69 x1c1uobl x16tdsg8 x1hl2dhg xggy1nq x1a2a7pz xkrqix3 x1sur9pj x1fey0fg x1s688f\" role=\"link\" href=\"https:\/\/www.facebook.com\/profile.php?id=100064807455903&amp;__cft__[0]=AZX8zuEt27sprSHo5qMIjTXk8T_1nzuiY85Wu9z-8m8MY2n50UKX7jv2BYRVsyMm7bOHT-arRBfUBZeDh5UPLj1F4cTh40kTkCxSM3ruEYHJbaLcpSZPRJvckeTRximeYo5F_t41754GWt0fdvutHlcl3EW2Qiwa-u57spiisp2VGA&amp;__tn__=-]K-R\"><span class=\"xt0psk2\"><span class=\"xjp7ctv\">Gabinete Paz Igualdad Huelva<\/span><\/span><\/a><\/span> <span class=\"html-span xdj266r x14z9mp xat24cr x1lziwak xexx8yu xyri2b x18d9i69 x1c1uobl x1hl2dhg x16tdsg8 x1vvkbs\"><a class=\"x1i10hfl xjbqb8w x1ejq31n x18oe1m7 x1sy0etr xstzfhl x972fbf x10w94by x1qhh985 x14e42zd x9f619 x1ypdohk xt0psk2 x3ct3a4 xdj266r x14z9mp xat24cr x1lziwak xexx8yu xyri2b x18d9i69 x1c1uobl x16tdsg8 x1hl2dhg xggy1nq x1a2a7pz xkrqix3 x1sur9pj x1fey0fg x1s688f\" role=\"link\" href=\"https:\/\/www.facebook.com\/EducaAnd?__cft__[0]=AZX8zuEt27sprSHo5qMIjTXk8T_1nzuiY85Wu9z-8m8MY2n50UKX7jv2BYRVsyMm7bOHT-arRBfUBZeDh5UPLj1F4cTh40kTkCxSM3ruEYHJbaLcpSZPRJvckeTRximeYo5F_t41754GWt0fdvutHlcl3EW2Qiwa-u57spiisp2VGA&amp;__tn__=-]K-R\"><span class=\"xt0psk2\"><span class=\"xjp7ctv\">Consejer\u00eda de Desarrollo Educativo y Formaci\u00f3n Profesional<\/span><\/span><\/a><\/span> <span class=\"html-span xdj266r x14z9mp xat24cr x1lziwak xexx8yu xyri2b x18d9i69 x1c1uobl x1hl2dhg x16tdsg8 x1vvkbs\"><a class=\"x1i10hfl xjbqb8w x1ejq31n x18oe1m7 x1sy0etr xstzfhl x972fbf x10w94by x1qhh985 x14e42zd x9f619 x1ypdohk xt0psk2 x3ct3a4 xdj266r x14z9mp xat24cr x1lziwak xexx8yu xyri2b x18d9i69 x1c1uobl x16tdsg8 x1hl2dhg xggy1nq x1a2a7pz xkrqix3 x1sur9pj x1fey0fg x1s688f\" role=\"link\" href=\"https:\/\/www.facebook.com\/TVAracena?__cft__[0]=AZX8zuEt27sprSHo5qMIjTXk8T_1nzuiY85Wu9z-8m8MY2n50UKX7jv2BYRVsyMm7bOHT-arRBfUBZeDh5UPLj1F4cTh40kTkCxSM3ruEYHJbaLcpSZPRJvckeTRximeYo5F_t41754GWt0fdvutHlcl3EW2Qiwa-u57spiisp2VGA&amp;__tn__=-]K-R\"><span class=\"xt0psk2\"><span class=\"xjp7ctv\">TeleAracena<\/span><\/span><\/a><\/span> <span class=\"html-span xdj266r x14z9mp xat24cr x1lziwak xexx8yu xyri2b x18d9i69 x1c1uobl x1hl2dhg x16tdsg8 x1vvkbs\"><a class=\"x1i10hfl xjbqb8w x1ejq31n x18oe1m7 x1sy0etr xstzfhl x972fbf x10w94by x1qhh985 x14e42zd x9f619 x1ypdohk xt0psk2 x3ct3a4 xdj266r x14z9mp xat24cr x1lziwak xexx8yu xyri2b x18d9i69 x1c1uobl x16tdsg8 x1hl2dhg xggy1nq x1a2a7pz xkrqix3 x1sur9pj x1fey0fg x1s688f\" role=\"link\" href=\"https:\/\/www.facebook.com\/ayuntamientodearacena?__cft__[0]=AZX8zuEt27sprSHo5qMIjTXk8T_1nzuiY85Wu9z-8m8MY2n50UKX7jv2BYRVsyMm7bOHT-arRBfUBZeDh5UPLj1F4cTh40kTkCxSM3ruEYHJbaLcpSZPRJvckeTRximeYo5F_t41754GWt0fdvutHlcl3EW2Qiwa-u57spiisp2VGA&amp;__tn__=-]K-R\"><span class=\"xt0psk2\"><span class=\"xjp7ctv\">Ayuntamiento Aracena<\/span><\/span><\/a><\/span> <span class=\"html-span xdj266r x14z9mp xat24cr x1lziwak xexx8yu xyri2b x18d9i69 x1c1uobl x1hl2dhg x16tdsg8 x1vvkbs\"><a class=\"x1i10hfl xjbqb8w x1ejq31n x18oe1m7 x1sy0etr xstzfhl x972fbf x10w94by x1qhh985 x14e42zd x9f619 x1ypdohk xt0psk2 x3ct3a4 xdj266r x14z9mp xat24cr x1lziwak xexx8yu xyri2b x18d9i69 x1c1uobl x16tdsg8 x1hl2dhg xggy1nq x1a2a7pz xkrqix3 x1sur9pj x1fey0fg x1s688f\" role=\"link\" href=\"https:\/\/www.facebook.com\/ProgramaPromocionHabitosdeVidaSaludableAndalucia?__cft__[0]=AZX8zuEt27sprSHo5qMIjTXk8T_1nzuiY85Wu9z-8m8MY2n50UKX7jv2BYRVsyMm7bOHT-arRBfUBZeDh5UPLj1F4cTh40kTkCxSM3ruEYHJbaLcpSZPRJvckeTRximeYo5F_t41754GWt0fdvutHlcl3EW2Qiwa-u57spiisp2VGA&amp;__tn__=-]K-R\"><span class=\"xt0psk2\"><span class=\"xjp7ctv\">Programa para la Innovaci\u00f3n Educativa, H\u00e1bitos de Vida Saludable<\/span><\/span><\/a><\/span><\/div>\n<div dir=\"auto\" style=\"text-align: center\"><img loading=\"lazy\" decoding=\"async\" class=\"alignnone size-medium wp-image-3207\" src=\"https:\/\/blogsaverroes.juntadeandalucia.es\/eilajulianita\/files\/2025\/09\/VIRUS-DEL-NILO-OCCIDENTAL-2_page-0001-141x300.jpg\" alt=\"\" width=\"141\" height=\"300\" srcset=\"https:\/\/blogsaverroes.juntadeandalucia.es\/eilajulianita\/files\/2025\/09\/VIRUS-DEL-NILO-OCCIDENTAL-2_page-0001-141x300.jpg 141w, https:\/\/blogsaverroes.juntadeandalucia.es\/eilajulianita\/files\/2025\/09\/VIRUS-DEL-NILO-OCCIDENTAL-2_page-0001-483x1024.jpg 483w, https:\/\/blogsaverroes.juntadeandalucia.es\/eilajulianita\/files\/2025\/09\/VIRUS-DEL-NILO-OCCIDENTAL-2_page-0001.jpg 585w\" sizes=\"(max-width: 141px) 100vw, 141px\" \/><\/div>\n<\/div>\n<p>&nbsp;<\/p>\n","protected":false},"excerpt":{"rendered":"<p>&nbsp; Queridas familias: Desde nuestra Delegaci\u00f3n Territorial de Educaci\u00f3n nos piden que demos difusi\u00f3n a esta infograf\u00eda relativa al virus del Nilo occidental. Un saludo. EI &#8220;La Julianita&#8221; Gabinete Paz Igualdad Huelva Consejer\u00eda de&#46;&#46;&#46;<\/p>\n","protected":false},"author":8503,"featured_media":0,"comment_status":"open","ping_status":"open","sticky":false,"template":"","format":"standard","meta":{"ngg_post_thumbnail":0,"footnotes":""},"categories":[4],"tags":[],"aioseo_notices":[],"_links":{"self":[{"href":"https:\/\/blogsaverroes.juntadeandalucia.es\/eilajulianita\/wp-json\/wp\/v2\/posts\/3206"}],"collection":[{"href":"https:\/\/blogsaverroes.juntadeandalucia.es\/eilajulianita\/wp-json\/wp\/v2\/posts"}],"about":[{"href":"https:\/\/blogsaverroes.juntadeandalucia.es\/eilajulianita\/wp-json\/wp\/v2\/types\/post"}],"author":[{"embeddable":true,"href":"https:\/\/blogsaverroes.juntadeandalucia.es\/eilajulianita\/wp-json\/wp\/v2\/users\/8503"}],"replies":[{"embeddable":true,"href":"https:\/\/blogsaverroes.juntadeandalucia.es\/eilajulianita\/wp-json\/wp\/v2\/comments?post=3206"}],"version-history":[{"count":1,"href":"https:\/\/blogsaverroes.juntadeandalucia.es\/eilajulianita\/wp-json\/wp\/v2\/posts\/3206\/revisions"}],"predecessor-version":[{"id":3208,"href":"https:\/\/blogsaverroes.juntadeandalucia.es\/eilajulianita\/wp-json\/wp\/v2\/posts\/3206\/revisions\/3208"}],"wp:attachment":[{"href":"https:\/\/blogsaverroes.juntadeandalucia.es\/eilajulianita\/wp-json\/wp\/v2\/media?parent=3206"}],"wp:term":[{"taxonomy":"category","embeddable":true,"href":"https:\/\/blogsaverroes.juntadeandalucia.es\/eilajulianita\/wp-json\/wp\/v2\/categories?post=3206"},{"taxonomy":"post_tag","embeddable":true,"href":"https:\/\/blogsaverroes.juntadeandalucia.es\/eilajulianita\/wp-json\/wp\/v2\/tags?post=3206"}],"curies":[{"name":"wp","href":"https:\/\/api.w.org\/{rel}","templated":true}]}}