{"id":2995,"date":"2022-05-06T11:59:43","date_gmt":"2022-05-06T11:59:43","guid":{"rendered":"https:\/\/blogsaverroes.juntadeandalucia.es\/eillanodedonantonio\/?p=2995"},"modified":"2022-06-24T19:23:11","modified_gmt":"2022-06-24T19:23:11","slug":"dia-del-libro-encuentro-con-autora","status":"publish","type":"post","link":"https:\/\/blogsaverroes.juntadeandalucia.es\/eillanodedonantonio\/dia-del-libro-encuentro-con-autora\/","title":{"rendered":"D\u00cdA DEL LIBRO. ENCUENTRO CON AUTORA"},"content":{"rendered":"<p>Ya que tenemos la suerte de tener a la autora del libro en nuestro cole, hemos hecho varias actividades del cuento NO TE ENCUENTRO, un cuento repleto de valores de ayuda, cooperaci\u00f3n, amistad&#8230;<\/p>\n<p><a href=\"https:\/\/blogsaverroes.juntadeandalucia.es\/eillanodedonantonio\/dia-del-libro-encuentro-con-autora\/no-te-encuentro-1\/\" rel=\"attachment wp-att-2998\"><img loading=\"lazy\" decoding=\"async\" class=\"alignnone size-medium wp-image-2998\" src=\"https:\/\/blogsaverroes.juntadeandalucia.es\/eillanodedonantonio\/files\/2022\/05\/no-te-encuentro-1-300x300.png\" alt=\"\" width=\"300\" height=\"300\" srcset=\"https:\/\/blogsaverroes.juntadeandalucia.es\/eillanodedonantonio\/files\/2022\/05\/no-te-encuentro-1-300x300.png 300w, https:\/\/blogsaverroes.juntadeandalucia.es\/eillanodedonantonio\/files\/2022\/05\/no-te-encuentro-1-150x150.png 150w, https:\/\/blogsaverroes.juntadeandalucia.es\/eillanodedonantonio\/files\/2022\/05\/no-te-encuentro-1-768x768.png 768w, https:\/\/blogsaverroes.juntadeandalucia.es\/eillanodedonantonio\/files\/2022\/05\/no-te-encuentro-1.png 800w\" sizes=\"(max-width: 300px) 100vw, 300px\" \/><\/a><\/p>\n<p>&nbsp;<\/p>\n<p>Adem\u00e1s, hemos trabajado el tema de la coeducaci\u00f3n con la eliminaci\u00f3n de colores en raz\u00f3n de sexo, as\u00ed que hemos visto que nuestros protagonistas son dos ballenatos, uno de color rosa que es el macho y la hembra es de color azul.<\/p>\n<p><a href=\"https:\/\/blogsaverroes.juntadeandalucia.es\/eillanodedonantonio\/dia-del-libro-encuentro-con-autora\/whatsapp-image-2020-10-05-at-19-45-03-1\/\" rel=\"attachment wp-att-3000\"><img loading=\"lazy\" decoding=\"async\" class=\"alignnone size-medium wp-image-3000\" src=\"https:\/\/blogsaverroes.juntadeandalucia.es\/eillanodedonantonio\/files\/2022\/05\/WhatsApp-Image-2020-10-05-at-19.45.03-1-300x150.jpeg\" alt=\"\" width=\"300\" height=\"150\" srcset=\"https:\/\/blogsaverroes.juntadeandalucia.es\/eillanodedonantonio\/files\/2022\/05\/WhatsApp-Image-2020-10-05-at-19.45.03-1-300x150.jpeg 300w, https:\/\/blogsaverroes.juntadeandalucia.es\/eillanodedonantonio\/files\/2022\/05\/WhatsApp-Image-2020-10-05-at-19.45.03-1-1024x512.jpeg 1024w, https:\/\/blogsaverroes.juntadeandalucia.es\/eillanodedonantonio\/files\/2022\/05\/WhatsApp-Image-2020-10-05-at-19.45.03-1-768x384.jpeg 768w, https:\/\/blogsaverroes.juntadeandalucia.es\/eillanodedonantonio\/files\/2022\/05\/WhatsApp-Image-2020-10-05-at-19.45.03-1-1536x768.jpeg 1536w, https:\/\/blogsaverroes.juntadeandalucia.es\/eillanodedonantonio\/files\/2022\/05\/WhatsApp-Image-2020-10-05-at-19.45.03-1.jpeg 1600w\" sizes=\"(max-width: 300px) 100vw, 300px\" \/><\/a><\/p>\n<p>&nbsp;<\/p>\n<p>Hemos estado en el cuentacuentos que nos ha encantado y nos hemos re\u00eddo mucho cuando la se\u00f1o se ha pinchado con el erizo. Tambi\u00e9n hemos cantado para animar a nuestro ballenato, que estaba muy triste ante su p\u00e9rdida.<\/p>\n<p><a href=\"https:\/\/blogsaverroes.juntadeandalucia.es\/eillanodedonantonio\/dia-del-libro-encuentro-con-autora\/img-20220422-wa0033\/\" rel=\"attachment wp-att-3010\"><img loading=\"lazy\" decoding=\"async\" class=\"alignnone size-medium wp-image-3010\" src=\"https:\/\/blogsaverroes.juntadeandalucia.es\/eillanodedonantonio\/files\/2022\/05\/IMG-20220422-WA0033-225x300.jpg\" alt=\"\" width=\"225\" height=\"300\" srcset=\"https:\/\/blogsaverroes.juntadeandalucia.es\/eillanodedonantonio\/files\/2022\/05\/IMG-20220422-WA0033-225x300.jpg 225w, https:\/\/blogsaverroes.juntadeandalucia.es\/eillanodedonantonio\/files\/2022\/05\/IMG-20220422-WA0033-768x1024.jpg 768w, https:\/\/blogsaverroes.juntadeandalucia.es\/eillanodedonantonio\/files\/2022\/05\/IMG-20220422-WA0033-1152x1536.jpg 1152w, https:\/\/blogsaverroes.juntadeandalucia.es\/eillanodedonantonio\/files\/2022\/05\/IMG-20220422-WA0033.jpg 1200w\" sizes=\"(max-width: 225px) 100vw, 225px\" \/><\/a> <a href=\"https:\/\/blogsaverroes.juntadeandalucia.es\/eillanodedonantonio\/dia-del-libro-encuentro-con-autora\/img-20220422-wa0022\/\" rel=\"attachment wp-att-3009\"><img loading=\"lazy\" decoding=\"async\" class=\"alignnone size-medium wp-image-3009\" src=\"https:\/\/blogsaverroes.juntadeandalucia.es\/eillanodedonantonio\/files\/2022\/05\/IMG-20220422-WA0022-300x169.jpg\" alt=\"\" width=\"300\" height=\"169\" srcset=\"https:\/\/blogsaverroes.juntadeandalucia.es\/eillanodedonantonio\/files\/2022\/05\/IMG-20220422-WA0022-300x169.jpg 300w, https:\/\/blogsaverroes.juntadeandalucia.es\/eillanodedonantonio\/files\/2022\/05\/IMG-20220422-WA0022-1024x576.jpg 1024w, https:\/\/blogsaverroes.juntadeandalucia.es\/eillanodedonantonio\/files\/2022\/05\/IMG-20220422-WA0022-768x432.jpg 768w, https:\/\/blogsaverroes.juntadeandalucia.es\/eillanodedonantonio\/files\/2022\/05\/IMG-20220422-WA0022-1536x864.jpg 1536w, https:\/\/blogsaverroes.juntadeandalucia.es\/eillanodedonantonio\/files\/2022\/05\/IMG-20220422-WA0022.jpg 1600w\" sizes=\"(max-width: 300px) 100vw, 300px\" \/><\/a><\/p>\n<p>Hemos hecho estos bonitos marcap\u00e1ginas.<\/p>\n<p><a href=\"https:\/\/blogsaverroes.juntadeandalucia.es\/eillanodedonantonio\/dia-del-libro-encuentro-con-autora\/camscanner-04-22-2022-13-53_3\/\" rel=\"attachment wp-att-3003\"><img loading=\"lazy\" decoding=\"async\" class=\"alignnone size-medium wp-image-3003\" src=\"https:\/\/blogsaverroes.juntadeandalucia.es\/eillanodedonantonio\/files\/2022\/05\/CamScanner-04-22-2022-13.53_3-89x300.jpg\" alt=\"\" width=\"89\" height=\"300\" srcset=\"https:\/\/blogsaverroes.juntadeandalucia.es\/eillanodedonantonio\/files\/2022\/05\/CamScanner-04-22-2022-13.53_3-89x300.jpg 89w, https:\/\/blogsaverroes.juntadeandalucia.es\/eillanodedonantonio\/files\/2022\/05\/CamScanner-04-22-2022-13.53_3-305x1024.jpg 305w\" sizes=\"(max-width: 89px) 100vw, 89px\" \/><\/a><a href=\"https:\/\/blogsaverroes.juntadeandalucia.es\/eillanodedonantonio\/dia-del-libro-encuentro-con-autora\/camscanner-04-22-2022-13-53_1\/\" rel=\"attachment wp-att-3001\"><img loading=\"lazy\" decoding=\"async\" class=\"alignnone size-medium wp-image-3001\" src=\"https:\/\/blogsaverroes.juntadeandalucia.es\/eillanodedonantonio\/files\/2022\/05\/CamScanner-04-22-2022-13.53_1-90x300.jpg\" alt=\"\" width=\"90\" height=\"300\" srcset=\"https:\/\/blogsaverroes.juntadeandalucia.es\/eillanodedonantonio\/files\/2022\/05\/CamScanner-04-22-2022-13.53_1-90x300.jpg 90w, https:\/\/blogsaverroes.juntadeandalucia.es\/eillanodedonantonio\/files\/2022\/05\/CamScanner-04-22-2022-13.53_1-308x1024.jpg 308w, https:\/\/blogsaverroes.juntadeandalucia.es\/eillanodedonantonio\/files\/2022\/05\/CamScanner-04-22-2022-13.53_1-768x2555.jpg 768w, https:\/\/blogsaverroes.juntadeandalucia.es\/eillanodedonantonio\/files\/2022\/05\/CamScanner-04-22-2022-13.53_1-462x1536.jpg 462w, https:\/\/blogsaverroes.juntadeandalucia.es\/eillanodedonantonio\/files\/2022\/05\/CamScanner-04-22-2022-13.53_1-616x2048.jpg 616w, https:\/\/blogsaverroes.juntadeandalucia.es\/eillanodedonantonio\/files\/2022\/05\/CamScanner-04-22-2022-13.53_1-scaled.jpg 481w\" sizes=\"(max-width: 90px) 100vw, 90px\" \/><\/a> <a href=\"https:\/\/blogsaverroes.juntadeandalucia.es\/eillanodedonantonio\/dia-del-libro-encuentro-con-autora\/camscanner-04-22-2022-13-53_2\/\" rel=\"attachment wp-att-3002\"><img loading=\"lazy\" decoding=\"async\" class=\"alignnone size-medium wp-image-3002\" src=\"https:\/\/blogsaverroes.juntadeandalucia.es\/eillanodedonantonio\/files\/2022\/05\/CamScanner-04-22-2022-13.53_2-88x300.jpg\" alt=\"\" width=\"88\" height=\"300\" srcset=\"https:\/\/blogsaverroes.juntadeandalucia.es\/eillanodedonantonio\/files\/2022\/05\/CamScanner-04-22-2022-13.53_2-88x300.jpg 88w, https:\/\/blogsaverroes.juntadeandalucia.es\/eillanodedonantonio\/files\/2022\/05\/CamScanner-04-22-2022-13.53_2-768x2606.jpg 768w\" sizes=\"(max-width: 88px) 100vw, 88px\" \/><\/a> <a href=\"https:\/\/blogsaverroes.juntadeandalucia.es\/eillanodedonantonio\/dia-del-libro-encuentro-con-autora\/camscanner-04-22-2022-13-53_3\/\" rel=\"attachment wp-att-3003\"><img loading=\"lazy\" decoding=\"async\" class=\"alignnone size-medium wp-image-3003\" src=\"https:\/\/blogsaverroes.juntadeandalucia.es\/eillanodedonantonio\/files\/2022\/05\/CamScanner-04-22-2022-13.53_3-89x300.jpg\" alt=\"\" width=\"89\" height=\"300\" srcset=\"https:\/\/blogsaverroes.juntadeandalucia.es\/eillanodedonantonio\/files\/2022\/05\/CamScanner-04-22-2022-13.53_3-89x300.jpg 89w, https:\/\/blogsaverroes.juntadeandalucia.es\/eillanodedonantonio\/files\/2022\/05\/CamScanner-04-22-2022-13.53_3-305x1024.jpg 305w\" sizes=\"(max-width: 89px) 100vw, 89px\" \/><\/a> <a href=\"https:\/\/blogsaverroes.juntadeandalucia.es\/eillanodedonantonio\/dia-del-libro-encuentro-con-autora\/camscanner-04-22-2022-13-53_4\/\" rel=\"attachment wp-att-3004\"><img loading=\"lazy\" decoding=\"async\" class=\"alignnone size-medium wp-image-3004\" src=\"https:\/\/blogsaverroes.juntadeandalucia.es\/eillanodedonantonio\/files\/2022\/05\/CamScanner-04-22-2022-13.53_4-89x300.jpg\" alt=\"\" width=\"89\" height=\"300\" srcset=\"https:\/\/blogsaverroes.juntadeandalucia.es\/eillanodedonantonio\/files\/2022\/05\/CamScanner-04-22-2022-13.53_4-89x300.jpg 89w, https:\/\/blogsaverroes.juntadeandalucia.es\/eillanodedonantonio\/files\/2022\/05\/CamScanner-04-22-2022-13.53_4-scaled.jpg 473w\" sizes=\"(max-width: 89px) 100vw, 89px\" \/><\/a> <a href=\"https:\/\/blogsaverroes.juntadeandalucia.es\/eillanodedonantonio\/dia-del-libro-encuentro-con-autora\/camscanner-04-22-2022-13-53_5\/\" rel=\"attachment wp-att-3005\"><img loading=\"lazy\" decoding=\"async\" class=\"alignnone size-medium wp-image-3005\" src=\"https:\/\/blogsaverroes.juntadeandalucia.es\/eillanodedonantonio\/files\/2022\/05\/CamScanner-04-22-2022-13.53_5-86x300.jpg\" alt=\"\" width=\"86\" height=\"300\" srcset=\"https:\/\/blogsaverroes.juntadeandalucia.es\/eillanodedonantonio\/files\/2022\/05\/CamScanner-04-22-2022-13.53_5-86x300.jpg 86w, https:\/\/blogsaverroes.juntadeandalucia.es\/eillanodedonantonio\/files\/2022\/05\/CamScanner-04-22-2022-13.53_5-295x1024.jpg 295w, https:\/\/blogsaverroes.juntadeandalucia.es\/eillanodedonantonio\/files\/2022\/05\/CamScanner-04-22-2022-13.53_5-768x2670.jpg 768w, https:\/\/blogsaverroes.juntadeandalucia.es\/eillanodedonantonio\/files\/2022\/05\/CamScanner-04-22-2022-13.53_5-442x1536.jpg 442w, https:\/\/blogsaverroes.juntadeandalucia.es\/eillanodedonantonio\/files\/2022\/05\/CamScanner-04-22-2022-13.53_5-589x2048.jpg 589w, https:\/\/blogsaverroes.juntadeandalucia.es\/eillanodedonantonio\/files\/2022\/05\/CamScanner-04-22-2022-13.53_5-scaled.jpg 460w\" sizes=\"(max-width: 86px) 100vw, 86px\" \/><\/a> <a href=\"https:\/\/blogsaverroes.juntadeandalucia.es\/eillanodedonantonio\/dia-del-libro-encuentro-con-autora\/camscanner-04-22-2022-13-53_6\/\" rel=\"attachment wp-att-3006\"><img loading=\"lazy\" decoding=\"async\" class=\"alignnone size-medium wp-image-3006\" src=\"https:\/\/blogsaverroes.juntadeandalucia.es\/eillanodedonantonio\/files\/2022\/05\/CamScanner-04-22-2022-13.53_6-88x300.jpg\" alt=\"\" width=\"88\" height=\"300\" srcset=\"https:\/\/blogsaverroes.juntadeandalucia.es\/eillanodedonantonio\/files\/2022\/05\/CamScanner-04-22-2022-13.53_6-88x300.jpg 88w, https:\/\/blogsaverroes.juntadeandalucia.es\/eillanodedonantonio\/files\/2022\/05\/CamScanner-04-22-2022-13.53_6-300x1024.jpg 300w, https:\/\/blogsaverroes.juntadeandalucia.es\/eillanodedonantonio\/files\/2022\/05\/CamScanner-04-22-2022-13.53_6-768x2621.jpg 768w, https:\/\/blogsaverroes.juntadeandalucia.es\/eillanodedonantonio\/files\/2022\/05\/CamScanner-04-22-2022-13.53_6-450x1536.jpg 450w, https:\/\/blogsaverroes.juntadeandalucia.es\/eillanodedonantonio\/files\/2022\/05\/CamScanner-04-22-2022-13.53_6-600x2048.jpg 600w, https:\/\/blogsaverroes.juntadeandalucia.es\/eillanodedonantonio\/files\/2022\/05\/CamScanner-04-22-2022-13.53_6-scaled.jpg 469w\" sizes=\"(max-width: 88px) 100vw, 88px\" \/><\/a> <a href=\"https:\/\/blogsaverroes.juntadeandalucia.es\/eillanodedonantonio\/dia-del-libro-encuentro-con-autora\/camscanner-04-22-2022-13-53_9\/\" rel=\"attachment wp-att-3007\"><img loading=\"lazy\" decoding=\"async\" class=\"alignnone size-medium wp-image-3007\" src=\"https:\/\/blogsaverroes.juntadeandalucia.es\/eillanodedonantonio\/files\/2022\/05\/CamScanner-04-22-2022-13.53_9-87x300.jpg\" alt=\"\" width=\"87\" height=\"300\" srcset=\"https:\/\/blogsaverroes.juntadeandalucia.es\/eillanodedonantonio\/files\/2022\/05\/CamScanner-04-22-2022-13.53_9-87x300.jpg 87w, https:\/\/blogsaverroes.juntadeandalucia.es\/eillanodedonantonio\/files\/2022\/05\/CamScanner-04-22-2022-13.53_9-scaled.jpg 466w\" sizes=\"(max-width: 87px) 100vw, 87px\" \/><\/a><a href=\"https:\/\/blogsaverroes.juntadeandalucia.es\/eillanodedonantonio\/dia-del-libro-encuentro-con-autora\/camscanner-04-22-2022-13-53_5\/\" rel=\"attachment wp-att-3005\"><img loading=\"lazy\" decoding=\"async\" class=\"alignnone size-medium wp-image-3005\" src=\"https:\/\/blogsaverroes.juntadeandalucia.es\/eillanodedonantonio\/files\/2022\/05\/CamScanner-04-22-2022-13.53_5-86x300.jpg\" alt=\"\" width=\"86\" height=\"300\" srcset=\"https:\/\/blogsaverroes.juntadeandalucia.es\/eillanodedonantonio\/files\/2022\/05\/CamScanner-04-22-2022-13.53_5-86x300.jpg 86w, https:\/\/blogsaverroes.juntadeandalucia.es\/eillanodedonantonio\/files\/2022\/05\/CamScanner-04-22-2022-13.53_5-295x1024.jpg 295w, https:\/\/blogsaverroes.juntadeandalucia.es\/eillanodedonantonio\/files\/2022\/05\/CamScanner-04-22-2022-13.53_5-768x2670.jpg 768w, https:\/\/blogsaverroes.juntadeandalucia.es\/eillanodedonantonio\/files\/2022\/05\/CamScanner-04-22-2022-13.53_5-442x1536.jpg 442w, https:\/\/blogsaverroes.juntadeandalucia.es\/eillanodedonantonio\/files\/2022\/05\/CamScanner-04-22-2022-13.53_5-589x2048.jpg 589w, https:\/\/blogsaverroes.juntadeandalucia.es\/eillanodedonantonio\/files\/2022\/05\/CamScanner-04-22-2022-13.53_5-scaled.jpg 460w\" sizes=\"(max-width: 86px) 100vw, 86px\" \/><\/a><\/p>\n<p>Y por \u00faltimo, hemos dibujado qui\u00e9n nos ayudar\u00eda a encontrar algo si se nos perdiera.<\/p>\n<p><a href=\"https:\/\/blogsaverroes.juntadeandalucia.es\/eillanodedonantonio\/dia-del-libro-encuentro-con-autora\/camscanner-05-04-2022-13-48_1\/\" rel=\"attachment wp-att-3011\"><img loading=\"lazy\" decoding=\"async\" class=\"alignnone size-medium wp-image-3011\" src=\"https:\/\/blogsaverroes.juntadeandalucia.es\/eillanodedonantonio\/files\/2022\/05\/CamScanner-05-04-2022-13.48_1-300x225.jpg\" alt=\"\" width=\"300\" height=\"225\" srcset=\"https:\/\/blogsaverroes.juntadeandalucia.es\/eillanodedonantonio\/files\/2022\/05\/CamScanner-05-04-2022-13.48_1-300x225.jpg 300w, https:\/\/blogsaverroes.juntadeandalucia.es\/eillanodedonantonio\/files\/2022\/05\/CamScanner-05-04-2022-13.48_1-1024x768.jpg 1024w, https:\/\/blogsaverroes.juntadeandalucia.es\/eillanodedonantonio\/files\/2022\/05\/CamScanner-05-04-2022-13.48_1-768x576.jpg 768w, https:\/\/blogsaverroes.juntadeandalucia.es\/eillanodedonantonio\/files\/2022\/05\/CamScanner-05-04-2022-13.48_1-1536x1153.jpg 1536w, https:\/\/blogsaverroes.juntadeandalucia.es\/eillanodedonantonio\/files\/2022\/05\/CamScanner-05-04-2022-13.48_1-2048x1537.jpg 2048w, https:\/\/blogsaverroes.juntadeandalucia.es\/eillanodedonantonio\/files\/2022\/05\/CamScanner-05-04-2022-13.48_1-scaled.jpg 1600w\" sizes=\"(max-width: 300px) 100vw, 300px\" \/><\/a> <a href=\"https:\/\/blogsaverroes.juntadeandalucia.es\/eillanodedonantonio\/dia-del-libro-encuentro-con-autora\/camscanner-05-04-2022-13-48_2\/\" rel=\"attachment wp-att-3012\"><img loading=\"lazy\" decoding=\"async\" class=\"alignnone size-medium wp-image-3012\" src=\"https:\/\/blogsaverroes.juntadeandalucia.es\/eillanodedonantonio\/files\/2022\/05\/CamScanner-05-04-2022-13.48_2-300x226.jpg\" alt=\"\" width=\"300\" height=\"226\" srcset=\"https:\/\/blogsaverroes.juntadeandalucia.es\/eillanodedonantonio\/files\/2022\/05\/CamScanner-05-04-2022-13.48_2-300x226.jpg 300w, https:\/\/blogsaverroes.juntadeandalucia.es\/eillanodedonantonio\/files\/2022\/05\/CamScanner-05-04-2022-13.48_2-1024x770.jpg 1024w, https:\/\/blogsaverroes.juntadeandalucia.es\/eillanodedonantonio\/files\/2022\/05\/CamScanner-05-04-2022-13.48_2-768x577.jpg 768w, https:\/\/blogsaverroes.juntadeandalucia.es\/eillanodedonantonio\/files\/2022\/05\/CamScanner-05-04-2022-13.48_2-1536x1155.jpg 1536w, https:\/\/blogsaverroes.juntadeandalucia.es\/eillanodedonantonio\/files\/2022\/05\/CamScanner-05-04-2022-13.48_2-2048x1540.jpg 2048w, https:\/\/blogsaverroes.juntadeandalucia.es\/eillanodedonantonio\/files\/2022\/05\/CamScanner-05-04-2022-13.48_2-scaled.jpg 1600w\" sizes=\"(max-width: 300px) 100vw, 300px\" \/><\/a> <a href=\"https:\/\/blogsaverroes.juntadeandalucia.es\/eillanodedonantonio\/dia-del-libro-encuentro-con-autora\/camscanner-05-04-2022-13-48_4\/\" rel=\"attachment wp-att-3014\"><img loading=\"lazy\" decoding=\"async\" class=\"alignnone size-medium wp-image-3014\" src=\"https:\/\/blogsaverroes.juntadeandalucia.es\/eillanodedonantonio\/files\/2022\/05\/CamScanner-05-04-2022-13.48_4-300x220.jpg\" alt=\"\" width=\"300\" height=\"220\" srcset=\"https:\/\/blogsaverroes.juntadeandalucia.es\/eillanodedonantonio\/files\/2022\/05\/CamScanner-05-04-2022-13.48_4-300x220.jpg 300w, https:\/\/blogsaverroes.juntadeandalucia.es\/eillanodedonantonio\/files\/2022\/05\/CamScanner-05-04-2022-13.48_4-1024x752.jpg 1024w, https:\/\/blogsaverroes.juntadeandalucia.es\/eillanodedonantonio\/files\/2022\/05\/CamScanner-05-04-2022-13.48_4-768x564.jpg 768w, https:\/\/blogsaverroes.juntadeandalucia.es\/eillanodedonantonio\/files\/2022\/05\/CamScanner-05-04-2022-13.48_4-1536x1128.jpg 1536w, https:\/\/blogsaverroes.juntadeandalucia.es\/eillanodedonantonio\/files\/2022\/05\/CamScanner-05-04-2022-13.48_4-2048x1504.jpg 2048w, https:\/\/blogsaverroes.juntadeandalucia.es\/eillanodedonantonio\/files\/2022\/05\/CamScanner-05-04-2022-13.48_4-scaled.jpg 1600w\" sizes=\"(max-width: 300px) 100vw, 300px\" \/><\/a> <a href=\"https:\/\/blogsaverroes.juntadeandalucia.es\/eillanodedonantonio\/dia-del-libro-encuentro-con-autora\/camscanner-05-04-2022-13-48_5\/\" rel=\"attachment wp-att-3015\"><img loading=\"lazy\" decoding=\"async\" class=\"alignnone size-medium wp-image-3015\" src=\"https:\/\/blogsaverroes.juntadeandalucia.es\/eillanodedonantonio\/files\/2022\/05\/CamScanner-05-04-2022-13.48_5-300x226.jpg\" alt=\"\" width=\"300\" height=\"226\" srcset=\"https:\/\/blogsaverroes.juntadeandalucia.es\/eillanodedonantonio\/files\/2022\/05\/CamScanner-05-04-2022-13.48_5-300x226.jpg 300w, https:\/\/blogsaverroes.juntadeandalucia.es\/eillanodedonantonio\/files\/2022\/05\/CamScanner-05-04-2022-13.48_5-1024x773.jpg 1024w, https:\/\/blogsaverroes.juntadeandalucia.es\/eillanodedonantonio\/files\/2022\/05\/CamScanner-05-04-2022-13.48_5-768x580.jpg 768w, https:\/\/blogsaverroes.juntadeandalucia.es\/eillanodedonantonio\/files\/2022\/05\/CamScanner-05-04-2022-13.48_5-1536x1159.jpg 1536w, https:\/\/blogsaverroes.juntadeandalucia.es\/eillanodedonantonio\/files\/2022\/05\/CamScanner-05-04-2022-13.48_5-2048x1545.jpg 2048w, https:\/\/blogsaverroes.juntadeandalucia.es\/eillanodedonantonio\/files\/2022\/05\/CamScanner-05-04-2022-13.48_5-scaled.jpg 1600w\" sizes=\"(max-width: 300px) 100vw, 300px\" \/><\/a><\/p>\n<p><a href=\"https:\/\/blogsaverroes.juntadeandalucia.es\/eillanodedonantonio\/8-de-marzo-nuestras-superheroinas\/logopactoestadocolor-2\/\" rel=\"attachment wp-att-2961\"><img loading=\"lazy\" decoding=\"async\" class=\"alignnone size-medium wp-image-2961\" src=\"https:\/\/blogsaverroes.juntadeandalucia.es\/eillanodedonantonio\/files\/2022\/03\/logopactoestadocolor-300x230.png\" alt=\"\" width=\"300\" height=\"230\" srcset=\"https:\/\/blogsaverroes.juntadeandalucia.es\/eillanodedonantonio\/files\/2022\/03\/logopactoestadocolor-300x230.png 300w, https:\/\/blogsaverroes.juntadeandalucia.es\/eillanodedonantonio\/files\/2022\/03\/logopactoestadocolor-768x589.png 768w, https:\/\/blogsaverroes.juntadeandalucia.es\/eillanodedonantonio\/files\/2022\/03\/logopactoestadocolor.png 882w\" sizes=\"(max-width: 300px) 100vw, 300px\" \/><\/a><\/p>\n","protected":false},"excerpt":{"rendered":"<p>Ya que tenemos la suerte de tener a la autora del libro en nuestro cole, hemos hecho varias actividades del cuento NO TE ENCUENTRO, un cuento repleto de valores de ayuda, cooperaci\u00f3n, amistad&#8230; &nbsp;&#46;&#46;&#46;<\/p>\n","protected":false},"author":10916,"featured_media":0,"comment_status":"open","ping_status":"open","sticky":false,"template":"","format":"standard","meta":{"ngg_post_thumbnail":0,"footnotes":""},"categories":[2351659,2351654,11909],"tags":[2351690,2351689],"aioseo_notices":[],"_links":{"self":[{"href":"https:\/\/blogsaverroes.juntadeandalucia.es\/eillanodedonantonio\/wp-json\/wp\/v2\/posts\/2995"}],"collection":[{"href":"https:\/\/blogsaverroes.juntadeandalucia.es\/eillanodedonantonio\/wp-json\/wp\/v2\/posts"}],"about":[{"href":"https:\/\/blogsaverroes.juntadeandalucia.es\/eillanodedonantonio\/wp-json\/wp\/v2\/types\/post"}],"author":[{"embeddable":true,"href":"https:\/\/blogsaverroes.juntadeandalucia.es\/eillanodedonantonio\/wp-json\/wp\/v2\/users\/10916"}],"replies":[{"embeddable":true,"href":"https:\/\/blogsaverroes.juntadeandalucia.es\/eillanodedonantonio\/wp-json\/wp\/v2\/comments?post=2995"}],"version-history":[{"count":6,"href":"https:\/\/blogsaverroes.juntadeandalucia.es\/eillanodedonantonio\/wp-json\/wp\/v2\/posts\/2995\/revisions"}],"predecessor-version":[{"id":3074,"href":"https:\/\/blogsaverroes.juntadeandalucia.es\/eillanodedonantonio\/wp-json\/wp\/v2\/posts\/2995\/revisions\/3074"}],"wp:attachment":[{"href":"https:\/\/blogsaverroes.juntadeandalucia.es\/eillanodedonantonio\/wp-json\/wp\/v2\/media?parent=2995"}],"wp:term":[{"taxonomy":"category","embeddable":true,"href":"https:\/\/blogsaverroes.juntadeandalucia.es\/eillanodedonantonio\/wp-json\/wp\/v2\/categories?post=2995"},{"taxonomy":"post_tag","embeddable":true,"href":"https:\/\/blogsaverroes.juntadeandalucia.es\/eillanodedonantonio\/wp-json\/wp\/v2\/tags?post=2995"}],"curies":[{"name":"wp","href":"https:\/\/api.w.org\/{rel}","templated":true}]}}