{"id":3151,"date":"2022-11-16T12:09:04","date_gmt":"2022-11-16T12:09:04","guid":{"rendered":"https:\/\/blogsaverroes.juntadeandalucia.es\/eillanodedonantonio\/?p=3151"},"modified":"2023-05-22T16:00:34","modified_gmt":"2023-05-22T16:00:34","slug":"dia-del-flamenco","status":"publish","type":"post","link":"https:\/\/blogsaverroes.juntadeandalucia.es\/eillanodedonantonio\/dia-del-flamenco\/","title":{"rendered":"D\u00cdA DEL FLAMENCO"},"content":{"rendered":"<p><em><strong>\u00bfQu\u00e9 es el flamenco? <span class=\"fe5nidar khvhiq1o r5qsrrlp i5tg98hk f9ovudaz przvwfww gx1rr48f gfz4du6o r7fjleex nz2484kf svot0ezm dcnh1tix sxl192xd t3g6t33p\"><span class=\"mpj7bzys xzlurrtv\">\ud83d\udc83<\/span><\/span><\/strong><\/em><\/p>\n<p>Con esta pregunta hemos comenzado la ma\u00f1ana, hemos aprendido que adem\u00e1s de ser un animal, es un elemento muy importante de nuestra cultura andaluza, as\u00ed que como buenos andaluces\/as, hemos aprendido a tocar las casta\u00f1uelas, hemos bailado una divertida canci\u00f3n y adem\u00e1s hemos escuchado la historia de <strong>Renato Nicanor<\/strong>, el flamenco m\u00e1s flamenco de la r\u00eda.<\/p>\n<p><a href=\"https:\/\/blogsaverroes.juntadeandalucia.es\/eillanodedonantonio\/dia-del-flamenco\/renato-nicanor\/\" rel=\"attachment wp-att-3152\"><img loading=\"lazy\" decoding=\"async\" class=\"alignnone size-medium wp-image-3152\" src=\"https:\/\/blogsaverroes.juntadeandalucia.es\/eillanodedonantonio\/files\/2022\/11\/renato-nicanor-300x212.png\" alt=\"\" width=\"300\" height=\"212\" srcset=\"https:\/\/blogsaverroes.juntadeandalucia.es\/eillanodedonantonio\/files\/2022\/11\/renato-nicanor-300x212.png 300w, https:\/\/blogsaverroes.juntadeandalucia.es\/eillanodedonantonio\/files\/2022\/11\/renato-nicanor-1024x724.png 1024w, https:\/\/blogsaverroes.juntadeandalucia.es\/eillanodedonantonio\/files\/2022\/11\/renato-nicanor-768x543.png 768w, https:\/\/blogsaverroes.juntadeandalucia.es\/eillanodedonantonio\/files\/2022\/11\/renato-nicanor-1536x1086.png 1536w, https:\/\/blogsaverroes.juntadeandalucia.es\/eillanodedonantonio\/files\/2022\/11\/renato-nicanor.png 1600w\" sizes=\"(max-width: 300px) 100vw, 300px\" \/><\/a> <a href=\"https:\/\/blogsaverroes.juntadeandalucia.es\/eillanodedonantonio\/dia-del-flamenco\/img_20221116_093400\/\" rel=\"attachment wp-att-3153\"><img loading=\"lazy\" decoding=\"async\" class=\"alignnone size-medium wp-image-3153\" src=\"https:\/\/blogsaverroes.juntadeandalucia.es\/eillanodedonantonio\/files\/2022\/11\/IMG_20221116_093400-169x300.jpg\" alt=\"\" width=\"169\" height=\"300\" srcset=\"https:\/\/blogsaverroes.juntadeandalucia.es\/eillanodedonantonio\/files\/2022\/11\/IMG_20221116_093400-169x300.jpg 169w, https:\/\/blogsaverroes.juntadeandalucia.es\/eillanodedonantonio\/files\/2022\/11\/IMG_20221116_093400-577x1024.jpg 577w, https:\/\/blogsaverroes.juntadeandalucia.es\/eillanodedonantonio\/files\/2022\/11\/IMG_20221116_093400-768x1364.jpg 768w, https:\/\/blogsaverroes.juntadeandalucia.es\/eillanodedonantonio\/files\/2022\/11\/IMG_20221116_093400-865x1536.jpg 865w, https:\/\/blogsaverroes.juntadeandalucia.es\/eillanodedonantonio\/files\/2022\/11\/IMG_20221116_093400-1153x2048.jpg 1153w, https:\/\/blogsaverroes.juntadeandalucia.es\/eillanodedonantonio\/files\/2022\/11\/IMG_20221116_093400-scaled.jpg 901w\" sizes=\"(max-width: 169px) 100vw, 169px\" \/><\/a> <a href=\"https:\/\/blogsaverroes.juntadeandalucia.es\/eillanodedonantonio\/dia-del-flamenco\/img_20221116_093525\/\" rel=\"attachment wp-att-3154\"><img loading=\"lazy\" decoding=\"async\" class=\"alignnone size-medium wp-image-3154\" src=\"https:\/\/blogsaverroes.juntadeandalucia.es\/eillanodedonantonio\/files\/2022\/11\/IMG_20221116_093525-169x300.jpg\" alt=\"\" width=\"169\" height=\"300\" srcset=\"https:\/\/blogsaverroes.juntadeandalucia.es\/eillanodedonantonio\/files\/2022\/11\/IMG_20221116_093525-169x300.jpg 169w, https:\/\/blogsaverroes.juntadeandalucia.es\/eillanodedonantonio\/files\/2022\/11\/IMG_20221116_093525-577x1024.jpg 577w, https:\/\/blogsaverroes.juntadeandalucia.es\/eillanodedonantonio\/files\/2022\/11\/IMG_20221116_093525-768x1364.jpg 768w, https:\/\/blogsaverroes.juntadeandalucia.es\/eillanodedonantonio\/files\/2022\/11\/IMG_20221116_093525-865x1536.jpg 865w, https:\/\/blogsaverroes.juntadeandalucia.es\/eillanodedonantonio\/files\/2022\/11\/IMG_20221116_093525-1153x2048.jpg 1153w, https:\/\/blogsaverroes.juntadeandalucia.es\/eillanodedonantonio\/files\/2022\/11\/IMG_20221116_093525-scaled.jpg 901w\" sizes=\"(max-width: 169px) 100vw, 169px\" \/><\/a> &nbsp;<\/p>\n<p>\u00a1Nuestros ni\u00f1os y ni\u00f1as tienen mucho arte!&nbsp;<\/p>\n<p><iframe loading=\"lazy\" title=\"D\u00eda del flamenco\" width=\"500\" height=\"375\" src=\"https:\/\/www.youtube.com\/embed\/Hb_BwGSBgqk?feature=oembed&#038;wmode=opaque\" frameborder=\"0\" allow=\"accelerometer; autoplay; clipboard-write; encrypted-media; gyroscope; picture-in-picture; web-share\" referrerpolicy=\"strict-origin-when-cross-origin\" allowfullscreen><\/iframe><\/p>\n<p><em><strong>Sevillana holandesa: <\/strong><\/em><\/p>\n<p><iframe loading=\"lazy\" title=\"Pica-Pica - Sevillana Holandesa (Videoclip Oficial)\" width=\"500\" height=\"281\" src=\"https:\/\/www.youtube.com\/embed\/z7uH5ir1DGc?feature=oembed&#038;wmode=opaque\" frameborder=\"0\" allow=\"accelerometer; autoplay; clipboard-write; encrypted-media; gyroscope; picture-in-picture; web-share\" referrerpolicy=\"strict-origin-when-cross-origin\" allowfullscreen><\/iframe><\/p>\n<p>&nbsp;<\/p>\n<p>&nbsp;<\/p>\n<p><em><strong>Renato Nicanor:<span class=\"fe5nidar khvhiq1o r5qsrrlp i5tg98hk f9ovudaz przvwfww gx1rr48f gfz4du6o r7fjleex nz2484kf svot0ezm dcnh1tix sxl192xd t3g6t33p\"><span class=\"mpj7bzys xzlurrtv\">\ud83d\udc4f \ud83e\udda9<\/span><\/span><\/strong><\/em><\/p>\n<p><iframe loading=\"lazy\" title=\"Renato Nicanor, el flamenco m\u00e1s flamenco - canci\u00f3n - cuento cantado\" width=\"500\" height=\"281\" src=\"https:\/\/www.youtube.com\/embed\/qcbLmjlMDko?feature=oembed&#038;wmode=opaque\" frameborder=\"0\" allow=\"accelerometer; autoplay; clipboard-write; encrypted-media; gyroscope; picture-in-picture; web-share\" referrerpolicy=\"strict-origin-when-cross-origin\" allowfullscreen><\/iframe><\/p>\n<p>&nbsp;<\/p>\n<p>&nbsp;<\/p>\n<p>&nbsp;<\/p>\n","protected":false},"excerpt":{"rendered":"<p>\u00bfQu\u00e9 es el flamenco? \ud83d\udc83 Con esta pregunta hemos comenzado la ma\u00f1ana, hemos aprendido que adem\u00e1s de ser un animal, es un elemento muy importante de nuestra cultura andaluza, as\u00ed que como buenos andaluces\/as,&#46;&#46;&#46;<\/p>\n","protected":false},"author":10916,"featured_media":0,"comment_status":"open","ping_status":"open","sticky":false,"template":"","format":"standard","meta":{"ngg_post_thumbnail":0,"footnotes":""},"categories":[2351683,11909,2351663,2351664,2351665],"tags":[2351702],"aioseo_notices":[],"_links":{"self":[{"href":"https:\/\/blogsaverroes.juntadeandalucia.es\/eillanodedonantonio\/wp-json\/wp\/v2\/posts\/3151"}],"collection":[{"href":"https:\/\/blogsaverroes.juntadeandalucia.es\/eillanodedonantonio\/wp-json\/wp\/v2\/posts"}],"about":[{"href":"https:\/\/blogsaverroes.juntadeandalucia.es\/eillanodedonantonio\/wp-json\/wp\/v2\/types\/post"}],"author":[{"embeddable":true,"href":"https:\/\/blogsaverroes.juntadeandalucia.es\/eillanodedonantonio\/wp-json\/wp\/v2\/users\/10916"}],"replies":[{"embeddable":true,"href":"https:\/\/blogsaverroes.juntadeandalucia.es\/eillanodedonantonio\/wp-json\/wp\/v2\/comments?post=3151"}],"version-history":[{"count":6,"href":"https:\/\/blogsaverroes.juntadeandalucia.es\/eillanodedonantonio\/wp-json\/wp\/v2\/posts\/3151\/revisions"}],"predecessor-version":[{"id":3166,"href":"https:\/\/blogsaverroes.juntadeandalucia.es\/eillanodedonantonio\/wp-json\/wp\/v2\/posts\/3151\/revisions\/3166"}],"wp:attachment":[{"href":"https:\/\/blogsaverroes.juntadeandalucia.es\/eillanodedonantonio\/wp-json\/wp\/v2\/media?parent=3151"}],"wp:term":[{"taxonomy":"category","embeddable":true,"href":"https:\/\/blogsaverroes.juntadeandalucia.es\/eillanodedonantonio\/wp-json\/wp\/v2\/categories?post=3151"},{"taxonomy":"post_tag","embeddable":true,"href":"https:\/\/blogsaverroes.juntadeandalucia.es\/eillanodedonantonio\/wp-json\/wp\/v2\/tags?post=3151"}],"curies":[{"name":"wp","href":"https:\/\/api.w.org\/{rel}","templated":true}]}}