{"id":3631,"date":"2025-12-01T09:44:25","date_gmt":"2025-12-01T09:44:25","guid":{"rendered":"https:\/\/blogsaverroes.juntadeandalucia.es\/eillanodedonantonio\/?p=3631"},"modified":"2025-12-01T09:44:26","modified_gmt":"2025-12-01T09:44:26","slug":"todos-somos-especiales","status":"publish","type":"post","link":"https:\/\/blogsaverroes.juntadeandalucia.es\/eillanodedonantonio\/todos-somos-especiales\/","title":{"rendered":"TODOS SOMOS ESPECIALES"},"content":{"rendered":"<p>Durante el mes de septiembre hemos trabajado el lema \u201cTodos Somos Especiales\u201d dentro del Plan de Igualdad del centro. Para iniciar esta reflexi\u00f3n, utilizamos el \u00e1lbum ilustrado Me gusta como soy, de Allia Zobel Nolan, un cuento que celebra la diversidad personal a trav\u00e9s de personajes infantiles con distintas caracter\u00edsticas f\u00edsicas y de personalidad. El libro invita a valorarnos tal y como somos y a reconocer que cada persona aporta algo \u00fanico al grupo.<\/p>\n<p>A partir de esta lectura, cada alumno y alumna realiz\u00f3 un autorretrato con la ayuda de peque\u00f1os espejos &nbsp;y se present\u00f3 ante la clase, compartiendo sus cualidades y talentos. Fue una actividad muy enriquecedora para reforzar la autoestima y comprender que todas las diferencias suman.<\/p>\n<p>Finalmente, creamos un mural colectivo que recoge nuestras singularidades: fotograf\u00edas, dibujos, huellas y otros elementos que representan lo que nos hace especiales a cada uno.<\/p>\n<p>\u00a1Un inicio de curso lleno de autoestima, respeto y compa\u00f1erismo!<\/p>\n<p><a href=\"https:\/\/blogsaverroes.juntadeandalucia.es\/eillanodedonantonio\/todos-somos-especiales\/whatsapp-image-2025-12-01-at-10-36-07\/\" rel=\"attachment wp-att-3636\"><img loading=\"lazy\" decoding=\"async\" class=\"size-medium wp-image-3636 alignleft\" src=\"https:\/\/blogsaverroes.juntadeandalucia.es\/eillanodedonantonio\/files\/2025\/12\/WhatsApp-Image-2025-12-01-at-10.36.07-225x300.jpeg\" alt=\"\" width=\"225\" height=\"300\" srcset=\"https:\/\/blogsaverroes.juntadeandalucia.es\/eillanodedonantonio\/files\/2025\/12\/WhatsApp-Image-2025-12-01-at-10.36.07-225x300.jpeg 225w, https:\/\/blogsaverroes.juntadeandalucia.es\/eillanodedonantonio\/files\/2025\/12\/WhatsApp-Image-2025-12-01-at-10.36.07-768x1024.jpeg 768w, https:\/\/blogsaverroes.juntadeandalucia.es\/eillanodedonantonio\/files\/2025\/12\/WhatsApp-Image-2025-12-01-at-10.36.07-1152x1536.jpeg 1152w, https:\/\/blogsaverroes.juntadeandalucia.es\/eillanodedonantonio\/files\/2025\/12\/WhatsApp-Image-2025-12-01-at-10.36.07.jpeg 1200w\" sizes=\"(max-width: 225px) 100vw, 225px\" \/><\/a><a href=\"https:\/\/blogsaverroes.juntadeandalucia.es\/eillanodedonantonio\/todos-somos-especiales\/whatsapp-image-2025-12-01-at-10-36-08\/\" rel=\"attachment wp-att-3635\"><img loading=\"lazy\" decoding=\"async\" class=\"size-medium wp-image-3635 alignleft\" src=\"https:\/\/blogsaverroes.juntadeandalucia.es\/eillanodedonantonio\/files\/2025\/12\/WhatsApp-Image-2025-12-01-at-10.36.08-225x300.jpeg\" alt=\"\" width=\"225\" height=\"300\" srcset=\"https:\/\/blogsaverroes.juntadeandalucia.es\/eillanodedonantonio\/files\/2025\/12\/WhatsApp-Image-2025-12-01-at-10.36.08-225x300.jpeg 225w, https:\/\/blogsaverroes.juntadeandalucia.es\/eillanodedonantonio\/files\/2025\/12\/WhatsApp-Image-2025-12-01-at-10.36.08-768x1024.jpeg 768w, https:\/\/blogsaverroes.juntadeandalucia.es\/eillanodedonantonio\/files\/2025\/12\/WhatsApp-Image-2025-12-01-at-10.36.08-1152x1536.jpeg 1152w, https:\/\/blogsaverroes.juntadeandalucia.es\/eillanodedonantonio\/files\/2025\/12\/WhatsApp-Image-2025-12-01-at-10.36.08.jpeg 1200w\" sizes=\"(max-width: 225px) 100vw, 225px\" \/><\/a><a href=\"https:\/\/blogsaverroes.juntadeandalucia.es\/eillanodedonantonio\/todos-somos-especiales\/978844882337-1\/\" rel=\"attachment wp-att-3633\"><img loading=\"lazy\" decoding=\"async\" class=\"wp-image-3633 alignnone\" src=\"https:\/\/blogsaverroes.juntadeandalucia.es\/eillanodedonantonio\/files\/2025\/12\/978844882337-1-297x300.jpg\" alt=\"\" width=\"171\" height=\"173\" srcset=\"https:\/\/blogsaverroes.juntadeandalucia.es\/eillanodedonantonio\/files\/2025\/12\/978844882337-1-297x300.jpg 297w, https:\/\/blogsaverroes.juntadeandalucia.es\/eillanodedonantonio\/files\/2025\/12\/978844882337-1-80x80.jpg 80w, https:\/\/blogsaverroes.juntadeandalucia.es\/eillanodedonantonio\/files\/2025\/12\/978844882337-1.jpg 500w\" sizes=\"(max-width: 171px) 100vw, 171px\" \/><\/a><a href=\"https:\/\/blogsaverroes.juntadeandalucia.es\/eillanodedonantonio\/todos-somos-especiales\/pe_gallego_color_png\/\" rel=\"attachment wp-att-3634\"><img loading=\"lazy\" decoding=\"async\" class=\"wp-image-3634 alignnone\" src=\"https:\/\/blogsaverroes.juntadeandalucia.es\/eillanodedonantonio\/files\/2025\/12\/PE_Gallego_Color_PNG-300x212.png\" alt=\"\" width=\"294\" height=\"207\" srcset=\"https:\/\/blogsaverroes.juntadeandalucia.es\/eillanodedonantonio\/files\/2025\/12\/PE_Gallego_Color_PNG-300x212.png 300w, https:\/\/blogsaverroes.juntadeandalucia.es\/eillanodedonantonio\/files\/2025\/12\/PE_Gallego_Color_PNG-1024x724.png 1024w, https:\/\/blogsaverroes.juntadeandalucia.es\/eillanodedonantonio\/files\/2025\/12\/PE_Gallego_Color_PNG-768x543.png 768w, https:\/\/blogsaverroes.juntadeandalucia.es\/eillanodedonantonio\/files\/2025\/12\/PE_Gallego_Color_PNG-1536x1086.png 1536w, https:\/\/blogsaverroes.juntadeandalucia.es\/eillanodedonantonio\/files\/2025\/12\/PE_Gallego_Color_PNG-2048x1448.png 2048w, https:\/\/blogsaverroes.juntadeandalucia.es\/eillanodedonantonio\/files\/2025\/12\/PE_Gallego_Color_PNG.png 1600w\" sizes=\"(max-width: 294px) 100vw, 294px\" \/><\/a><!--more--><\/p>\n","protected":false},"excerpt":{"rendered":"<p>Durante el mes de septiembre hemos trabajado el lema \u201cTodos Somos Especiales\u201d dentro del Plan de Igualdad del centro. Para iniciar esta reflexi\u00f3n, utilizamos el \u00e1lbum ilustrado Me gusta como soy, de Allia Zobel&#46;&#46;&#46;<\/p>\n","protected":false},"author":10916,"featured_media":0,"comment_status":"open","ping_status":"open","sticky":false,"template":"","format":"standard","meta":{"ngg_post_thumbnail":0,"footnotes":""},"categories":[11909],"tags":[],"aioseo_notices":[],"_links":{"self":[{"href":"https:\/\/blogsaverroes.juntadeandalucia.es\/eillanodedonantonio\/wp-json\/wp\/v2\/posts\/3631"}],"collection":[{"href":"https:\/\/blogsaverroes.juntadeandalucia.es\/eillanodedonantonio\/wp-json\/wp\/v2\/posts"}],"about":[{"href":"https:\/\/blogsaverroes.juntadeandalucia.es\/eillanodedonantonio\/wp-json\/wp\/v2\/types\/post"}],"author":[{"embeddable":true,"href":"https:\/\/blogsaverroes.juntadeandalucia.es\/eillanodedonantonio\/wp-json\/wp\/v2\/users\/10916"}],"replies":[{"embeddable":true,"href":"https:\/\/blogsaverroes.juntadeandalucia.es\/eillanodedonantonio\/wp-json\/wp\/v2\/comments?post=3631"}],"version-history":[{"count":6,"href":"https:\/\/blogsaverroes.juntadeandalucia.es\/eillanodedonantonio\/wp-json\/wp\/v2\/posts\/3631\/revisions"}],"predecessor-version":[{"id":3642,"href":"https:\/\/blogsaverroes.juntadeandalucia.es\/eillanodedonantonio\/wp-json\/wp\/v2\/posts\/3631\/revisions\/3642"}],"wp:attachment":[{"href":"https:\/\/blogsaverroes.juntadeandalucia.es\/eillanodedonantonio\/wp-json\/wp\/v2\/media?parent=3631"}],"wp:term":[{"taxonomy":"category","embeddable":true,"href":"https:\/\/blogsaverroes.juntadeandalucia.es\/eillanodedonantonio\/wp-json\/wp\/v2\/categories?post=3631"},{"taxonomy":"post_tag","embeddable":true,"href":"https:\/\/blogsaverroes.juntadeandalucia.es\/eillanodedonantonio\/wp-json\/wp\/v2\/tags?post=3631"}],"curies":[{"name":"wp","href":"https:\/\/api.w.org\/{rel}","templated":true}]}}