{"id":2494,"date":"2018-11-08T15:05:50","date_gmt":"2018-11-08T15:05:50","guid":{"rendered":"https:\/\/blogsaverroes.juntadeandalucia.es\/eirocinante\/?p=2494"},"modified":"2018-11-08T15:11:14","modified_gmt":"2018-11-08T15:11:14","slug":"experimentando-con-harina","status":"publish","type":"post","link":"https:\/\/blogsaverroes.juntadeandalucia.es\/eirocinante\/experimentando-con-harina\/","title":{"rendered":"EXPERIMENTANDO CON HARINA"},"content":{"rendered":"<p>Los lunes jugamos con la harina&nbsp; en el taller de experimentaci\u00f3n de 1 a\u00f1o y nuestro grupo lo formamos &nbsp;ni\u00f1os y ni\u00f1as de la clase gatito y osito.<\/p>\n<p>Les hemos preparado la sala con una bandeja llena de harina para cada uno, un cuenco y una cuchara. Como no les damos ninguna pauta entran tranquilos pero sin atreverse a tocar &nbsp;nada. Como ven que no nos movemos ni les indicamos ninguna acci\u00f3n poco a poco se van sintiendo m\u00e1s seguros&nbsp; y empiezan a tocar y a experimentar.<\/p>\n<p style=\"text-align: right\"><a href=\"https:\/\/blogsaverroes.juntadeandalucia.es\/eirocinante\/files\/2018\/11\/DSC00949-pixelada.jpg\"><img loading=\"lazy\" decoding=\"async\" class=\"alignleft wp-image-2495\" src=\"https:\/\/blogsaverroes.juntadeandalucia.es\/eirocinante\/files\/2018\/11\/DSC00949-pixelada-300x228.jpg\" alt=\"\" width=\"427\" height=\"325\" srcset=\"https:\/\/blogsaverroes.juntadeandalucia.es\/eirocinante\/files\/2018\/11\/DSC00949-pixelada-300x228.jpg 300w, https:\/\/blogsaverroes.juntadeandalucia.es\/eirocinante\/files\/2018\/11\/DSC00949-pixelada-768x585.jpg 768w, https:\/\/blogsaverroes.juntadeandalucia.es\/eirocinante\/files\/2018\/11\/DSC00949-pixelada-1024x780.jpg 1024w, https:\/\/blogsaverroes.juntadeandalucia.es\/eirocinante\/files\/2018\/11\/DSC00949-pixelada-700x533.jpg 700w, https:\/\/blogsaverroes.juntadeandalucia.es\/eirocinante\/files\/2018\/11\/DSC00949-pixelada-24x18.jpg 24w, https:\/\/blogsaverroes.juntadeandalucia.es\/eirocinante\/files\/2018\/11\/DSC00949-pixelada-36x27.jpg 36w, https:\/\/blogsaverroes.juntadeandalucia.es\/eirocinante\/files\/2018\/11\/DSC00949-pixelada-48x37.jpg 48w, https:\/\/blogsaverroes.juntadeandalucia.es\/eirocinante\/files\/2018\/11\/DSC00949-pixelada.jpg 1600w\" sizes=\"(max-width: 427px) 100vw, 427px\" \/><\/a><\/p>\n<p>&nbsp;<\/p>\n<p><strong>&nbsp;<\/strong>\u00ab<em>\u00bfEsto qu\u00e9 es?<\/em> \u00ab\u2013 Piensa Rafa<\/p>\n<p>&nbsp;<\/p>\n<p><em>\u00bb \u00a1Uy mira! \u00bfqu\u00e9 hace aqu\u00ed una cuchara si esto es para comer la papa?\u00bb- <\/em>piensa Carmen<\/p>\n<p>&nbsp;<\/p>\n<p>&nbsp;<\/p>\n<p>&nbsp;<\/p>\n<p>&nbsp;<\/p>\n<p>Lo primero que suele atraerles es el objeto que conocen, que es la cuchara, despu\u00e9s cogen el cuenco y descubren el sonido que produce la cuchara al golpearla con el cuenco y por \u00faltimo se atreven a tocar la harina y a experimentar con ella.<\/p>\n<p><a href=\"https:\/\/blogsaverroes.juntadeandalucia.es\/eirocinante\/files\/2018\/11\/IMG_0167-pixelada.jpg\"><img loading=\"lazy\" decoding=\"async\" class=\"wp-image-2501 alignright\" src=\"https:\/\/blogsaverroes.juntadeandalucia.es\/eirocinante\/files\/2018\/11\/IMG_0167-pixelada-300x225.jpg\" alt=\"\" width=\"427\" height=\"320\" srcset=\"https:\/\/blogsaverroes.juntadeandalucia.es\/eirocinante\/files\/2018\/11\/IMG_0167-pixelada-300x225.jpg 300w, https:\/\/blogsaverroes.juntadeandalucia.es\/eirocinante\/files\/2018\/11\/IMG_0167-pixelada-768x576.jpg 768w, https:\/\/blogsaverroes.juntadeandalucia.es\/eirocinante\/files\/2018\/11\/IMG_0167-pixelada-1024x768.jpg 1024w, https:\/\/blogsaverroes.juntadeandalucia.es\/eirocinante\/files\/2018\/11\/IMG_0167-pixelada-700x525.jpg 700w, https:\/\/blogsaverroes.juntadeandalucia.es\/eirocinante\/files\/2018\/11\/IMG_0167-pixelada-24x18.jpg 24w, https:\/\/blogsaverroes.juntadeandalucia.es\/eirocinante\/files\/2018\/11\/IMG_0167-pixelada-36x27.jpg 36w, https:\/\/blogsaverroes.juntadeandalucia.es\/eirocinante\/files\/2018\/11\/IMG_0167-pixelada-48x36.jpg 48w, https:\/\/blogsaverroes.juntadeandalucia.es\/eirocinante\/files\/2018\/11\/IMG_0167-pixelada.jpg 1600w\" sizes=\"(max-width: 427px) 100vw, 427px\" \/><\/a><\/p>\n<p>&nbsp;<\/p>\n<p><em>\u00abMe gusta tanto lo que estoy haciendo que no me doy cuenta lo que pasa a mi alrededor\u00bb<\/em>&#8211; piensa Iker -\u00ab<em>Tengo que llenar el cuenco de harina, me gusta mucho ver&nbsp; como cae la harina cuando lo vuelco.\u00bb<\/em><\/p>\n<p>&nbsp;<\/p>\n<p>&nbsp;<\/p>\n<p>&nbsp;<\/p>\n<p>Aunque Iker no se est\u00e1 dando cuenta, est\u00e1 aprendiendo mediante la experimentaci\u00f3n los conceptos matem\u00e1ticos lleno-vac\u00edo, mucho \u2013poco, dentro-fuera. Adem\u00e1s estamos trabajando la coordinaci\u00f3n \u00f3culo \u2013 manual, desarrollando la psicomotricidad fina y la concentraci\u00f3n.<\/p>\n<div id=\"attachment_2507\" style=\"width: 427px\" class=\"wp-caption alignleft\"><a href=\"https:\/\/blogsaverroes.juntadeandalucia.es\/eirocinante\/files\/2018\/11\/IMG_0192-pixelada.jpg\"><img loading=\"lazy\" decoding=\"async\" aria-describedby=\"caption-attachment-2507\" class=\"wp-image-2507\" src=\"https:\/\/blogsaverroes.juntadeandalucia.es\/eirocinante\/files\/2018\/11\/IMG_0192-pixelada-300x280.jpg\" alt=\"\" width=\"427\" height=\"398\" srcset=\"https:\/\/blogsaverroes.juntadeandalucia.es\/eirocinante\/files\/2018\/11\/IMG_0192-pixelada-300x280.jpg 300w, https:\/\/blogsaverroes.juntadeandalucia.es\/eirocinante\/files\/2018\/11\/IMG_0192-pixelada-768x716.jpg 768w, https:\/\/blogsaverroes.juntadeandalucia.es\/eirocinante\/files\/2018\/11\/IMG_0192-pixelada-1024x955.jpg 1024w, https:\/\/blogsaverroes.juntadeandalucia.es\/eirocinante\/files\/2018\/11\/IMG_0192-pixelada-700x653.jpg 700w, https:\/\/blogsaverroes.juntadeandalucia.es\/eirocinante\/files\/2018\/11\/IMG_0192-pixelada-24x22.jpg 24w, https:\/\/blogsaverroes.juntadeandalucia.es\/eirocinante\/files\/2018\/11\/IMG_0192-pixelada-36x34.jpg 36w, https:\/\/blogsaverroes.juntadeandalucia.es\/eirocinante\/files\/2018\/11\/IMG_0192-pixelada-48x45.jpg 48w, https:\/\/blogsaverroes.juntadeandalucia.es\/eirocinante\/files\/2018\/11\/IMG_0192-pixelada.jpg 1600w\" sizes=\"(max-width: 427px) 100vw, 427px\" \/><\/a><p id=\"caption-attachment-2507\" class=\"wp-caption-text\"><em><strong>Ana aprendiendo conceptos jugando<\/strong><\/em><\/p><\/div>\n<p>&nbsp;<\/p>\n<p><em>\u00abYo he querido tirar la harina al suelo, la extiendo con las manos, hago una monta\u00f1ita, la cojo, la aprieto y la vuelvo&nbsp; a soltar. \u00a1Es s\u00faper divertido! \u00a1Estoy de harina hasta los pelos! Pero mi se\u00f1o no me ri\u00f1e. Yo soy feliz y me lo he pasado muy bien.\u201d<\/em><\/p>\n<p>&nbsp;<\/p>\n<p>&nbsp;<\/p>\n<p>&nbsp;<\/p>\n<p>&nbsp;<\/p>\n<p>&nbsp;<\/p>\n<p>&nbsp;<\/p>\n<h5 style=\"text-align: right\">Chari y Macarena<\/h5>\n","protected":false},"excerpt":{"rendered":"<p>Los lunes jugamos con la harina&nbsp; en el taller de experimentaci\u00f3n de 1 a\u00f1o y nuestro grupo lo formamos &nbsp;ni\u00f1os y ni\u00f1as de la clase gatito y osito. Les hemos preparado la sala con una bandeja llena de harina para cada uno, un cuenco y una cuchara. Como no les damos ninguna pauta entran tranquilos &hellip; <\/p>\n<p><a class=\"more-link btn\" href=\"https:\/\/blogsaverroes.juntadeandalucia.es\/eirocinante\/experimentando-con-harina\/\">Seguir leyendo<\/a><\/p>\n","protected":false},"author":5934,"featured_media":0,"comment_status":"open","ping_status":"open","sticky":false,"template":"","format":"standard","meta":{"ngg_post_thumbnail":0,"footnotes":""},"categories":[307413],"tags":[],"aioseo_notices":[],"_links":{"self":[{"href":"https:\/\/blogsaverroes.juntadeandalucia.es\/eirocinante\/wp-json\/wp\/v2\/posts\/2494"}],"collection":[{"href":"https:\/\/blogsaverroes.juntadeandalucia.es\/eirocinante\/wp-json\/wp\/v2\/posts"}],"about":[{"href":"https:\/\/blogsaverroes.juntadeandalucia.es\/eirocinante\/wp-json\/wp\/v2\/types\/post"}],"author":[{"embeddable":true,"href":"https:\/\/blogsaverroes.juntadeandalucia.es\/eirocinante\/wp-json\/wp\/v2\/users\/5934"}],"replies":[{"embeddable":true,"href":"https:\/\/blogsaverroes.juntadeandalucia.es\/eirocinante\/wp-json\/wp\/v2\/comments?post=2494"}],"version-history":[{"count":13,"href":"https:\/\/blogsaverroes.juntadeandalucia.es\/eirocinante\/wp-json\/wp\/v2\/posts\/2494\/revisions"}],"predecessor-version":[{"id":2510,"href":"https:\/\/blogsaverroes.juntadeandalucia.es\/eirocinante\/wp-json\/wp\/v2\/posts\/2494\/revisions\/2510"}],"wp:attachment":[{"href":"https:\/\/blogsaverroes.juntadeandalucia.es\/eirocinante\/wp-json\/wp\/v2\/media?parent=2494"}],"wp:term":[{"taxonomy":"category","embeddable":true,"href":"https:\/\/blogsaverroes.juntadeandalucia.es\/eirocinante\/wp-json\/wp\/v2\/categories?post=2494"},{"taxonomy":"post_tag","embeddable":true,"href":"https:\/\/blogsaverroes.juntadeandalucia.es\/eirocinante\/wp-json\/wp\/v2\/tags?post=2494"}],"curies":[{"name":"wp","href":"https:\/\/api.w.org\/{rel}","templated":true}]}}