{"id":2719,"date":"2019-07-08T11:13:15","date_gmt":"2019-07-08T11:13:15","guid":{"rendered":"https:\/\/blogsaverroes.juntadeandalucia.es\/eirocinante\/?p=2719"},"modified":"2019-07-08T11:13:15","modified_gmt":"2019-07-08T11:13:15","slug":"fiesta-del-agua","status":"publish","type":"post","link":"https:\/\/blogsaverroes.juntadeandalucia.es\/eirocinante\/fiesta-del-agua\/","title":{"rendered":"FIESTA DEL AGUA"},"content":{"rendered":"<p>&nbsp;<\/p>\n<h2 style=\"text-align: center\"><span style=\"color: #008080\">FIESTA DEL AGUA<\/span><\/h2>\n<p>Para despedir el curso celebramos la fiesta del agua. Todos los ni\u00f1os y ni\u00f1as vinieron con su ba\u00f1ador y toalla y sus chanclas. Desde d\u00edas antes, los mayores de dos a\u00f1os ya se mostraban nerviosos por la novedad de la fiesta.<\/p>\n<div id=\"attachment_2720\" style=\"width: 300px\" class=\"wp-caption alignright\"><a href=\"https:\/\/blogsaverroes.juntadeandalucia.es\/eirocinante\/files\/2019\/07\/ANA-Y-MARTINA.jpg\"><img loading=\"lazy\" decoding=\"async\" aria-describedby=\"caption-attachment-2720\" class=\"wp-image-2720 size-medium\" src=\"https:\/\/blogsaverroes.juntadeandalucia.es\/eirocinante\/files\/2019\/07\/ANA-Y-MARTINA-300x225.jpg\" alt=\"\" width=\"300\" height=\"225\" srcset=\"https:\/\/blogsaverroes.juntadeandalucia.es\/eirocinante\/files\/2019\/07\/ANA-Y-MARTINA-300x225.jpg 300w, https:\/\/blogsaverroes.juntadeandalucia.es\/eirocinante\/files\/2019\/07\/ANA-Y-MARTINA-768x576.jpg 768w, https:\/\/blogsaverroes.juntadeandalucia.es\/eirocinante\/files\/2019\/07\/ANA-Y-MARTINA-1024x768.jpg 1024w, https:\/\/blogsaverroes.juntadeandalucia.es\/eirocinante\/files\/2019\/07\/ANA-Y-MARTINA-700x525.jpg 700w, https:\/\/blogsaverroes.juntadeandalucia.es\/eirocinante\/files\/2019\/07\/ANA-Y-MARTINA-24x18.jpg 24w, https:\/\/blogsaverroes.juntadeandalucia.es\/eirocinante\/files\/2019\/07\/ANA-Y-MARTINA-36x27.jpg 36w, https:\/\/blogsaverroes.juntadeandalucia.es\/eirocinante\/files\/2019\/07\/ANA-Y-MARTINA-48x36.jpg 48w, https:\/\/blogsaverroes.juntadeandalucia.es\/eirocinante\/files\/2019\/07\/ANA-Y-MARTINA.jpg 1600w\" sizes=\"(max-width: 300px) 100vw, 300px\" \/><\/a><p id=\"caption-attachment-2720\" class=\"wp-caption-text\"><strong><span style=\"color: #008080\">\u00a1Mira Martina, estoy ba\u00f1ando a Mickey!<\/span><\/strong><\/p><\/div>\n<p>\u00a1Estaban tan mayores saliendo de las clases cada uno con su toalla al hombro! En ese momento nos dimos cuenta de lo mayores que se nos hab\u00edan hecho y de lo pronto que hab\u00eda pasado el curso. Los peque\u00f1os de un a\u00f1o m\u00e1s tranquilos, se fueron acercando observando todo lo que hab\u00eda montado sin atrevese en un primer momento a meterse en las piscinas.<\/p>\n<p>&nbsp;<\/p>\n<p>&nbsp;<\/p>\n<p><span style=\"color: #000000\">Ha sido un d\u00eda maravilloso en el que todos los ni\u00f1os y las ni\u00f1as han ido jugando como han querido sin que se produjese ning\u00fan conflicto entre ellos. Parec\u00eda que ten\u00edamos las piscinas todos los d\u00edas puestas en el patio. <\/span><\/p>\n<div id=\"attachment_2723\" style=\"width: 660px\" class=\"wp-caption aligncenter\"><a href=\"https:\/\/blogsaverroes.juntadeandalucia.es\/eirocinante\/files\/2019\/07\/PISCINA-PIXELADA.jpg\"><img loading=\"lazy\" decoding=\"async\" aria-describedby=\"caption-attachment-2723\" class=\"wp-image-2723 size-large\" src=\"https:\/\/blogsaverroes.juntadeandalucia.es\/eirocinante\/files\/2019\/07\/PISCINA-PIXELADA-768x1024.jpg\" alt=\"\" width=\"660\" height=\"880\" srcset=\"https:\/\/blogsaverroes.juntadeandalucia.es\/eirocinante\/files\/2019\/07\/PISCINA-PIXELADA-768x1024.jpg 768w, https:\/\/blogsaverroes.juntadeandalucia.es\/eirocinante\/files\/2019\/07\/PISCINA-PIXELADA-225x300.jpg 225w, https:\/\/blogsaverroes.juntadeandalucia.es\/eirocinante\/files\/2019\/07\/PISCINA-PIXELADA-700x933.jpg 700w, https:\/\/blogsaverroes.juntadeandalucia.es\/eirocinante\/files\/2019\/07\/PISCINA-PIXELADA-18x24.jpg 18w, https:\/\/blogsaverroes.juntadeandalucia.es\/eirocinante\/files\/2019\/07\/PISCINA-PIXELADA-27x36.jpg 27w, https:\/\/blogsaverroes.juntadeandalucia.es\/eirocinante\/files\/2019\/07\/PISCINA-PIXELADA-36x48.jpg 36w, https:\/\/blogsaverroes.juntadeandalucia.es\/eirocinante\/files\/2019\/07\/PISCINA-PIXELADA.jpg 1200w\" sizes=\"(max-width: 660px) 100vw, 660px\" \/><\/a><p id=\"caption-attachment-2723\" class=\"wp-caption-text\">&nbsp;&nbsp;&nbsp;&nbsp;&nbsp;&nbsp;&nbsp;&nbsp;&nbsp;&nbsp;&nbsp;&nbsp;&nbsp;&nbsp;&nbsp;&nbsp;&nbsp;&nbsp;&nbsp;&nbsp;&nbsp;<strong><span style=\"color: #3366ff\"> <span style=\"color: #008080\">\u00a1Uno, dos, tres&#8230;. al agua patos!<\/span><\/span><\/strong><\/p><\/div>\n<p>&nbsp;<\/p>\n<div id=\"attachment_2729\" style=\"width: 660px\" class=\"wp-caption alignnone\"><a href=\"https:\/\/blogsaverroes.juntadeandalucia.es\/eirocinante\/files\/2019\/07\/IMG_0020-PIXELADA-2.jpg\"><img loading=\"lazy\" decoding=\"async\" aria-describedby=\"caption-attachment-2729\" class=\"wp-image-2729 size-large\" src=\"https:\/\/blogsaverroes.juntadeandalucia.es\/eirocinante\/files\/2019\/07\/IMG_0020-PIXELADA-2-1024x768.jpg\" alt=\"\" width=\"660\" height=\"495\" srcset=\"https:\/\/blogsaverroes.juntadeandalucia.es\/eirocinante\/files\/2019\/07\/IMG_0020-PIXELADA-2-1024x768.jpg 1024w, https:\/\/blogsaverroes.juntadeandalucia.es\/eirocinante\/files\/2019\/07\/IMG_0020-PIXELADA-2-300x225.jpg 300w, https:\/\/blogsaverroes.juntadeandalucia.es\/eirocinante\/files\/2019\/07\/IMG_0020-PIXELADA-2-768x576.jpg 768w, https:\/\/blogsaverroes.juntadeandalucia.es\/eirocinante\/files\/2019\/07\/IMG_0020-PIXELADA-2-700x525.jpg 700w, https:\/\/blogsaverroes.juntadeandalucia.es\/eirocinante\/files\/2019\/07\/IMG_0020-PIXELADA-2-24x18.jpg 24w, https:\/\/blogsaverroes.juntadeandalucia.es\/eirocinante\/files\/2019\/07\/IMG_0020-PIXELADA-2-36x27.jpg 36w, https:\/\/blogsaverroes.juntadeandalucia.es\/eirocinante\/files\/2019\/07\/IMG_0020-PIXELADA-2-48x36.jpg 48w, https:\/\/blogsaverroes.juntadeandalucia.es\/eirocinante\/files\/2019\/07\/IMG_0020-PIXELADA-2.jpg 1600w\" sizes=\"(max-width: 660px) 100vw, 660px\" \/><\/a><p id=\"caption-attachment-2729\" class=\"wp-caption-text\">&nbsp;<strong><span style=\"color: #008080\">&#8211; India: \u00a1Qu\u00e9 fresquitos estamos!&nbsp;&nbsp;&nbsp;&nbsp;&nbsp;<\/span><\/strong><\/p>\n<dd class=\"wp-caption-dd\"><strong><span style=\"color: #008080\">&#8211;&nbsp; Andr\u00e9s: \u00a1Cuidado que voy!<\/span><\/strong><\/p><\/div>\n<p>&nbsp;<\/p>\n<p>&nbsp;<\/p>\n<div id=\"attachment_2724\" style=\"width: 837px\" class=\"wp-caption alignnone\"><a href=\"https:\/\/blogsaverroes.juntadeandalucia.es\/eirocinante\/files\/2019\/07\/SECADO-PIXELADA.jpg\"><img loading=\"lazy\" decoding=\"async\" aria-describedby=\"caption-attachment-2724\" class=\"wp-image-2724 size-full\" src=\"https:\/\/blogsaverroes.juntadeandalucia.es\/eirocinante\/files\/2019\/07\/SECADO-PIXELADA.jpg\" alt=\"\" width=\"837\" height=\"985\" srcset=\"https:\/\/blogsaverroes.juntadeandalucia.es\/eirocinante\/files\/2019\/07\/SECADO-PIXELADA.jpg 837w, https:\/\/blogsaverroes.juntadeandalucia.es\/eirocinante\/files\/2019\/07\/SECADO-PIXELADA-255x300.jpg 255w, https:\/\/blogsaverroes.juntadeandalucia.es\/eirocinante\/files\/2019\/07\/SECADO-PIXELADA-768x904.jpg 768w, https:\/\/blogsaverroes.juntadeandalucia.es\/eirocinante\/files\/2019\/07\/SECADO-PIXELADA-700x824.jpg 700w, https:\/\/blogsaverroes.juntadeandalucia.es\/eirocinante\/files\/2019\/07\/SECADO-PIXELADA-20x24.jpg 20w, https:\/\/blogsaverroes.juntadeandalucia.es\/eirocinante\/files\/2019\/07\/SECADO-PIXELADA-31x36.jpg 31w, https:\/\/blogsaverroes.juntadeandalucia.es\/eirocinante\/files\/2019\/07\/SECADO-PIXELADA-41x48.jpg 41w\" sizes=\"(max-width: 837px) 100vw, 837px\" \/><\/a><p id=\"caption-attachment-2724\" class=\"wp-caption-text\">&nbsp;&nbsp;&nbsp;&nbsp;&nbsp;&nbsp;&nbsp;&nbsp;&nbsp;&nbsp;&nbsp;&nbsp;&nbsp;<strong><span style=\"color: #008080\"> &nbsp;&nbsp;&nbsp;&nbsp; Ahora toca secarse, hemos jugado tanto que estamos un poco cansado<\/span><\/strong><\/p><\/div>\n<p>&nbsp;<\/p>\n<div id=\"attachment_2734\" style=\"width: 660px\" class=\"wp-caption alignnone\"><a href=\"https:\/\/blogsaverroes.juntadeandalucia.es\/eirocinante\/files\/2019\/07\/TOMANDO-EL-SOL-PIXELADA-1.jpg\"><img loading=\"lazy\" decoding=\"async\" aria-describedby=\"caption-attachment-2734\" class=\"wp-image-2734 size-large\" src=\"https:\/\/blogsaverroes.juntadeandalucia.es\/eirocinante\/files\/2019\/07\/TOMANDO-EL-SOL-PIXELADA-1-1024x768.jpg\" alt=\"\" width=\"660\" height=\"495\" srcset=\"https:\/\/blogsaverroes.juntadeandalucia.es\/eirocinante\/files\/2019\/07\/TOMANDO-EL-SOL-PIXELADA-1-1024x768.jpg 1024w, https:\/\/blogsaverroes.juntadeandalucia.es\/eirocinante\/files\/2019\/07\/TOMANDO-EL-SOL-PIXELADA-1-300x225.jpg 300w, https:\/\/blogsaverroes.juntadeandalucia.es\/eirocinante\/files\/2019\/07\/TOMANDO-EL-SOL-PIXELADA-1-768x576.jpg 768w, https:\/\/blogsaverroes.juntadeandalucia.es\/eirocinante\/files\/2019\/07\/TOMANDO-EL-SOL-PIXELADA-1-700x525.jpg 700w, https:\/\/blogsaverroes.juntadeandalucia.es\/eirocinante\/files\/2019\/07\/TOMANDO-EL-SOL-PIXELADA-1-24x18.jpg 24w, https:\/\/blogsaverroes.juntadeandalucia.es\/eirocinante\/files\/2019\/07\/TOMANDO-EL-SOL-PIXELADA-1-36x27.jpg 36w, https:\/\/blogsaverroes.juntadeandalucia.es\/eirocinante\/files\/2019\/07\/TOMANDO-EL-SOL-PIXELADA-1-48x36.jpg 48w, https:\/\/blogsaverroes.juntadeandalucia.es\/eirocinante\/files\/2019\/07\/TOMANDO-EL-SOL-PIXELADA-1.jpg 1600w\" sizes=\"(max-width: 660px) 100vw, 660px\" \/><\/a><p id=\"caption-attachment-2734\" class=\"wp-caption-text\"><strong><span style=\"color: #008080\"> Vamos a tomar un ratito el sol<\/span><\/strong><\/p><\/div>\n<p>&nbsp;<\/p>\n<div id=\"attachment_2721\" style=\"width: 783px\" class=\"wp-caption alignleft\"><a href=\"https:\/\/blogsaverroes.juntadeandalucia.es\/eirocinante\/files\/2019\/07\/CHARCOS-PIXELADA.jpg\"><img loading=\"lazy\" decoding=\"async\" aria-describedby=\"caption-attachment-2721\" class=\"wp-image-2721 size-full\" src=\"https:\/\/blogsaverroes.juntadeandalucia.es\/eirocinante\/files\/2019\/07\/CHARCOS-PIXELADA.jpg\" alt=\"\" width=\"783\" height=\"793\" srcset=\"https:\/\/blogsaverroes.juntadeandalucia.es\/eirocinante\/files\/2019\/07\/CHARCOS-PIXELADA.jpg 783w, https:\/\/blogsaverroes.juntadeandalucia.es\/eirocinante\/files\/2019\/07\/CHARCOS-PIXELADA-296x300.jpg 296w, https:\/\/blogsaverroes.juntadeandalucia.es\/eirocinante\/files\/2019\/07\/CHARCOS-PIXELADA-768x778.jpg 768w, https:\/\/blogsaverroes.juntadeandalucia.es\/eirocinante\/files\/2019\/07\/CHARCOS-PIXELADA-100x100.jpg 100w, https:\/\/blogsaverroes.juntadeandalucia.es\/eirocinante\/files\/2019\/07\/CHARCOS-PIXELADA-700x709.jpg 700w, https:\/\/blogsaverroes.juntadeandalucia.es\/eirocinante\/files\/2019\/07\/CHARCOS-PIXELADA-24x24.jpg 24w, https:\/\/blogsaverroes.juntadeandalucia.es\/eirocinante\/files\/2019\/07\/CHARCOS-PIXELADA-36x36.jpg 36w, https:\/\/blogsaverroes.juntadeandalucia.es\/eirocinante\/files\/2019\/07\/CHARCOS-PIXELADA-48x48.jpg 48w\" sizes=\"(max-width: 783px) 100vw, 783px\" \/><\/a><p id=\"caption-attachment-2721\" class=\"wp-caption-text\">&nbsp;&nbsp;&nbsp;&nbsp; <strong><span style=\"color: #008080\">\u00a1Vamos a jugar con los charcos!<\/span><\/strong><\/p><\/div><\/dd>\n","protected":false},"excerpt":{"rendered":"<p>&nbsp; FIESTA DEL AGUA Para despedir el curso celebramos la fiesta del agua. Todos los ni\u00f1os y ni\u00f1as vinieron con su ba\u00f1ador y toalla y sus chanclas. Desde d\u00edas antes, los mayores de dos a\u00f1os ya se mostraban nerviosos por la novedad de la fiesta. \u00a1Estaban tan mayores saliendo de las clases cada uno con &hellip; <\/p>\n<p><a class=\"more-link btn\" href=\"https:\/\/blogsaverroes.juntadeandalucia.es\/eirocinante\/fiesta-del-agua\/\">Seguir leyendo<\/a><\/p>\n","protected":false},"author":5934,"featured_media":0,"comment_status":"open","ping_status":"open","sticky":false,"template":"","format":"standard","meta":{"ngg_post_thumbnail":0,"footnotes":""},"categories":[307413],"tags":[],"aioseo_notices":[],"_links":{"self":[{"href":"https:\/\/blogsaverroes.juntadeandalucia.es\/eirocinante\/wp-json\/wp\/v2\/posts\/2719"}],"collection":[{"href":"https:\/\/blogsaverroes.juntadeandalucia.es\/eirocinante\/wp-json\/wp\/v2\/posts"}],"about":[{"href":"https:\/\/blogsaverroes.juntadeandalucia.es\/eirocinante\/wp-json\/wp\/v2\/types\/post"}],"author":[{"embeddable":true,"href":"https:\/\/blogsaverroes.juntadeandalucia.es\/eirocinante\/wp-json\/wp\/v2\/users\/5934"}],"replies":[{"embeddable":true,"href":"https:\/\/blogsaverroes.juntadeandalucia.es\/eirocinante\/wp-json\/wp\/v2\/comments?post=2719"}],"version-history":[{"count":10,"href":"https:\/\/blogsaverroes.juntadeandalucia.es\/eirocinante\/wp-json\/wp\/v2\/posts\/2719\/revisions"}],"predecessor-version":[{"id":2738,"href":"https:\/\/blogsaverroes.juntadeandalucia.es\/eirocinante\/wp-json\/wp\/v2\/posts\/2719\/revisions\/2738"}],"wp:attachment":[{"href":"https:\/\/blogsaverroes.juntadeandalucia.es\/eirocinante\/wp-json\/wp\/v2\/media?parent=2719"}],"wp:term":[{"taxonomy":"category","embeddable":true,"href":"https:\/\/blogsaverroes.juntadeandalucia.es\/eirocinante\/wp-json\/wp\/v2\/categories?post=2719"},{"taxonomy":"post_tag","embeddable":true,"href":"https:\/\/blogsaverroes.juntadeandalucia.es\/eirocinante\/wp-json\/wp\/v2\/tags?post=2719"}],"curies":[{"name":"wp","href":"https:\/\/api.w.org\/{rel}","templated":true}]}}