{"id":1341,"date":"2024-02-07T12:47:31","date_gmt":"2024-02-07T11:47:31","guid":{"rendered":"https:\/\/blogsaverroes.juntadeandalucia.es\/eisoldeportocarrero\/?p=1341"},"modified":"2024-02-07T12:47:31","modified_gmt":"2024-02-07T11:47:31","slug":"1341-2","status":"publish","type":"post","link":"https:\/\/blogsaverroes.juntadeandalucia.es\/eisoldeportocarrero\/1341-2\/","title":{"rendered":""},"content":{"rendered":"<div dir=\"auto\">D\u00cdA INTERNACIONAL DE INTERNET SEGURA<\/div>\n<div dir=\"auto\">Ayer , d\u00eda 6 de febrero, celebramos el &#8220;D\u00eda se seguridad en la red&#8221; con nuestros socios y socias europeos de etwinning; como sab\u00e9is cada vez m\u00e1s necesario entre nuestros hijos e hijas, debido a la facilidad de compartir contenidos que ofrece la red.<\/div>\n<div dir=\"auto\">Es importante concienciar del peligro de compartir datos, im\u00e1genes,&#8230;<\/div>\n<div dir=\"auto\"><a class=\"x1i10hfl xjbqb8w x1ejq31n xd10rxx x1sy0etr x17r0tee x972fbf xcfux6l x1qhh985 xm0m39n x9f619 x1ypdohk xt0psk2 xe8uvvx xdj266r x11i5rnm xat24cr x1mh8g0r xexx8yu x4uap5 x18d9i69 xkhd6sd x16tdsg8 x1hl2dhg xggy1nq x1a2a7pz xt0b8zv x1fey0fg xo1l8bm\" role=\"link\" href=\"https:\/\/www.facebook.com\/hashtag\/sid2024?__eep__=6&amp;__cft__[0]=AZXsUnuotFFjiyxEP9_FmIIKCWY_Aw5Z5KHfJRiogFxo3DcCs2TACxk5x7fz8CMZ0EBZHhJH_CzoEfnp80aZXNNvZq4wqvpmMLS-Qe2jEO0wyhDVugojCRLnee2ZfDXEsopTWoNFbqmJ_odJUtyA2QH-&amp;__tn__=*NK-R\">#SID2024<\/a><\/div>\n<div dir=\"auto\"><a class=\"x1i10hfl xjbqb8w x1ejq31n xd10rxx x1sy0etr x17r0tee x972fbf xcfux6l x1qhh985 xm0m39n x9f619 x1ypdohk xt0psk2 xe8uvvx xdj266r x11i5rnm xat24cr x1mh8g0r xexx8yu x4uap5 x18d9i69 xkhd6sd x16tdsg8 x1hl2dhg xggy1nq x1a2a7pz xt0b8zv x1fey0fg xo1l8bm\" role=\"link\" href=\"https:\/\/www.facebook.com\/hashtag\/internetsegura?__eep__=6&amp;__cft__[0]=AZXsUnuotFFjiyxEP9_FmIIKCWY_Aw5Z5KHfJRiogFxo3DcCs2TACxk5x7fz8CMZ0EBZHhJH_CzoEfnp80aZXNNvZq4wqvpmMLS-Qe2jEO0wyhDVugojCRLnee2ZfDXEsopTWoNFbqmJ_odJUtyA2QH-&amp;__tn__=*NK-R\">#InternetSegura<\/a><\/div>\n<div dir=\"auto\">#saferinternetday<\/div>\n<div dir=\"auto\">&nbsp;<\/div>\n<div dir=\"auto\">&nbsp;<\/div>\n<div dir=\"auto\">&nbsp;<\/div>\n<div dir=\"auto\"><a href=\"https:\/\/blogsaverroes.juntadeandalucia.es\/eisoldeportocarrero\/files\/2024\/02\/Blue-Modern-Entrepreneur-Digital-Photo-Collage-2.png\"><img loading=\"lazy\" decoding=\"async\" class=\"aligncenter size-large wp-image-1343\" src=\"https:\/\/blogsaverroes.juntadeandalucia.es\/eisoldeportocarrero\/files\/2024\/02\/Blue-Modern-Entrepreneur-Digital-Photo-Collage-2-1024x819.png\" alt=\"\" width=\"640\" height=\"512\" srcset=\"https:\/\/blogsaverroes.juntadeandalucia.es\/eisoldeportocarrero\/files\/2024\/02\/Blue-Modern-Entrepreneur-Digital-Photo-Collage-2-1024x819.png 1024w, https:\/\/blogsaverroes.juntadeandalucia.es\/eisoldeportocarrero\/files\/2024\/02\/Blue-Modern-Entrepreneur-Digital-Photo-Collage-2-300x240.png 300w, https:\/\/blogsaverroes.juntadeandalucia.es\/eisoldeportocarrero\/files\/2024\/02\/Blue-Modern-Entrepreneur-Digital-Photo-Collage-2-768x614.png 768w, https:\/\/blogsaverroes.juntadeandalucia.es\/eisoldeportocarrero\/files\/2024\/02\/Blue-Modern-Entrepreneur-Digital-Photo-Collage-2-1536x1229.png 1536w, https:\/\/blogsaverroes.juntadeandalucia.es\/eisoldeportocarrero\/files\/2024\/02\/Blue-Modern-Entrepreneur-Digital-Photo-Collage-2.png 2000w\" sizes=\"(max-width: 640px) 100vw, 640px\" \/><\/a><\/div>\n","protected":false},"excerpt":{"rendered":"<p>D\u00cdA INTERNACIONAL DE INTERNET SEGURA Ayer , d\u00eda 6 de febrero, celebramos el &#8220;D\u00eda se seguridad en la red&#8221; con nuestros socios y socias europeos&hellip;<\/p>\n","protected":false},"author":13406,"featured_media":0,"comment_status":"open","ping_status":"open","sticky":false,"template":"","format":"standard","meta":{"ngg_post_thumbnail":0,"footnotes":""},"categories":[45],"tags":[],"aioseo_notices":[],"_links":{"self":[{"href":"https:\/\/blogsaverroes.juntadeandalucia.es\/eisoldeportocarrero\/wp-json\/wp\/v2\/posts\/1341"}],"collection":[{"href":"https:\/\/blogsaverroes.juntadeandalucia.es\/eisoldeportocarrero\/wp-json\/wp\/v2\/posts"}],"about":[{"href":"https:\/\/blogsaverroes.juntadeandalucia.es\/eisoldeportocarrero\/wp-json\/wp\/v2\/types\/post"}],"author":[{"embeddable":true,"href":"https:\/\/blogsaverroes.juntadeandalucia.es\/eisoldeportocarrero\/wp-json\/wp\/v2\/users\/13406"}],"replies":[{"embeddable":true,"href":"https:\/\/blogsaverroes.juntadeandalucia.es\/eisoldeportocarrero\/wp-json\/wp\/v2\/comments?post=1341"}],"version-history":[{"count":2,"href":"https:\/\/blogsaverroes.juntadeandalucia.es\/eisoldeportocarrero\/wp-json\/wp\/v2\/posts\/1341\/revisions"}],"predecessor-version":[{"id":1519,"href":"https:\/\/blogsaverroes.juntadeandalucia.es\/eisoldeportocarrero\/wp-json\/wp\/v2\/posts\/1341\/revisions\/1519"}],"wp:attachment":[{"href":"https:\/\/blogsaverroes.juntadeandalucia.es\/eisoldeportocarrero\/wp-json\/wp\/v2\/media?parent=1341"}],"wp:term":[{"taxonomy":"category","embeddable":true,"href":"https:\/\/blogsaverroes.juntadeandalucia.es\/eisoldeportocarrero\/wp-json\/wp\/v2\/categories?post=1341"},{"taxonomy":"post_tag","embeddable":true,"href":"https:\/\/blogsaverroes.juntadeandalucia.es\/eisoldeportocarrero\/wp-json\/wp\/v2\/tags?post=1341"}],"curies":[{"name":"wp","href":"https:\/\/api.w.org\/{rel}","templated":true}]}}