{"id":1378,"date":"2024-02-27T12:37:14","date_gmt":"2024-02-27T11:37:14","guid":{"rendered":"https:\/\/blogsaverroes.juntadeandalucia.es\/eisoldeportocarrero\/?p=1378"},"modified":"2024-02-27T12:37:14","modified_gmt":"2024-02-27T11:37:14","slug":"dia-de-andaalucia","status":"publish","type":"post","link":"https:\/\/blogsaverroes.juntadeandalucia.es\/eisoldeportocarrero\/dia-de-andaalucia\/","title":{"rendered":"D\u00eda de Andaaluc\u00eda"},"content":{"rendered":"<p>Mostramos un poco de nuestra celebraci\u00f3n del D\u00eda de Andaluc\u00eda. Agradecemos a nuestro AMPA Los Tulipanes, el desayuno andaluz.<\/p>\n<p>Feliz puente.<\/p>\n<div style=\"width: 480px;\" class=\"wp-video\"><!--[if lt IE 9]><script>document.createElement('video');<\/script><![endif]-->\n<video class=\"wp-video-shortcode\" id=\"video-1378-1\" width=\"480\" height=\"360\" preload=\"metadata\" controls=\"controls\"><source type=\"video\/mp4\" src=\"https:\/\/blogsaverroes.juntadeandalucia.es\/eisoldeportocarrero\/files\/2024\/02\/784090a8-ad2f-4c85-a3fc-f0c93d332735.mp4?_=1\" \/><a href=\"https:\/\/blogsaverroes.juntadeandalucia.es\/eisoldeportocarrero\/files\/2024\/02\/784090a8-ad2f-4c85-a3fc-f0c93d332735.mp4\">https:\/\/blogsaverroes.juntadeandalucia.es\/eisoldeportocarrero\/files\/2024\/02\/784090a8-ad2f-4c85-a3fc-f0c93d332735.mp4<\/a><\/video><\/div>\n","protected":false},"excerpt":{"rendered":"<p>Mostramos un poco de nuestra celebraci\u00f3n del D\u00eda de Andaluc\u00eda. Agradecemos a nuestro AMPA Los Tulipanes, el desayuno andaluz. Feliz puente.<\/p>\n","protected":false},"author":13406,"featured_media":0,"comment_status":"open","ping_status":"open","sticky":false,"template":"","format":"standard","meta":{"ngg_post_thumbnail":0,"footnotes":""},"categories":[45,50],"tags":[],"aioseo_notices":[],"_links":{"self":[{"href":"https:\/\/blogsaverroes.juntadeandalucia.es\/eisoldeportocarrero\/wp-json\/wp\/v2\/posts\/1378"}],"collection":[{"href":"https:\/\/blogsaverroes.juntadeandalucia.es\/eisoldeportocarrero\/wp-json\/wp\/v2\/posts"}],"about":[{"href":"https:\/\/blogsaverroes.juntadeandalucia.es\/eisoldeportocarrero\/wp-json\/wp\/v2\/types\/post"}],"author":[{"embeddable":true,"href":"https:\/\/blogsaverroes.juntadeandalucia.es\/eisoldeportocarrero\/wp-json\/wp\/v2\/users\/13406"}],"replies":[{"embeddable":true,"href":"https:\/\/blogsaverroes.juntadeandalucia.es\/eisoldeportocarrero\/wp-json\/wp\/v2\/comments?post=1378"}],"version-history":[{"count":1,"href":"https:\/\/blogsaverroes.juntadeandalucia.es\/eisoldeportocarrero\/wp-json\/wp\/v2\/posts\/1378\/revisions"}],"predecessor-version":[{"id":1380,"href":"https:\/\/blogsaverroes.juntadeandalucia.es\/eisoldeportocarrero\/wp-json\/wp\/v2\/posts\/1378\/revisions\/1380"}],"wp:attachment":[{"href":"https:\/\/blogsaverroes.juntadeandalucia.es\/eisoldeportocarrero\/wp-json\/wp\/v2\/media?parent=1378"}],"wp:term":[{"taxonomy":"category","embeddable":true,"href":"https:\/\/blogsaverroes.juntadeandalucia.es\/eisoldeportocarrero\/wp-json\/wp\/v2\/categories?post=1378"},{"taxonomy":"post_tag","embeddable":true,"href":"https:\/\/blogsaverroes.juntadeandalucia.es\/eisoldeportocarrero\/wp-json\/wp\/v2\/tags?post=1378"}],"curies":[{"name":"wp","href":"https:\/\/api.w.org\/{rel}","templated":true}]}}