{"id":1677,"date":"2025-01-27T13:17:52","date_gmt":"2025-01-27T12:17:52","guid":{"rendered":"https:\/\/blogsaverroes.juntadeandalucia.es\/eisoldeportocarrero\/?p=1677"},"modified":"2025-01-27T13:17:52","modified_gmt":"2025-01-27T12:17:52","slug":"contenedor-marron-en-el-centro","status":"publish","type":"post","link":"https:\/\/blogsaverroes.juntadeandalucia.es\/eisoldeportocarrero\/contenedor-marron-en-el-centro\/","title":{"rendered":"CONTENEDOR MARR\u00d3N EN EL CENTRO"},"content":{"rendered":"<p>Buenos d\u00edas familias!<\/p>\n<p>Esta ma\u00f1ana hemos recibido la visita de D. Bernardo Robles Fuentes, Concejal de Servicios P\u00fablicos Municipales de El Ejido y Pepe Pintor, que nos han hecho entrega de un nuevo contenedor para depositar los residuos de nuestros desayunos. De este modo, podemos encontrar un aprovechamiento a la basura que generamos.<\/p>\n<p><img loading=\"lazy\" decoding=\"async\" class=\"wp-image-1678 alignnone\" src=\"https:\/\/blogsaverroes.juntadeandalucia.es\/eisoldeportocarrero\/files\/2025\/01\/WhatsApp-Image-2025-01-27-at-12.58.27-768x1024.jpeg\" alt=\"\" width=\"376\" height=\"502\" srcset=\"https:\/\/blogsaverroes.juntadeandalucia.es\/eisoldeportocarrero\/files\/2025\/01\/WhatsApp-Image-2025-01-27-at-12.58.27-768x1024.jpeg 768w, https:\/\/blogsaverroes.juntadeandalucia.es\/eisoldeportocarrero\/files\/2025\/01\/WhatsApp-Image-2025-01-27-at-12.58.27-225x300.jpeg 225w, https:\/\/blogsaverroes.juntadeandalucia.es\/eisoldeportocarrero\/files\/2025\/01\/WhatsApp-Image-2025-01-27-at-12.58.27-1152x1536.jpeg 1152w, https:\/\/blogsaverroes.juntadeandalucia.es\/eisoldeportocarrero\/files\/2025\/01\/WhatsApp-Image-2025-01-27-at-12.58.27.jpeg 1200w\" sizes=\"(max-width: 376px) 100vw, 376px\" \/>&nbsp;<\/p>\n<p><img loading=\"lazy\" decoding=\"async\" class=\"wp-image-1681 alignleft\" src=\"https:\/\/blogsaverroes.juntadeandalucia.es\/eisoldeportocarrero\/files\/2025\/01\/cont.jpg\" alt=\"\" width=\"315\" height=\"339\" srcset=\"https:\/\/blogsaverroes.juntadeandalucia.es\/eisoldeportocarrero\/files\/2025\/01\/cont.jpg 440w, https:\/\/blogsaverroes.juntadeandalucia.es\/eisoldeportocarrero\/files\/2025\/01\/cont-278x300.jpg 278w\" sizes=\"(max-width: 315px) 100vw, 315px\" \/><\/p>\n","protected":false},"excerpt":{"rendered":"<p>Buenos d\u00edas familias! Esta ma\u00f1ana hemos recibido la visita de D. Bernardo Robles Fuentes, Concejal de Servicios P\u00fablicos Municipales de El Ejido y Pepe Pintor,&hellip;<\/p>\n","protected":false},"author":13406,"featured_media":0,"comment_status":"open","ping_status":"open","sticky":false,"template":"","format":"standard","meta":{"ngg_post_thumbnail":0,"footnotes":""},"categories":[45,20,18,50],"tags":[],"aioseo_notices":[],"_links":{"self":[{"href":"https:\/\/blogsaverroes.juntadeandalucia.es\/eisoldeportocarrero\/wp-json\/wp\/v2\/posts\/1677"}],"collection":[{"href":"https:\/\/blogsaverroes.juntadeandalucia.es\/eisoldeportocarrero\/wp-json\/wp\/v2\/posts"}],"about":[{"href":"https:\/\/blogsaverroes.juntadeandalucia.es\/eisoldeportocarrero\/wp-json\/wp\/v2\/types\/post"}],"author":[{"embeddable":true,"href":"https:\/\/blogsaverroes.juntadeandalucia.es\/eisoldeportocarrero\/wp-json\/wp\/v2\/users\/13406"}],"replies":[{"embeddable":true,"href":"https:\/\/blogsaverroes.juntadeandalucia.es\/eisoldeportocarrero\/wp-json\/wp\/v2\/comments?post=1677"}],"version-history":[{"count":1,"href":"https:\/\/blogsaverroes.juntadeandalucia.es\/eisoldeportocarrero\/wp-json\/wp\/v2\/posts\/1677\/revisions"}],"predecessor-version":[{"id":1682,"href":"https:\/\/blogsaverroes.juntadeandalucia.es\/eisoldeportocarrero\/wp-json\/wp\/v2\/posts\/1677\/revisions\/1682"}],"wp:attachment":[{"href":"https:\/\/blogsaverroes.juntadeandalucia.es\/eisoldeportocarrero\/wp-json\/wp\/v2\/media?parent=1677"}],"wp:term":[{"taxonomy":"category","embeddable":true,"href":"https:\/\/blogsaverroes.juntadeandalucia.es\/eisoldeportocarrero\/wp-json\/wp\/v2\/categories?post=1677"},{"taxonomy":"post_tag","embeddable":true,"href":"https:\/\/blogsaverroes.juntadeandalucia.es\/eisoldeportocarrero\/wp-json\/wp\/v2\/tags?post=1677"}],"curies":[{"name":"wp","href":"https:\/\/api.w.org\/{rel}","templated":true}]}}