{"id":333,"date":"2019-01-11T13:46:31","date_gmt":"2019-01-11T13:46:31","guid":{"rendered":"http:\/\/blogsaverroes.juntadeandalucia.es\/elblogdebiologiaderafael\/?p=333"},"modified":"2019-01-11T13:46:31","modified_gmt":"2019-01-11T13:46:31","slug":"rentabilidad_-proyecto-bianual-de-1o-nuestro-olivar-y-sus-problemas-medioambientales","status":"publish","type":"post","link":"https:\/\/blogsaverroes.juntadeandalucia.es\/elblogdebiologiaderafael\/2019\/01\/11\/rentabilidad_-proyecto-bianual-de-1o-nuestro-olivar-y-sus-problemas-medioambientales\/","title":{"rendered":"Rentabilidad_ Proyecto bianual de 1\u00ba: NUESTRO OLIVAR Y SUS PROBLEMAS MEDIOAMBIENTALES"},"content":{"rendered":"<p><a href=\"https:\/\/blogsaverroes.juntadeandalucia.es\/elblogdebiologiaderafael\/files\/2019\/01\/plantones-de-olivo.jpg\"><img loading=\"lazy\" decoding=\"async\" class=\"alignnone size-full wp-image-337\" src=\"https:\/\/blogsaverroes.juntadeandalucia.es\/elblogdebiologiaderafael\/files\/2019\/01\/plantones-de-olivo.jpg\" alt=\"\" width=\"200\" height=\"200\" srcset=\"https:\/\/blogsaverroes.juntadeandalucia.es\/elblogdebiologiaderafael\/files\/2019\/01\/plantones-de-olivo.jpg 200w, https:\/\/blogsaverroes.juntadeandalucia.es\/elblogdebiologiaderafael\/files\/2019\/01\/plantones-de-olivo-150x150.jpg 150w, https:\/\/blogsaverroes.juntadeandalucia.es\/elblogdebiologiaderafael\/files\/2019\/01\/plantones-de-olivo-100x100.jpg 100w, https:\/\/blogsaverroes.juntadeandalucia.es\/elblogdebiologiaderafael\/files\/2019\/01\/plantones-de-olivo-24x24.jpg 24w, https:\/\/blogsaverroes.juntadeandalucia.es\/elblogdebiologiaderafael\/files\/2019\/01\/plantones-de-olivo-36x36.jpg 36w, https:\/\/blogsaverroes.juntadeandalucia.es\/elblogdebiologiaderafael\/files\/2019\/01\/plantones-de-olivo-48x48.jpg 48w\" sizes=\"(max-width: 200px) 100vw, 200px\" \/><\/a><a href=\"https:\/\/blogsaverroes.juntadeandalucia.es\/elblogdebiologiaderafael\/files\/2019\/01\/mano-de-obra-olivar.jpg\"><img loading=\"lazy\" decoding=\"async\" class=\"alignnone size-full wp-image-338\" src=\"https:\/\/blogsaverroes.juntadeandalucia.es\/elblogdebiologiaderafael\/files\/2019\/01\/mano-de-obra-olivar.jpg\" alt=\"\" width=\"253\" height=\"180\" srcset=\"https:\/\/blogsaverroes.juntadeandalucia.es\/elblogdebiologiaderafael\/files\/2019\/01\/mano-de-obra-olivar.jpg 253w, https:\/\/blogsaverroes.juntadeandalucia.es\/elblogdebiologiaderafael\/files\/2019\/01\/mano-de-obra-olivar-24x17.jpg 24w, https:\/\/blogsaverroes.juntadeandalucia.es\/elblogdebiologiaderafael\/files\/2019\/01\/mano-de-obra-olivar-36x26.jpg 36w, https:\/\/blogsaverroes.juntadeandalucia.es\/elblogdebiologiaderafael\/files\/2019\/01\/mano-de-obra-olivar-48x34.jpg 48w\" sizes=\"(max-width: 253px) 100vw, 253px\" \/><\/a><a href=\"https:\/\/blogsaverroes.juntadeandalucia.es\/elblogdebiologiaderafael\/files\/2019\/01\/transporte-de-aceitunas.jpg\"><img loading=\"lazy\" decoding=\"async\" class=\"alignnone size-full wp-image-339\" src=\"https:\/\/blogsaverroes.juntadeandalucia.es\/elblogdebiologiaderafael\/files\/2019\/01\/transporte-de-aceitunas.jpg\" alt=\"\" width=\"206\" height=\"245\" srcset=\"https:\/\/blogsaverroes.juntadeandalucia.es\/elblogdebiologiaderafael\/files\/2019\/01\/transporte-de-aceitunas.jpg 206w, https:\/\/blogsaverroes.juntadeandalucia.es\/elblogdebiologiaderafael\/files\/2019\/01\/transporte-de-aceitunas-20x24.jpg 20w, https:\/\/blogsaverroes.juntadeandalucia.es\/elblogdebiologiaderafael\/files\/2019\/01\/transporte-de-aceitunas-30x36.jpg 30w, https:\/\/blogsaverroes.juntadeandalucia.es\/elblogdebiologiaderafael\/files\/2019\/01\/transporte-de-aceitunas-40x48.jpg 40w\" sizes=\"(max-width: 206px) 100vw, 206px\" \/><\/a><a href=\"https:\/\/blogsaverroes.juntadeandalucia.es\/elblogdebiologiaderafael\/files\/2019\/01\/combustible.jpg\"><\/a><a href=\"https:\/\/blogsaverroes.juntadeandalucia.es\/elblogdebiologiaderafael\/files\/2019\/01\/grada-de-discos.jpg\"><img loading=\"lazy\" decoding=\"async\" class=\"alignnone size-full wp-image-341\" src=\"https:\/\/blogsaverroes.juntadeandalucia.es\/elblogdebiologiaderafael\/files\/2019\/01\/grada-de-discos.jpg\" alt=\"\" width=\"259\" height=\"194\" srcset=\"https:\/\/blogsaverroes.juntadeandalucia.es\/elblogdebiologiaderafael\/files\/2019\/01\/grada-de-discos.jpg 259w, https:\/\/blogsaverroes.juntadeandalucia.es\/elblogdebiologiaderafael\/files\/2019\/01\/grada-de-discos-24x18.jpg 24w, https:\/\/blogsaverroes.juntadeandalucia.es\/elblogdebiologiaderafael\/files\/2019\/01\/grada-de-discos-36x27.jpg 36w, https:\/\/blogsaverroes.juntadeandalucia.es\/elblogdebiologiaderafael\/files\/2019\/01\/grada-de-discos-48x36.jpg 48w\" sizes=\"(max-width: 259px) 100vw, 259px\" \/><\/a><a href=\"https:\/\/blogsaverroes.juntadeandalucia.es\/elblogdebiologiaderafael\/files\/2019\/01\/combustible.jpg\"><img loading=\"lazy\" decoding=\"async\" class=\"alignnone  wp-image-342\" src=\"https:\/\/blogsaverroes.juntadeandalucia.es\/elblogdebiologiaderafael\/files\/2019\/01\/combustible.jpg\" alt=\"\" width=\"186\" height=\"122\" srcset=\"https:\/\/blogsaverroes.juntadeandalucia.es\/elblogdebiologiaderafael\/files\/2019\/01\/combustible.jpg 277w, https:\/\/blogsaverroes.juntadeandalucia.es\/elblogdebiologiaderafael\/files\/2019\/01\/combustible-24x16.jpg 24w, https:\/\/blogsaverroes.juntadeandalucia.es\/elblogdebiologiaderafael\/files\/2019\/01\/combustible-36x24.jpg 36w, https:\/\/blogsaverroes.juntadeandalucia.es\/elblogdebiologiaderafael\/files\/2019\/01\/combustible-48x32.jpg 48w\" sizes=\"(max-width: 186px) 100vw, 186px\" \/><\/a><a href=\"https:\/\/blogsaverroes.juntadeandalucia.es\/elblogdebiologiaderafael\/files\/2019\/01\/abonos-qu\u00edmicos.jpg\"><img loading=\"lazy\" decoding=\"async\" class=\"alignnone size-full wp-image-340\" src=\"https:\/\/blogsaverroes.juntadeandalucia.es\/elblogdebiologiaderafael\/files\/2019\/01\/abonos-qu\u00edmicos.jpg\" alt=\"\" width=\"225\" height=\"225\" srcset=\"https:\/\/blogsaverroes.juntadeandalucia.es\/elblogdebiologiaderafael\/files\/2019\/01\/abonos-qu\u00edmicos.jpg 225w, https:\/\/blogsaverroes.juntadeandalucia.es\/elblogdebiologiaderafael\/files\/2019\/01\/abonos-qu\u00edmicos-150x150.jpg 150w, https:\/\/blogsaverroes.juntadeandalucia.es\/elblogdebiologiaderafael\/files\/2019\/01\/abonos-qu\u00edmicos-100x100.jpg 100w, https:\/\/blogsaverroes.juntadeandalucia.es\/elblogdebiologiaderafael\/files\/2019\/01\/abonos-qu\u00edmicos-24x24.jpg 24w, https:\/\/blogsaverroes.juntadeandalucia.es\/elblogdebiologiaderafael\/files\/2019\/01\/abonos-qu\u00edmicos-36x36.jpg 36w, https:\/\/blogsaverroes.juntadeandalucia.es\/elblogdebiologiaderafael\/files\/2019\/01\/abonos-qu\u00edmicos-48x48.jpg 48w\" sizes=\"(max-width: 225px) 100vw, 225px\" \/><\/a><a href=\"https:\/\/blogsaverroes.juntadeandalucia.es\/elblogdebiologiaderafael\/files\/2019\/01\/fitosanitarios.jpg\"><img loading=\"lazy\" decoding=\"async\" class=\"alignnone size-medium wp-image-329\" src=\"https:\/\/blogsaverroes.juntadeandalucia.es\/elblogdebiologiaderafael\/files\/2019\/01\/fitosanitarios-300x168.jpg\" alt=\"\" width=\"300\" height=\"168\" srcset=\"https:\/\/blogsaverroes.juntadeandalucia.es\/elblogdebiologiaderafael\/files\/2019\/01\/fitosanitarios.jpg 300w, https:\/\/blogsaverroes.juntadeandalucia.es\/elblogdebiologiaderafael\/files\/2019\/01\/fitosanitarios-24x13.jpg 24w, https:\/\/blogsaverroes.juntadeandalucia.es\/elblogdebiologiaderafael\/files\/2019\/01\/fitosanitarios-36x20.jpg 36w, https:\/\/blogsaverroes.juntadeandalucia.es\/elblogdebiologiaderafael\/files\/2019\/01\/fitosanitarios-48x27.jpg 48w\" sizes=\"(max-width: 300px) 100vw, 300px\" \/><\/a><\/p>\n<p>El sistema agr\u00edcola actual est\u00e1 basado en el consumo de muchos insumos externos a la propia explotaci\u00f3n: fertilizantes, pesticidas, bombeo de agua de riego, semillas, maquinaria, transporte\u2026 todo esto son gastos que suponen una fuerte inversi\u00f3n econ\u00f3mica por parte de los agricultores.<\/p>\n<p><a href=\"https:\/\/blogsaverroes.juntadeandalucia.es\/elblogdebiologiaderafael\/files\/2019\/01\/abeja-con-m\u00e1scara.jpg\"><img loading=\"lazy\" decoding=\"async\" class=\"size-full wp-image-343 alignleft\" src=\"https:\/\/blogsaverroes.juntadeandalucia.es\/elblogdebiologiaderafael\/files\/2019\/01\/abeja-con-m\u00e1scara.jpg\" alt=\"\" width=\"259\" height=\"194\" srcset=\"https:\/\/blogsaverroes.juntadeandalucia.es\/elblogdebiologiaderafael\/files\/2019\/01\/abeja-con-m\u00e1scara.jpg 259w, https:\/\/blogsaverroes.juntadeandalucia.es\/elblogdebiologiaderafael\/files\/2019\/01\/abeja-con-m\u00e1scara-24x18.jpg 24w, https:\/\/blogsaverroes.juntadeandalucia.es\/elblogdebiologiaderafael\/files\/2019\/01\/abeja-con-m\u00e1scara-36x27.jpg 36w, https:\/\/blogsaverroes.juntadeandalucia.es\/elblogdebiologiaderafael\/files\/2019\/01\/abeja-con-m\u00e1scara-48x36.jpg 48w\" sizes=\"(max-width: 259px) 100vw, 259px\" \/><\/a>Sin embargo, son muchos otros los costes que genera este tipo de agricultura y que no se suelen contabilizar econ\u00f3micamente, pues no afectan directamente al sector agr\u00edcola. Nos referimos, por una parte a los gastos para la soluci\u00f3n de problemas ambientales (empobrecimiento del suelo, a la contaminaci\u00f3n de aguas, toxicidad\u2026) y por otra a los costes de tipo social (paro, despoblaci\u00f3n de zonas rurales, subvenciones a los agricultores, soluci\u00f3n a problemas de salud&#8230;)<\/p>\n<p>En definitiva, al valorar la rentabilidad econ\u00f3mica del sistema agr\u00edcola actual, habr\u00e1 que contabilizar no s\u00f3lo los gastos directos para el agricultor, sino tambi\u00e9n los costes ocultos derivados de la correcci\u00f3n o minimizaci\u00f3n de los problemas ambientales, del gasto de recursos no renovables como el petr\u00f3leo y de las acciones de apoyo y promoci\u00f3n al medio rural, cada vez m\u00e1s deteriorado desde el punto de vista social y ambiental.<\/p>\n<p>Realiza la siguiente ficha&nbsp; &nbsp;<a href=\"https:\/\/blogsaverroes.juntadeandalucia.es\/elblogdebiologiaderafael\/files\/2019\/01\/Ficha-4_1.docx\">Ficha 4_1<\/a> &nbsp;donde se compara la rentabilidad de la agricultura moderna (industrial) con la ecol\u00f3gica.&nbsp;<\/p>\n<p>&nbsp;<\/p>\n<p>&nbsp;<\/p>\n","protected":false},"excerpt":{"rendered":"<p>El sistema agr\u00edcola actual est\u00e1 basado en el consumo de muchos insumos externos a la propia explotaci\u00f3n: fertilizantes, pesticidas, bombeo de agua de riego, semillas, maquinaria, transporte\u2026 todo esto son gastos que suponen una&#46;&#46;&#46;<\/p>\n","protected":false},"author":4395,"featured_media":0,"comment_status":"open","ping_status":"open","sticky":false,"template":"","format":"standard","meta":{"ngg_post_thumbnail":0,"footnotes":""},"categories":[1104234],"tags":[],"aioseo_notices":[],"_links":{"self":[{"href":"https:\/\/blogsaverroes.juntadeandalucia.es\/elblogdebiologiaderafael\/wp-json\/wp\/v2\/posts\/333"}],"collection":[{"href":"https:\/\/blogsaverroes.juntadeandalucia.es\/elblogdebiologiaderafael\/wp-json\/wp\/v2\/posts"}],"about":[{"href":"https:\/\/blogsaverroes.juntadeandalucia.es\/elblogdebiologiaderafael\/wp-json\/wp\/v2\/types\/post"}],"author":[{"embeddable":true,"href":"https:\/\/blogsaverroes.juntadeandalucia.es\/elblogdebiologiaderafael\/wp-json\/wp\/v2\/users\/4395"}],"replies":[{"embeddable":true,"href":"https:\/\/blogsaverroes.juntadeandalucia.es\/elblogdebiologiaderafael\/wp-json\/wp\/v2\/comments?post=333"}],"version-history":[{"count":2,"href":"https:\/\/blogsaverroes.juntadeandalucia.es\/elblogdebiologiaderafael\/wp-json\/wp\/v2\/posts\/333\/revisions"}],"predecessor-version":[{"id":344,"href":"https:\/\/blogsaverroes.juntadeandalucia.es\/elblogdebiologiaderafael\/wp-json\/wp\/v2\/posts\/333\/revisions\/344"}],"wp:attachment":[{"href":"https:\/\/blogsaverroes.juntadeandalucia.es\/elblogdebiologiaderafael\/wp-json\/wp\/v2\/media?parent=333"}],"wp:term":[{"taxonomy":"category","embeddable":true,"href":"https:\/\/blogsaverroes.juntadeandalucia.es\/elblogdebiologiaderafael\/wp-json\/wp\/v2\/categories?post=333"},{"taxonomy":"post_tag","embeddable":true,"href":"https:\/\/blogsaverroes.juntadeandalucia.es\/elblogdebiologiaderafael\/wp-json\/wp\/v2\/tags?post=333"}],"curies":[{"name":"wp","href":"https:\/\/api.w.org\/{rel}","templated":true}]}}