{"id":355,"date":"2021-02-06T19:19:54","date_gmt":"2021-02-06T19:19:54","guid":{"rendered":"https:\/\/blogsaverroes.juntadeandalucia.es\/elblogdefrances\/?p=355"},"modified":"2021-02-06T20:44:34","modified_gmt":"2021-02-06T20:44:34","slug":"cest-la-chandeleur","status":"publish","type":"post","link":"https:\/\/blogsaverroes.juntadeandalucia.es\/elblogdefrances\/2021\/02\/06\/cest-la-chandeleur\/","title":{"rendered":"\u00a1C\u00b4est La Chandeleur!"},"content":{"rendered":"<p>El crepe es un orgullo culinario franc\u00e9s y la Chandeleur es el d\u00eda de los cr\u00eapes. Se celebra el d\u00eda 2 de febrero, 40 d\u00edas despu\u00e9s de Navidad.<\/p>\n<p>En este d\u00eda, se cocinan unos deliciosos&nbsp;<strong>cr\u00eapes&nbsp;<\/strong>para degustar en familia y amigos.<\/p>\n<p>&nbsp;<\/p>\n<h2 style=\"font-style: normal\"><img loading=\"lazy\" decoding=\"async\" class=\"aligncenter\" src=\"https:\/\/i-mom.unimedias.fr\/2020\/09\/16\/la-pate-a-crepes-vanillee.jpg?auto=format%2Ccompress&amp;crop=faces&amp;cs=tinysrgb&amp;fit=crop&amp;h=227&amp;w=405\" alt=\"La p\u00e2te \u00e0 cr\u00eapes vanill\u00e9e\" width=\"405\" height=\"227\"><\/h2>\n<h2>\u00bfDe d\u00f3nde viene esta tradici\u00f3n?<\/h2>\n<p>Se dice, que su origen se remonta a la \u00e9poca de los Romanos, se trata de una fiesta en honor al Dios Pan.<\/p>\n<div class=\"wp-block-image\">\n<figure class=\"alignleft size-large is-resized\"><img loading=\"lazy\" decoding=\"async\" class=\"wp-image-2614\" src=\"https:\/\/pequefranceses.files.wordpress.com\/2020\/02\/ib4jv5dg3hoo1-au5areocd0gio-1.gif?w=250\" alt=\"\" width=\"100\" height=\"120\" data-attachment-id=\"2614\" data-permalink=\"https:\/\/pequefranceses.com\/ib4jv5dg3hoo1-au5areocd0gio-1\/\" data-orig-file=\"https:\/\/pequefranceses.files.wordpress.com\/2020\/02\/ib4jv5dg3hoo1-au5areocd0gio-1.gif\" data-orig-size=\"250,300\" data-comments-opened=\"1\" data-image-meta=\"{&quot;aperture&quot;:&quot;0&quot;,&quot;credit&quot;:&quot;&quot;,&quot;camera&quot;:&quot;&quot;,&quot;caption&quot;:&quot;&quot;,&quot;created_timestamp&quot;:&quot;0&quot;,&quot;copyright&quot;:&quot;&quot;,&quot;focal_length&quot;:&quot;0&quot;,&quot;iso&quot;:&quot;0&quot;,&quot;shutter_speed&quot;:&quot;0&quot;,&quot;title&quot;:&quot;&quot;,&quot;orientation&quot;:&quot;0&quot;}\" data-image-title=\"ib4jv5dg3hoo1-au5areocd0gio-1\" data-image-description=\"\" data-medium-file=\"https:\/\/pequefranceses.files.wordpress.com\/2020\/02\/ib4jv5dg3hoo1-au5areocd0gio-1.gif?w=250\" data-large-file=\"https:\/\/pequefranceses.files.wordpress.com\/2020\/02\/ib4jv5dg3hoo1-au5areocd0gio-1.gif?w=250\"><\/figure>\n<\/div>\n<p>Todas las noches, los creyentes paseaban por las calles de Roma agitando sus antorchas. En el a\u00f1o 472, el Papa convirti\u00f3 esta tradici\u00f3n en una fiesta religiosa que celebraba la presentaci\u00f3n de Jes\u00fas en el templo a los 40 d\u00edas de Navidad.<\/p>\n<p>&nbsp;<\/p>\n<h2>\u00bfPor qu\u00e9 se comen cr\u00eapes?<\/h2>\n<p>Los cr\u00eapes, simbolizaban el regreso del sol tras largas noches de invierno. Y, supuestamente, el Papa mand\u00f3 repartir cr\u00eapes en la entrada de Roma a todos los peregrinos que llegaban hasta all\u00ed el d\u00eda 2 de febrero.<\/p>\n<h2>\u00bfConoces la receta?<\/h2>\n<p>Hay mil formas de cocinar cr\u00eapes y estos pueden ser dulces o salados. En Par\u00eds, la receta m\u00e1s tradicional es la de nutella et banane. \u00a1Mira el siguiente v\u00eddeo y aprende a cocinar la masa!&nbsp;\ud83d\ude42<\/p>\n<p>&nbsp;<\/p>\n<p><img loading=\"lazy\" decoding=\"async\" class=\"aligncenter\" src=\"https:\/\/liberteegalitecreativite.files.wordpress.com\/2021\/01\/crc38apes.jpg?w=1024\" width=\"383\" height=\"286\"><\/p>\n<p>Ici, une chanson pour f\u00cater La Chandeleur!<\/p>\n<p>\u00a1Juguemos y pong\u00e1monos a prueba con Bamboozle!<\/p>\n<p><a href=\"https:\/\/www.baamboozle.com\/game\/338841\">https:\/\/www.baamboozle.com\/game\/338841<\/a><\/p>\n<p>Une explication pour les \u00e9l\u00e8ves plus ag\u00e9es:<\/p>\n","protected":false},"excerpt":{"rendered":"<p>El crepe es un orgullo culinario franc\u00e9s y la Chandeleur es el d\u00eda de los cr\u00eapes. Se celebra el d\u00eda 2 de febrero, 40 d\u00edas despu\u00e9s de Navidad. En este d\u00eda, se cocinan unos&#46;&#46;&#46;<\/p>\n","protected":false},"author":10861,"featured_media":0,"comment_status":"open","ping_status":"open","sticky":false,"template":"","format":"standard","meta":{"ngg_post_thumbnail":0,"footnotes":""},"categories":[1],"tags":[],"aioseo_notices":[],"_links":{"self":[{"href":"https:\/\/blogsaverroes.juntadeandalucia.es\/elblogdefrances\/wp-json\/wp\/v2\/posts\/355"}],"collection":[{"href":"https:\/\/blogsaverroes.juntadeandalucia.es\/elblogdefrances\/wp-json\/wp\/v2\/posts"}],"about":[{"href":"https:\/\/blogsaverroes.juntadeandalucia.es\/elblogdefrances\/wp-json\/wp\/v2\/types\/post"}],"author":[{"embeddable":true,"href":"https:\/\/blogsaverroes.juntadeandalucia.es\/elblogdefrances\/wp-json\/wp\/v2\/users\/10861"}],"replies":[{"embeddable":true,"href":"https:\/\/blogsaverroes.juntadeandalucia.es\/elblogdefrances\/wp-json\/wp\/v2\/comments?post=355"}],"version-history":[{"count":5,"href":"https:\/\/blogsaverroes.juntadeandalucia.es\/elblogdefrances\/wp-json\/wp\/v2\/posts\/355\/revisions"}],"predecessor-version":[{"id":357,"href":"https:\/\/blogsaverroes.juntadeandalucia.es\/elblogdefrances\/wp-json\/wp\/v2\/posts\/355\/revisions\/357"}],"wp:attachment":[{"href":"https:\/\/blogsaverroes.juntadeandalucia.es\/elblogdefrances\/wp-json\/wp\/v2\/media?parent=355"}],"wp:term":[{"taxonomy":"category","embeddable":true,"href":"https:\/\/blogsaverroes.juntadeandalucia.es\/elblogdefrances\/wp-json\/wp\/v2\/categories?post=355"},{"taxonomy":"post_tag","embeddable":true,"href":"https:\/\/blogsaverroes.juntadeandalucia.es\/elblogdefrances\/wp-json\/wp\/v2\/tags?post=355"}],"curies":[{"name":"wp","href":"https:\/\/api.w.org\/{rel}","templated":true}]}}