{"id":707,"date":"2023-06-18T10:35:43","date_gmt":"2023-06-18T10:35:43","guid":{"rendered":"https:\/\/blogsaverroes.juntadeandalucia.es\/elblogdefrances\/?p=707"},"modified":"2023-06-20T07:58:41","modified_gmt":"2023-06-20T07:58:41","slug":"semana-cultural-2023-harry-potter","status":"publish","type":"post","link":"https:\/\/blogsaverroes.juntadeandalucia.es\/elblogdefrances\/2023\/06\/18\/semana-cultural-2023-harry-potter\/","title":{"rendered":"Semana Cultural 2023: Harry Potter!"},"content":{"rendered":"<p>\u00a1Bienvenidos a la \u00faltima semana del curso! Veamos de qu\u00e9 trata&#8230;<\/p>\n<p style=\"text-align: center\"><iframe loading=\"lazy\" src=\"\/\/www.youtube.com\/embed\/_ASEl_Ej3OY?t=22s\" width=\"536\" height=\"300\"><\/iframe><\/p>\n<ul>\n<li><strong>Comprensi\u00f3n lectora:<\/strong><\/li>\n<\/ul>\n<p><img loading=\"lazy\" decoding=\"async\" class=\"wp-image-708 aligncenter\" src=\"https:\/\/blogsaverroes.juntadeandalucia.es\/elblogdefrances\/files\/2023\/06\/Captura-de-pantalla-99-e1687084496802.png\" alt=\"\" width=\"444\" height=\"330\" srcset=\"https:\/\/blogsaverroes.juntadeandalucia.es\/elblogdefrances\/files\/2023\/06\/Captura-de-pantalla-99-e1687084496802.png 799w, https:\/\/blogsaverroes.juntadeandalucia.es\/elblogdefrances\/files\/2023\/06\/Captura-de-pantalla-99-e1687084496802-300x223.png 300w, https:\/\/blogsaverroes.juntadeandalucia.es\/elblogdefrances\/files\/2023\/06\/Captura-de-pantalla-99-e1687084496802-768x571.png 768w, https:\/\/blogsaverroes.juntadeandalucia.es\/elblogdefrances\/files\/2023\/06\/Captura-de-pantalla-99-e1687084496802-700x520.png 700w, https:\/\/blogsaverroes.juntadeandalucia.es\/elblogdefrances\/files\/2023\/06\/Captura-de-pantalla-99-e1687084496802-332x247.png 332w\" sizes=\"(max-width: 444px) 100vw, 444px\" \/><\/p>\n<p>&nbsp;<\/p>\n<p>Preguntas de comprensi\u00f3n oral:<\/p>\n<ul>\n<li>\u00bfC\u00f3mo se llama el protagonista de la pel\u00edcula?<\/li>\n<li>\u00bfPor qu\u00e9 Harry no era feliz en casa de sus t\u00edos?<\/li>\n<li>\u00bfC\u00f3mo se llamaba el gigante que lleg\u00f3 a su casa cuando Harry cumpli\u00f3 11 a\u00f1os?<\/li>\n<li>\u00bfQu\u00e9 cosas de magos compraron en las tiendas?<\/li>\n<li>\u00bfEN qu\u00e9 medio de transporte ten\u00eda que viajar Harry para llegar a Hogwarts?<\/li>\n<li>\u00bfC\u00f3mo se llamaba el and\u00e9n?<\/li>\n<li>\u00bfA qu\u00e9 tres amigos conoci\u00f3?<\/li>\n<li>\u00bfC\u00f3mo era Ron?<\/li>\n<li>\u00bfC\u00f3mo era Hermione?<\/li>\n<li>\u00bfLes ca\u00eda bien el profesor Dumbledore?<\/li>\n<\/ul>\n","protected":false},"excerpt":{"rendered":"<p>\u00a1Bienvenidos a la \u00faltima semana del curso! Veamos de qu\u00e9 trata&#8230; Comprensi\u00f3n lectora: &nbsp; Preguntas de comprensi\u00f3n oral: \u00bfC\u00f3mo se llama el protagonista de la pel\u00edcula? \u00bfPor qu\u00e9 Harry no era feliz en casa&#46;&#46;&#46;<\/p>\n","protected":false},"author":10861,"featured_media":0,"comment_status":"open","ping_status":"open","sticky":false,"template":"","format":"standard","meta":{"ngg_post_thumbnail":0,"footnotes":""},"categories":[1],"tags":[],"aioseo_notices":[],"_links":{"self":[{"href":"https:\/\/blogsaverroes.juntadeandalucia.es\/elblogdefrances\/wp-json\/wp\/v2\/posts\/707"}],"collection":[{"href":"https:\/\/blogsaverroes.juntadeandalucia.es\/elblogdefrances\/wp-json\/wp\/v2\/posts"}],"about":[{"href":"https:\/\/blogsaverroes.juntadeandalucia.es\/elblogdefrances\/wp-json\/wp\/v2\/types\/post"}],"author":[{"embeddable":true,"href":"https:\/\/blogsaverroes.juntadeandalucia.es\/elblogdefrances\/wp-json\/wp\/v2\/users\/10861"}],"replies":[{"embeddable":true,"href":"https:\/\/blogsaverroes.juntadeandalucia.es\/elblogdefrances\/wp-json\/wp\/v2\/comments?post=707"}],"version-history":[{"count":3,"href":"https:\/\/blogsaverroes.juntadeandalucia.es\/elblogdefrances\/wp-json\/wp\/v2\/posts\/707\/revisions"}],"predecessor-version":[{"id":711,"href":"https:\/\/blogsaverroes.juntadeandalucia.es\/elblogdefrances\/wp-json\/wp\/v2\/posts\/707\/revisions\/711"}],"wp:attachment":[{"href":"https:\/\/blogsaverroes.juntadeandalucia.es\/elblogdefrances\/wp-json\/wp\/v2\/media?parent=707"}],"wp:term":[{"taxonomy":"category","embeddable":true,"href":"https:\/\/blogsaverroes.juntadeandalucia.es\/elblogdefrances\/wp-json\/wp\/v2\/categories?post=707"},{"taxonomy":"post_tag","embeddable":true,"href":"https:\/\/blogsaverroes.juntadeandalucia.es\/elblogdefrances\/wp-json\/wp\/v2\/tags?post=707"}],"curies":[{"name":"wp","href":"https:\/\/api.w.org\/{rel}","templated":true}]}}