{"id":58,"date":"2018-07-24T10:16:00","date_gmt":"2018-07-24T10:16:00","guid":{"rendered":"https:\/\/blogsaverroes.juntadeandalucia.es\/elblogdefresno\/2018\/07\/24\/aplicacion-ipasen-para-el-seguimiento-del-alumnado\/"},"modified":"2019-01-03T12:50:39","modified_gmt":"2019-01-03T12:50:39","slug":"aplicacion-ipasen-para-el-seguimiento-del-alumnado","status":"publish","type":"post","link":"https:\/\/blogsaverroes.juntadeandalucia.es\/elblogdefresno\/2018\/07\/24\/aplicacion-ipasen-para-el-seguimiento-del-alumnado\/","title":{"rendered":"Aplicaci\u00f3n iPasen para el seguimiento del alumnado"},"content":{"rendered":"<p>En la ense\u00f1anza p\u00fablica andaluza se utilizan dos herramientas para la gesti\u00f3n y el seguimiento del alumnado, estas aplicaciones son: <b>iS\u00e9neca<\/b> e <b>iPasen<\/b>. Si la primera est\u00e1 orientada al <b>registro de actividades y seguimiento del alumnado<\/b> para el profesorado, la segunda est\u00e1 orientada para <b>padres, madres y tutores<\/b>. He realizado este peque\u00f1o tutorial con la finalidad de que conozcan la disponibilidad de la herramienta&nbsp; c\u00f3mo usarla.<\/p>\n<div style=\"clear: both;text-align: left\">[youtube https:\/\/www.youtube.com\/watch?v=Lt02ZPIbSoI?feature=player_embedded&#038;w=320&#038;h=266]<\/div>\n<p><\/p>\n","protected":false},"excerpt":{"rendered":"<p>En la ense\u00f1anza p\u00fablica andaluza se utilizan dos herramientas para la gesti\u00f3n y el seguimiento del alumnado, estas aplicaciones son: iS\u00e9neca e iPasen. Si la primera est\u00e1 orientada al registro de actividades y seguimiento del alumnado para el profesorado, la segunda est\u00e1 orientada para padres, madres y tutores. He realizado este peque\u00f1o tutorial con la &hellip; <a href=\"https:\/\/blogsaverroes.juntadeandalucia.es\/elblogdefresno\/2018\/07\/24\/aplicacion-ipasen-para-el-seguimiento-del-alumnado\/\" class=\"more-link\">Sigue leyendo <span class=\"screen-reader-text\">Aplicaci\u00f3n iPasen para el seguimiento del alumnado<\/span><\/a><\/p>\n","protected":false},"author":6893,"featured_media":0,"comment_status":"open","ping_status":"open","sticky":false,"template":"","format":"standard","meta":{"ngg_post_thumbnail":0,"footnotes":""},"categories":[1617516,1617921,307646],"tags":[],"aioseo_notices":[],"_links":{"self":[{"href":"https:\/\/blogsaverroes.juntadeandalucia.es\/elblogdefresno\/wp-json\/wp\/v2\/posts\/58"}],"collection":[{"href":"https:\/\/blogsaverroes.juntadeandalucia.es\/elblogdefresno\/wp-json\/wp\/v2\/posts"}],"about":[{"href":"https:\/\/blogsaverroes.juntadeandalucia.es\/elblogdefresno\/wp-json\/wp\/v2\/types\/post"}],"author":[{"embeddable":true,"href":"https:\/\/blogsaverroes.juntadeandalucia.es\/elblogdefresno\/wp-json\/wp\/v2\/users\/6893"}],"replies":[{"embeddable":true,"href":"https:\/\/blogsaverroes.juntadeandalucia.es\/elblogdefresno\/wp-json\/wp\/v2\/comments?post=58"}],"version-history":[{"count":1,"href":"https:\/\/blogsaverroes.juntadeandalucia.es\/elblogdefresno\/wp-json\/wp\/v2\/posts\/58\/revisions"}],"predecessor-version":[{"id":116,"href":"https:\/\/blogsaverroes.juntadeandalucia.es\/elblogdefresno\/wp-json\/wp\/v2\/posts\/58\/revisions\/116"}],"wp:attachment":[{"href":"https:\/\/blogsaverroes.juntadeandalucia.es\/elblogdefresno\/wp-json\/wp\/v2\/media?parent=58"}],"wp:term":[{"taxonomy":"category","embeddable":true,"href":"https:\/\/blogsaverroes.juntadeandalucia.es\/elblogdefresno\/wp-json\/wp\/v2\/categories?post=58"},{"taxonomy":"post_tag","embeddable":true,"href":"https:\/\/blogsaverroes.juntadeandalucia.es\/elblogdefresno\/wp-json\/wp\/v2\/tags?post=58"}],"curies":[{"name":"wp","href":"https:\/\/api.w.org\/{rel}","templated":true}]}}